{"id":204021,"date":"2026-09-05T19:10:12","date_gmt":"2026-09-05T19:10:12","guid":{"rendered":"https:\/\/www.europesays.com\/cz\/204021\/"},"modified":"2026-09-05T19:10:12","modified_gmt":"2026-09-05T19:10:12","slug":"na-vlastni-kuzi-vlakem-z-cech-pres-kodan-az-do-srdce-norskych-hor-a-zpet","status":"publish","type":"post","link":"https:\/\/www.europesays.com\/cz\/204021\/","title":{"rendered":"Na vlastn\u00ed k\u016f\u017ei: Vlakem z \u010cech p\u0159es Koda\u0148 a\u017e do srdce norsk\u00fdch hor a zp\u011bt"},"content":{"rendered":"<p>\n                                        N\u011bkdy pr\u00e1v\u011b zm\u011bna pl\u00e1nu p\u0159inese ta nejlep\u0161\u00ed m\u00edsta, nejkr\u00e1sn\u011bj\u0161\u00ed trat\u011b a z\u00e1\u017eitky, kter\u00e9 byste p\u016fvodn\u011b v\u016fbec ne\u010dekali.                                    <\/p>\n<p>Martin Kothera se letos v l\u00e9t\u011b vydal s kamar\u00e1dy vlakem z Kladna do norsk\u00fdch hor. Cestopis z putov\u00e1n\u00ed m\u016f\u017ee b\u00fdt zaj\u00edmavou inspirac\u00ed pro ty, kter\u00e9 l\u00e1k\u00e1 del\u0161\u00ed cesta vlakem nebo naopak p\u0159em\u00fd\u0161lej\u00ed o Norsku jako c\u00edli n\u011bkter\u00e9 ze sv\u00fdch dovolen\u00fdch. <\/p>\n<p>Po kr\u00e1tk\u00e9m rozm\u00fd\u0161len\u00ed jsme se rozhodli uskute\u010dnit n\u00e1\u0161 dal\u0161\u00ed dobrodru\u017en\u00fd v\u00fdlet do vzd\u00e1len\u011bj\u0161\u00edch kout\u016f Evropy. Tentokr\u00e1t padla volba na Norsko. Zem\u011b fjord\u016f, hor, ledovc\u016f a \u017eeleznic vedouc\u00edch n\u00e1dhernou krajinou n\u00e1s l\u00e1kala u\u017e del\u0161\u00ed dobu. P\u016fvodn\u011b jsme sice m\u011bli jen z\u00e1kladn\u00ed p\u0159edstavu o trase, ale stejn\u011b jako u v\u011bt\u0161iny na\u0161ich cest jsme v\u011bd\u011bli, \u017ee kone\u010dn\u00fd pl\u00e1n se pravd\u011bpodobn\u011b je\u0161t\u011b n\u011bkolikr\u00e1t zm\u011bn\u00ed.<\/p>\n<p>Jen\u017ee dostat se tam vlakem nebylo tentokr\u00e1t \u00fapln\u011b jednoduch\u00e9. Norsko je z \u010ceska p\u0159ece jen o n\u011bco d\u00e1l ne\u017e v\u011bt\u0161ina na\u0161ich p\u0159edchoz\u00edch cest a u\u017e samotn\u00e9 pl\u00e1nov\u00e1n\u00ed dopravy se uk\u00e1zalo jako mal\u00e1 logistick\u00e1 v\u00fdzva. \u010cekalo n\u00e1s n\u011bkolik zem\u00ed, dlouh\u00e9 p\u0159ejezdy, nejistota kolem j\u00edzdenek a tak\u00e9 ot\u00e1zka, kam vlastn\u011b v Norsku pojedeme, proto\u017ee p\u016fvodn\u00ed pl\u00e1n se m\u011bl je\u0161t\u011b v\u00fdrazn\u011b zm\u011bnit.<\/p>\n<p>Cesta do Kodan\u011b<\/p>\n<p>P\u0159ibli\u017en\u011b 14 dn\u00ed p\u0159ed odjezdem se sna\u017e\u00edme koupit j\u00edzdenky na spojen\u00ed Praha \u2013 Koda\u0148 s p\u0159estupem v Hamburku. P\u0159\u00edm\u00e9 vlaky byly v t\u00e9 dob\u011b pozastaven\u00e9 a bohu\u017eel ani p\u0159es aplikaci\u00a0 M\u016fj vlak nebylo mo\u017en\u00e9 celou cestu jednodu\u0161e zakoupit. Nakonec se vyd\u00e1v\u00e1me na mezin\u00e1rodn\u00ed pokladnu. Tam se n\u00e1m nakonec poda\u0159\u00ed j\u00edzdenky koupit, ov\u0161em s jedn\u00edm probl\u00e9mem \u2013 bez m\u00edstenky na vlak z Hamburku do Kodan\u011b. Dost\u00e1v\u00e1me upozorn\u011bn\u00ed, \u017ee tuto situaci budeme muset vy\u0159e\u0161it a\u017e v Hamburku.\u00a0 N\u011bjak to dopadne.<\/p>\n<p>Na\u0161e cesta za\u010d\u00edn\u00e1 ji\u017e tradi\u010dn\u011b. Nased\u00e1me na vlak z Kladna do Prahy a ve 22:41 vyr\u00e1\u017e\u00edme sm\u011brem do hlavn\u00edho m\u011bsta. N\u00e1sleduje p\u0159estup na metro a p\u0159esun na n\u00e1stupi\u0161t\u011b pra\u017esk\u00e9ho hlavn\u00edho n\u00e1dra\u017e\u00ed. Je pozdn\u00ed ve\u010der a p\u0159ed n\u00e1mi je prvn\u00ed dlouh\u00e1 noc na cest\u011b. Zat\u00edm m\u00e1me jasn\u00fd pl\u00e1n \u2013 dostat se p\u0159es N\u011bmecko do Kodan\u011b a odtud pokra\u010dovat d\u00e1l na sever. Jak p\u0159esn\u011b bude na\u0161e cesta po Skandin\u00e1vii vypadat, se ale uk\u00e1\u017ee a\u017e v n\u00e1sleduj\u00edc\u00edch dnech.<br \/>N\u00e1\u0161 vlak RJ 478 Berliner odj\u00ed\u017ed\u00ed se sedmiminutov\u00fdm zpo\u017ed\u011bn\u00edm. Prob\u00edh\u00e1 prvn\u00ed kontrola j\u00edzdenek a n\u011bkde za \u00dast\u00edm nad Labem us\u00edn\u00e1me.<\/p>\n<p>Probouz\u00edme se a\u017e p\u0159i n\u011bmeck\u00e9 kontrole j\u00edzdenek, p\u0159ibli\u017en\u011b v polovin\u011b cesty mezi Berl\u00ednem a Hamburkem. Cesta kr\u00e1sn\u011b utekla a my u\u017e m\u00ed\u0159\u00edme vst\u0159\u00edc hanzovn\u00edmu m\u011bstu Hamburku. S m\u00edrn\u00fdm zpo\u017ed\u011bn\u00edm p\u0159ij\u00ed\u017ed\u00edme do Hamburku, respektive do stanice Hamburg-Harburg.<\/p>\n<p>M\u00e1me p\u0159ibli\u017en\u011b t\u0159i hodiny \u010dasu, a tak kupujeme j\u00edzdenku na S-Bahn za 2,10 eura a vyr\u00e1\u017e\u00edme do centra. Prohl\u00ed\u017e\u00edme si m\u011bsto a po kr\u00e1tk\u00e9 n\u00e1v\u0161t\u011bv\u011b Hamburku se S-Bahn vrac\u00edme zp\u011bt do stanice Hamburg-Harburg. T\u0159i hodiny sice nejsou na tak velk\u00e9 m\u011bsto mnoho, ale alespo\u0148<br \/>m\u00e1me mo\u017enost se proj\u00edt centrem a trochu se prot\u00e1hnout po no\u010dn\u00ed cest\u011b vlakem.<\/p>\n<p>Pr\u00e1v\u011b tam ale zji\u0161\u0165ujeme nep\u0159\u00edjemnou zpr\u00e1vu. N\u00e1\u0161 vlak EC 1196 v 11:56 do Kodan\u011b byl bez n\u00e1hrady zru\u0161en. Jdeme proto na informace, kde se dozv\u00edd\u00e1me, \u017ee m\u00e1me jet dal\u0161\u00edm vlakem ve 13:08. M\u00edstenky u\u017e podle v\u0161eho nem\u00e1 cenu \u0159e\u0161it \u2013 vlak bude pravd\u011bpodobn\u011b p\u0159epln\u011bn\u00fd. Ne\u010dekan\u011b z\u00edskan\u00fd \u010das proto v\u011bnujeme n\u00e1v\u0161t\u011bv\u011b supermarketu a dopln\u011bn\u00ed z\u00e1sob na dal\u0161\u00ed cestu.<\/p>\n<p>Po n\u011bkolika hodin\u00e1ch cestov\u00e1n\u00ed se z\u00e1soby rozhodn\u011b hod\u00ed a z\u00e1rove\u0148 m\u00e1me alespo\u0148 chv\u00edli \u010dasu si odpo\u010dinout p\u0159ed dal\u0161\u00ed dlouhou j\u00edzdou. N\u00e1\u0161 dal\u0161\u00ed vlak RJ 13464, veden\u00fd soupravou \u010cesk\u00fdch drah, nakonec odj\u00ed\u017ed\u00ed s p\u0159ibli\u017en\u011b patn\u00e1ctiminutov\u00fdm zpo\u017ed\u011bn\u00edm. Podle o\u010dek\u00e1v\u00e1n\u00ed je \u00fapln\u011b pln\u00fd. Lid\u00e9 stoj\u00ed dokonce i v uli\u010dk\u00e1ch.<\/p>\n<p>Rychle proto vol\u00edme vlastn\u00ed taktiku. P\u0159esouv\u00e1me se do j\u00eddeln\u00edho vozu, kde nakonec tr\u00e1v\u00edme prakticky celou cestu. D\u00e1v\u00e1me se do \u0159e\u010di s \u010deskou obsluhou a cesta tak ut\u00edk\u00e1 mnohem p\u0159\u00edjemn\u011bji, ne\u017e bychom v p\u0159epln\u011bn\u00e9m vlaku \u010dekali. Nakonec se z p\u016fvodn\u011b nep\u0159\u00edjemn\u00e9 situace st\u00e1v\u00e1 docela zaj\u00edmav\u00e1 \u010d\u00e1st cesty. M\u00edsto n\u011bkolikahodinov\u00e9ho st\u00e1n\u00ed v uli\u010dce m\u00e1me alespo\u0148 kde sed\u011bt a sledovat krajinu ub\u00edhaj\u00edc\u00ed za okny.<\/p>\n<p>Vrcholem t\u00e9to \u010d\u00e1sti cesty je ur\u010dit\u011b p\u0159ejezd Kielsk\u00e9ho pr\u016fplavu, kter\u00fd tra\u0165 p\u0159ekon\u00e1v\u00e1 po vysok\u00e9m most\u011b. Hned pot\u00e9 n\u00e1sleduje dal\u0161\u00ed \u017eelezni\u010dn\u00ed zaj\u00edmavost \u2013 ve m\u011bst\u011b Rendsburg vlak proj\u00ed\u017ed\u00ed rozs\u00e1hlou smy\u010dkou, kter\u00e1 se prakticky oto\u010d\u00ed o 360 stup\u0148\u016f, aby p\u0159ekonal v\u00fd\u0161kov\u00fd<br \/>rozd\u00edl mezi mostem a okoln\u00ed trat\u00ed. Pr\u00e1v\u011b tady si za\u010d\u00edn\u00e1me naplno uv\u011bdomovat, \u017ee samotn\u00e1 cesta vlakem m\u016f\u017ee b\u00fdt \u010dasto stejn\u011b zaj\u00edmav\u00e1 jako c\u00edlov\u00e9 m\u00edsto.<\/p>\n<p>V pohrani\u010dn\u00ed stanici Padborg \u010dek\u00e1me p\u0159ibli\u017en\u011b 15 minut, proto\u017ee doch\u00e1z\u00ed k v\u00fdm\u011bn\u011b strojvedouc\u00edho. Pot\u00e9 pokra\u010dujeme d\u00e1l na sever. Za hranic\u00ed u\u017e je zn\u00e1t, \u017ee se postupn\u011b dost\u00e1v\u00e1me do Skandin\u00e1vie. Asi s t\u0159icetiminutov\u00fdm zpo\u017ed\u011bn\u00edm kone\u010dn\u011b vj\u00ed\u017ed\u00edme do Kodan\u011b. P\u0159ij\u00ed\u017ed\u00edme na kr\u00e1sn\u00e9 hlavn\u00ed<br \/>n\u00e1dra\u017e\u00ed K\u00f8benhavn H, kter\u00e9 n\u00e1s okam\u017eit\u011b zaujme svou d\u0159ev\u011bnou st\u0159echou.<\/p>\n<p>Vych\u00e1z\u00edme z n\u00e1dra\u017e\u00ed a p\u011b\u0161\u00ed z\u00f3nou pulsuj\u00edc\u00ed d\u00e1nsk\u00e9 metropole m\u00ed\u0159\u00edme k na\u0161emu ubytov\u00e1n\u00ed. Odkl\u00e1d\u00e1me batohy a je\u0161t\u011b vyr\u00e1\u017e\u00edme do m\u011bsta. P\u0159esto\u017ee u\u017e m\u00e1me za sebou dlouhou cestu, nechce se n\u00e1m prvn\u00ed ve\u010der jen zav\u0159\u00edt na pokoji. Koda\u0148 \u017eije i ve\u010der a my chceme alespo\u0148 na chv\u00edli nas\u00e1t atmosf\u00e9ru m\u011bsta, kter\u00e9 bude na\u0161\u00ed prvn\u00ed skute\u010dnou zast\u00e1vkou na severu. Dom\u016f \u2013 tedy tentokr\u00e1t alespo\u0148 do na\u0161eho do\u010dasn\u00e9ho ubytov\u00e1n\u00ed \u2013 se vrac\u00edme p\u0159ibli\u017en\u011b v p\u016fl dvan\u00e1ct\u00e9. A jde se sp\u00e1t.<\/p>\n<p>R\u00e1no vst\u00e1v\u00e1me p\u0159ibli\u017en\u011b v p\u016fl osm\u00e9 a znovu vyr\u00e1\u017e\u00edme objevovat kr\u00e1sy Kodan\u011b. Po ob\u011bd\u011b ale p\u0159ich\u00e1z\u00ed d\u016fle\u017eit\u00e1 \u010d\u00e1st dne \u2013 bojov\u00e1 porada, co bude d\u00e1l.<br \/>Za\u010d\u00edn\u00e1me zji\u0161\u0165ovat mo\u017enosti dal\u0161\u00ed cesty a rychle se potvrzuje zn\u00e1m\u00e1 v\u011bc: ceny j\u00edzdenek se v\u00fdrazn\u011b li\u0161\u00ed podle toho, jak dlouho dop\u0159edu je kupujeme.<\/p>\n<p>Oslo \u2013 Bergen vyprod\u00e1no<\/p>\n<p>Nakonec p\u0159es aplikaci norsk\u00fdch drah kupujeme rann\u00ed vlak na n\u00e1sleduj\u00edc\u00ed den z Malm\u00f6 do Osla za 694,50 norsk\u00fdch korun. To pova\u017eujeme za velmi dobrou cenu, proto\u017ee jin\u00e9 spoje se pohybuj\u00ed p\u0159ibli\u017en\u011b okolo 1 300 norsk\u00fdch korun. M\u00e1 to jen jednu nev\u00fdhodu \u2013 pojedeme velmi brzy r\u00e1no. Bud\u00edk tak bude muset zazvonit hodn\u011b brzo. To n\u00e1m ale v\u016fbec nevad\u00ed. Mnohem nep\u0159\u00edjemn\u011bj\u0161\u00ed je dal\u0161\u00ed zji\u0161t\u011bn\u00ed.<\/p>\n<p>Vlaky Oslo \u2013 Bergen, krom\u011b no\u010dn\u00edch spoj\u016f, jsou kompletn\u011b vyprodan\u00e9. Pozd\u011bji jsme zjistili, \u017ee vzhledem k obl\u00edbenosti t\u00e9to trasy to vlastn\u011b<br \/>nebylo a\u017e tak p\u0159ekvapiv\u00e9. Pr\u00e1v\u011b Bergenbahn p\u0159itom byla jedn\u00edm z hlavn\u00edch d\u016fvod\u016f, pro\u010d jsme se do Norska cht\u011bli vydat. P\u0159edstava, \u017ee se n\u00e1m nepoda\u0159\u00ed projet jednu z nejzn\u00e1m\u011bj\u0161\u00edch evropsk\u00fdch \u017eelezni\u010dn\u00edch trat\u00ed, n\u00e1s proto zrovna nepot\u011b\u0161ila. \u00a0Mus\u00edme upravit pl\u00e1n.<\/p>\n<p>A pr\u00e1v\u011b tady za\u010d\u00edn\u00e1 na\u0161e cesta nab\u00edrat trochu jin\u00fd sm\u011br, ne\u017e jsme p\u016fvodn\u011b zam\u00fd\u0161leli. Cesta do Osla v\u0161ak z\u016fst\u00e1v\u00e1 sou\u010d\u00e1st\u00ed pl\u00e1nu. Co bude n\u00e1sledovat potom, zat\u00edm \u00fapln\u011b nev\u00edme. M\u00e1me jen n\u011bkolik hodin na to, abychom vymysleli novou trasu a na\u0161li spoje, kter\u00e9 n\u00e1s dostanou co<br \/>nejbl\u00ed\u017ee k norsk\u00fdm hor\u00e1m.<\/p>\n<p>P\u0159es \u0160v\u00e9dsko do Norska<\/p>\n<p>Pomalu se p\u0159esouv\u00e1me na n\u00e1dra\u017e\u00ed a S-Bahnem jedeme zp\u011bt na hlavn\u00ed n\u00e1dra\u017e\u00ed v Kodani. Tam kupujeme j\u00edzdenky do \u0161v\u00e9dsk\u00e9ho Lundu za 109 d\u00e1nsk\u00fdch korun.<\/p>\n<p>Norsko je sice st\u00e1le na\u0161\u00edm hlavn\u00edm c\u00edlem, ale ne\u017e se do n\u011bj dostaneme, \u010dek\u00e1 n\u00e1s je\u0161t\u011b dal\u0161\u00ed zem\u011b, dal\u0161\u00ed m\u011bsta, prvn\u00ed noc ve stanu a dlouh\u00e1 cesta p\u0159es ji\u017en\u00ed \u0160v\u00e9dsko. Ve 14:29 nastupujeme do vlaku sm\u011br G\u00f6teborg. U\u017e po patn\u00e1cti minut\u00e1ch j\u00edzdy p\u0159ekra\u010dujeme \u00d6resund. Nejprve proj\u00ed\u017ed\u00edme tunelem a n\u00e1sledn\u011b se vlak dost\u00e1v\u00e1 na most, odkud se otev\u00edraj\u00ed kr\u00e1sn\u00e9 v\u00fdhledy na mo\u0159e a okoln\u00ed pob\u0159e\u017e\u00ed. B\u011bhem n\u011bkolika minut tak nech\u00e1v\u00e1me D\u00e1nsko za<br \/>sebou a vj\u00ed\u017ed\u00edme do t\u0159et\u00ed zem\u011b na\u0161\u00ed cesty. V 15:10 p\u0159ij\u00ed\u017ed\u00edme do podzemn\u00ed \u010d\u00e1sti stanice Malm\u00f6 C. Na horn\u00edm n\u00e1dra\u017e\u00ed u\u017e \u010dekaj\u00ed vlaky sm\u011br Oslo a Stockholm, ale my zat\u00edm vyr\u00e1\u017e\u00edme do centra.<\/p>\n<p>Proch\u00e1z\u00edme hlavn\u00ed n\u00e1m\u011bst\u00ed, m\u00edstn\u00ed park a m\u00ed\u0159\u00edme tak\u00e9 k Malm\u00f6husu, historick\u00e9mu hradu, kter\u00fd pat\u0159\u00ed mezi hlavn\u00ed pam\u00e1tky m\u011bsta. Na del\u0161\u00ed prohl\u00eddku sice nem\u00e1me mnoho \u010dasu, ale i b\u011bhem n\u011bkolika hodin si dok\u00e1\u017eeme ud\u011blat alespo\u0148 z\u00e1kladn\u00ed p\u0159edstavu o m\u011bst\u011b. Po prohl\u00eddce se\u00a0 vrac\u00edme zp\u011bt na n\u00e1dra\u017e\u00ed, odkud n\u00e1m v 18:24 odj\u00ed\u017ed\u00ed p\u0159\u00edm\u011bstsk\u00fd vlak P\u00e5gat\u00e5g sm\u011brem do univerzitn\u00edho m\u011bsta Lund.<\/p>\n<p>Vystupujeme ve stanici Klosterg\u00e5rden na okraji m\u011bsta Lund, kde rozbalujeme stan nedaleko \u017eelezni\u010dn\u00ed stanice. Je to prvn\u00ed noc na\u0161\u00ed cesty, kterou netr\u00e1v\u00edme pod st\u0159echou, ale ve stanu. Po dlouh\u00e9m dni u\u017e ale nepot\u0159ebujeme nic v\u00edc ne\u017e naj\u00edt vhodn\u00e9 m\u00edsto, postavit stan a na chv\u00edli si<br \/>odpo\u010dinout. Z\u00edtra n\u00e1s \u010dek\u00e1 brzk\u00e9 vst\u00e1v\u00e1n\u00ed a dlouh\u00e1 cesta do Norska, tak\u017ee tentokr\u00e1t jdeme sp\u00e1t opravdu brzy.<\/p>\n<p>V 5:50 zvon\u00ed bud\u00edk. Bal\u00edme stan a vyr\u00e1\u017e\u00edme p\u0159ibli\u017en\u011b t\u0159icet minut p\u011b\u0161ky na n\u00e1dra\u017e\u00ed Lund C, odkud n\u00e1m v 6:48 odj\u00ed\u017ed\u00ed vlak sm\u011br\u00a0 Oslo. Rann\u00ed m\u011bsto je je\u0161t\u011b t\u00e9m\u011b\u0159 pr\u00e1zdn\u00e9 a my s batohy na z\u00e1dech m\u00ed\u0159\u00edme na n\u00e1dra\u017e\u00ed s jedinou my\u0161lenkou \u2013 dnes se kone\u010dn\u011b dostaneme do Norska.<\/p>\n<p>N\u00e1\u0161 vlak z Malm\u00f6 do Osla, do kter\u00e9ho nastupujeme v Lundu, je veden dv\u011bma spojen\u00fdmi soupravami Stadler FLIRT, m\u00e1 nakonec asi t\u0159icetiminutov\u00e9 zpo\u017ed\u011bn\u00ed, ale alespo\u0148 je t\u00e9m\u011b\u0159 pr\u00e1zdn\u00fd. P\u0159esto\u017ee tra\u0165 umo\u017e\u0148uje rychlost a\u017e 200 km\/h, v\u011bt\u0161inu cesty jedeme stabiln\u00ed rychlost\u00ed okolo 180 km\/h.<\/p>\n<p>Proj\u00ed\u017ed\u00edme rovinatou krajinou ji\u017en\u00edho \u0160v\u00e9dska, kde se st\u0159\u00eddaj\u00ed pole, rem\u00edzky a lesy. S p\u0159ibli\u017en\u011b hodinov\u00fdm zpo\u017ed\u011bn\u00edm p\u0159ij\u00ed\u017ed\u00edme do hlavov\u00e9 stanice G\u00f6teborg. Strojvedouc\u00ed p\u0159ech\u00e1z\u00ed na opa\u010dn\u00fd konec soupravy a my pokra\u010dujeme d\u00e1l sm\u011brem k norsk\u00e9 hranici. Za G\u00f6teborgem postupn\u011b p\u0159ib\u00fdv\u00e1 les\u016f. Krajina se m\u011bn\u00ed, p\u0159ib\u00fdvaj\u00ed jezera a za Dals Rostock u\u017e proj\u00ed\u017ed\u00edme zalesn\u011bn\u00fdmi kopci, kter\u00e9 jsou p\u0159edzv\u011bst\u00ed toho, co n\u00e1s \u010dek\u00e1 v Norsku. Rovina<br \/>ji\u017en\u00edho \u0160v\u00e9dska pomalu miz\u00ed a okoln\u00ed krajina za\u010d\u00edn\u00e1 b\u00fdt st\u00e1le divo\u010dej\u0161\u00ed.<\/p>\n<p>V prvn\u00ed norsk\u00e9 stanici n\u00e1sleduje v\u00fdm\u011bna strojvedouc\u00edho. Pot\u00e9 u\u017e pokra\u010dujeme posledn\u00ed \u010d\u00e1st\u00ed cesty sm\u011brem k norsk\u00e9mu hlavn\u00edmu m\u011bstu. Po n\u011bkolika dnech cestov\u00e1n\u00ed p\u0159es \u010cesko, N\u011bmecko, D\u00e1nsko a \u0160v\u00e9dsko kone\u010dn\u011b p\u0159ekra\u010dujeme hranici zem\u011b, kter\u00e1 byla hlavn\u00edm c\u00edlem cel\u00e9 na\u0161\u00ed v\u00fdpravy.<\/p>\n<p>Oslo a cesta do norsk\u00fdch hor<\/p>\n<p>Do Osla p\u0159ij\u00ed\u017ed\u00edme ve 13:45. Ve vlaku nebylo mo\u017en\u00e9 koupit prakticky nic k j\u00eddlu, pouze k\u00e1vu a \u010daj zdarma. Po p\u0159\u00edjezdu do Osla proto nejprve vyr\u00e1\u017e\u00edme na ob\u011bd a pot\u00e9 za\u010d\u00edn\u00e1me objevovat kr\u00e1sy norsk\u00e9ho hlavn\u00edho m\u011bsta. Po dlouh\u00e9 cest\u011b p\u0159es ji\u017en\u00ed \u0160v\u00e9dsko je p\u0159\u00edjemn\u00e9 kone\u010dn\u011b na chv\u00edli odlo\u017eit batohy a proj\u00edt se m\u011bstem po vlastn\u00edch.<\/p>\n<p>Proch\u00e1z\u00edme kolem hradu a radnice, ale skute\u010dn\u00fd vrchol dne n\u00e1s teprve \u010dek\u00e1. A to doslova. T\u00edm hlavn\u00edm z\u00e1\u017eitkem se pro n\u00e1s st\u00e1v\u00e1 \u201ehorsk\u00e1\u201c linka metra \u010d\u00edslo 1 sm\u011brem na Frognerseteren. Zpo\u010d\u00e1tku se zd\u00e1, \u017ee p\u016fjde o \u00fapln\u011b oby\u010dejnou j\u00edzdu metrem. Tunel, stanice, dal\u0161\u00ed tunel \u2013 nic zvl\u00e1\u0161tn\u00edho. Jen\u017ee za centrem m\u011bsta souprava vyj\u00ed\u017ed\u00ed na povrch a za\u010d\u00edn\u00e1 prudce stoupat do kopc\u016f.<\/p>\n<p>Po dal\u0161\u00edch patn\u00e1cti minut\u00e1ch j\u00edzdy u\u017e m\u00e1me pocit, \u017ee nejedeme metrem, ale horskou \u017eeleznic\u00ed n\u011bkde ve \u0160v\u00fdcarsku. Postupn\u011b se otev\u00edr\u00e1 n\u00e1dhern\u00fd v\u00fdhled na Oslofjord a \u00fapln\u011b na z\u00e1v\u011br se p\u0159ed n\u00e1mi objevuje pohled sm\u011brem na severoz\u00e1pad, kde krajina trochu p\u0159ipom\u00edn\u00e1 divokou<br \/>\u0160umavu.<\/p>\n<p>Pro n\u00e1s jednozna\u010dn\u011b nejkr\u00e1sn\u011bj\u0161\u00ed linka metra na sv\u011bt\u011b. Prost\u011b Norsko. A p\u0159itom jsme st\u00e1le jen n\u011bkolik minut j\u00edzdy od centra hlavn\u00edho m\u011bsta. Pr\u00e1v\u011b tenhle kontrast mezi velkom\u011bstem a t\u00e9m\u011b\u0159 horskou krajinou n\u00e1s na Oslu okam\u017eit\u011b zaujal.<\/p>\n<p>Na kone\u010dn\u00e9 vystupujeme a pokra\u010dujeme je\u0161t\u011b asi o sto v\u00fd\u0161kov\u00fdch metr\u016f v\u00fd\u0161e do oblasti\u00a0 zimn\u00edho st\u0159ediska, kde m\u00e1me v pl\u00e1nu p\u0159enocovat ve stanu. Nadmo\u0159sk\u00e1 v\u00fd\u0161ka p\u0159es 500 metr\u016f je zn\u00e1t a ve\u010der se v\u00fdrazn\u011b ochlazuje. Po tepl\u00e9m dni ve m\u011bst\u011b p\u0159ich\u00e1z\u00ed rychl\u00e1 zm\u011bna. Obl\u00e9k\u00e1me dal\u0161\u00ed vrstvy a p\u0159ipravujeme se na prvn\u00ed opravdu chladnou noc cel\u00e9 cesty.<\/p>\n<p>R\u00e1no vst\u00e1v\u00e1me v sedm hodin, sn\u00edd\u00e1me a vrac\u00edme se zp\u011bt k metru. Cestou se je\u0161t\u011b zastavujeme u skokansk\u00e9ho m\u016fstku Holmenkollen. I odtud se otev\u00edr\u00e1 dal\u0161\u00ed kr\u00e1sn\u00fd pohled na Oslo a okoln\u00ed krajinu. Pot\u00e9 se naposledy proch\u00e1z\u00edme hlavn\u00ed t\u0159\u00eddou, kupujeme sva\u010diny a m\u00ed\u0159\u00edme na hlavn\u00ed<br \/>n\u00e1dra\u017e\u00ed.<\/p>\n<p>Na sever sm\u011br Trondheim<\/p>\n<p>Ve 13:50 n\u00e1m odj\u00ed\u017ed\u00ed vlak sm\u011brem na Trondheim. Odj\u00ed\u017ed\u00edme p\u0159esn\u011b podle j\u00edzdn\u00edho \u0159\u00e1du. Linku F6 provozuj\u00ed \u0161v\u00e9dsk\u00e9 dr\u00e1hy SJ a vlak je t\u00e9m\u011b\u0159 pln\u00fd. Souprava je slo\u017eena z velkoprostorov\u00fdch voz\u016f SJ s maxim\u00e1ln\u00ed rychlost\u00ed 160 km\/h a v \u010dele stoj\u00ed lokomotiva \u0161v\u00fdcarsk\u00e9 v\u00fdroby.<\/p>\n<p>Asi patn\u00e1ct minut po odjezdu za\u010d\u00edn\u00e1me nab\u00edrat rychlost. Dost\u00e1v\u00e1me se na nov\u011b otev\u0159en\u00fd \u00fasek trat\u011b, kde je maxim\u00e1ln\u00ed rychlost 210 km\/h. Proj\u00ed\u017ed\u00edme po v\u00fdchodn\u00edm b\u0159ehu nejv\u011bt\u0161\u00edho norsk\u00e9ho jezera Mj\u00f8sa, kter\u00e9 je dlouh\u00e9 p\u0159ibli\u017en\u011b 90 kilometr\u016f. Z oken se st\u0159\u00eddaj\u00ed pohledy na jezero, lesy a mal\u00e9 osady rozeset\u00e9 pod\u00e9l trati. Asi po t\u0159iceti kilometrech nov\u00e1 tra\u0165 kon\u010d\u00ed, dal\u0161\u00ed \u00fasek je st\u00e1le ve v\u00fdstavb\u011b a my pokra\u010dujeme po jednokolejn\u00e9 trati rychlost\u00ed okolo 130 km\/h.<\/p>\n<p>Na druh\u00e9 stran\u011b jezera se za\u010d\u00ednaj\u00ed objevovat kopce p\u0159ipom\u00ednaj\u00edc\u00ed \u0160umavu a m\u00edj\u00edme tak\u00e9 olympijsk\u00e9 m\u011bsto Lillehammer. Za stanic\u00ed Vinstra za\u010d\u00ednaj\u00ed hory postupn\u011b r\u016fst. Krajina u\u017e p\u0159ipom\u00edn\u00e1 n\u011bco mezi Krkono\u0161emi a N\u00edzk\u00fdmi Tatrami, jen hranice lesa je zde znateln\u011b n\u00ed\u017ee. Za stanic\u00ed Otta vlak vj\u00ed\u017ed\u00ed do p\u0159ekr\u00e1sn\u00e9ho \u0161irok\u00e9ho \u00fadol\u00ed s v\u00fdhledem na obl\u00e9 hory, na jejich\u017e svaz\u00edch z\u016fst\u00e1vaj\u00ed zbytky sn\u011bhu.<\/p>\n<p>Postupn\u011b stoup\u00e1me a\u017e do vrcholov\u00e9ho bodu dne\u0161n\u00ed cesty \u2013 stanice Domb\u00e5s. P\u0159ij\u00ed\u017ed\u00edme p\u0159esn\u011b podle j\u00edzdn\u00edho \u0159\u00e1du v 18:11. Opou\u0161t\u00edme vlak pokra\u010duj\u00edc\u00ed sm\u011brem na Trondheim, kter\u00fd pot\u00e9 je\u0161t\u011b stoup\u00e1 d\u00e1l do hor. Na p\u0159estup na region\u00e1ln\u00ed vlak do \u00c5ndalsnes m\u00e1me t\u0159in\u00e1ct minut. Kr\u00e1tce si prohl\u00ed\u017e\u00edme n\u00e1dra\u017e\u00ed, fot\u00edme okol\u00ed a nastupujeme do p\u0159istaven\u00e9ho vlaku.<\/p>\n<p>Vst\u0159\u00edc fjord\u016fm<\/p>\n<p>Vlak odj\u00ed\u017ed\u00ed p\u0159esn\u011b na \u010das a velkou \u010d\u00e1st cesty jedeme rychlost\u00ed a\u017e 130 km\/h. Jestli byla dosavadn\u00ed cesta kr\u00e1sn\u00e1, to nejlep\u0161\u00ed n\u00e1s teprve \u010dek\u00e1.<br \/>Vlak je\u0161t\u011b n\u011bjakou dobu pokra\u010duje \u0161irok\u00fdm \u00fadol\u00edm, ale p\u0159ibli\u017en\u011b po pades\u00e1ti kilometrech za\u010d\u00edn\u00e1me klesat. Proj\u00ed\u017ed\u00edme oto\u010dkou v tunelu, kde tra\u0165 zm\u011bn\u00ed sm\u011br t\u00e9m\u011b\u0159 o 180 stup\u0148\u016f, p\u0159ekra\u010dujeme \u0159eku a no\u0159\u00edme se do st\u00e1le hlub\u0161\u00edho \u00fadol\u00ed vst\u0159\u00edc norsk\u00fdm fjord\u016fm. Od t\u00e9to chv\u00edle u\u017e je t\u011b\u017ek\u00e9 odtrhnout o\u010di od okna. Za ka\u017edou zat\u00e1\u010dkou se objevuje dal\u0161\u00ed pohled, kter\u00fd je snad je\u0161t\u011b p\u016fsobiv\u011bj\u0161\u00ed ne\u017e ten p\u0159edchoz\u00ed.<\/p>\n<p>Po prav\u00e9 i lev\u00e9 stran\u011b se zvedaj\u00ed t\u00e9m\u011b\u0159 kolm\u00e9, p\u0159ibli\u017en\u011b 1 600 metr\u016f vysok\u00e9 horsk\u00e9 st\u011bny, kter\u00e9 sv\u00fdm charakterem p\u0159ipom\u00ednaj\u00ed Dolomity. V \u00fa\u017elabin\u00e1ch z\u016fst\u00e1v\u00e1 sn\u00edh a p\u0159ed n\u00e1mi se otev\u00edr\u00e1 jedna n\u00e1dhern\u00e1 scen\u00e9rie za druhou. V tu chv\u00edli definitivn\u011b p\u0159est\u00e1v\u00e1me litovat, \u017ee n\u00e1m letos nevy\u0161el Bergenbahn. Mo\u017en\u00e1 jsme se kv\u016fli vyprodan\u00fdm vlak\u016fm vydali \u00fapln\u011b jin\u00fdm sm\u011brem, ale pr\u00e1v\u011b te\u010f m\u00e1me pocit, \u017ee tahle zm\u011bna pl\u00e1nu vlastn\u011b v\u016fbec nebyla \u0161patn\u00e1.<br \/>Nakonec se \u00fazk\u00e9 a hlubok\u00e9 \u00fadol\u00ed za\u010dne rozestupovat a my p\u0159ij\u00ed\u017ed\u00edme do kr\u00e1sn\u00e9ho m\u011bste\u010dka \u00c5ndalsnes. Fjordy, hory a vlak \u2013 co v\u00edc si p\u0159\u00e1t?<\/p>\n<p>J\u00edzdenka z Osla do \u00c5ndalsnes n\u00e1s vy\u0161la na 894 norsk\u00fdch korun za osobu a kupovali jsme ji p\u0159ibli\u017en\u011b dva dny p\u0159ed cestou. V 19:46, po t\u00e9m\u011b\u0159 \u0161esti hodin\u00e1ch n\u00e1dhern\u00e9 j\u00edzdy, dor\u00e1\u017e\u00edme do c\u00edle. Po vystoupen\u00ed z vlaku se je\u0161t\u011b chv\u00edli jen rozhl\u00ed\u017e\u00edme kolem sebe. Po dlouh\u00e9 cest\u011b jsme kone\u010dn\u011b uprost\u0159ed norsk\u00fdch hor \u2013 a p\u0159esn\u011b kv\u016fli podobn\u00fdm chv\u00edl\u00edm jsme se na sever vydali.<\/p>\n<p>\u00c5ndalsnes, fjordy a Lillehammer<\/p>\n<p>Vyr\u00e1\u017e\u00edme je\u0161t\u011b prozkoumat m\u011bste\u010dko a jeho okol\u00ed. \u010casu m\u00e1me dost \u2013 jsme vysoko na severu a tma p\u0159ich\u00e1z\u00ed a\u017e kolem jeden\u00e1ct\u00e9 hodiny ve\u010der. Po dlouh\u00e9 cest\u011b m\u00e1me kone\u010dn\u011b mo\u017enost trochu zpomalit a u\u017e\u00edt si prvn\u00ed ve\u010der uprost\u0159ed norsk\u00fdch hor. Dal\u0161\u00ed r\u00e1no vst\u00e1v\u00e1me v sedm, sn\u00edd\u00e1me a vyr\u00e1\u017e\u00edme na v\u00fd\u0161lap na horu Nesaksla ve v\u00fd\u0161ce 715 metr\u016f nad mo\u0159em. Z vrcholu se otev\u00edraj\u00ed p\u0159ekr\u00e1sn\u00e9 v\u00fdhledy na okoln\u00ed hory, ledovce a fjordy.<\/p>\n<p>Pr\u00e1v\u011b odsud je kr\u00e1sn\u011b vid\u011bt, jak neuv\u011b\u0159iteln\u011b dramatick\u00e1 je krajina kolem \u00c5ndalsnes. Zva\u017eovali jsme mo\u017enost vyjet lanovkou za 625 NOK na osobu, ale nakonec zv\u00edt\u011bzila mo\u017enost sportovn\u00edho v\u00fdkonu. A nelitujeme.<\/p>\n<p>Kolem 14. hodiny vyr\u00e1\u017e\u00edme na ob\u011bd. Odpoledne v\u011bnujeme prohl\u00eddce m\u011bsta a bl\u00edzk\u00e9ho okol\u00ed. Je\u0161t\u011b se zastavujeme u n\u00e1dra\u017e\u00ed, kde n\u00e1s zaujme vy\u0159azen\u00fd v\u016fz norsk\u00fdch drah postaven\u00fd vedle kolej\u00ed. Slou\u017e\u00ed z\u00e1rove\u0148 jako kaple i knihovna. Na prvn\u00ed pohled nen\u00e1padn\u00fd \u017eelezni\u010dn\u00ed v\u016fz tak dostal \u00fapln\u011b nov\u00fd a pom\u011brn\u011b neobvykl\u00fd \u017eivot.<\/p>\n<p>Pr\u00e1v\u011b ve chv\u00edli, kdy se pohybujeme kolem n\u00e1dra\u017e\u00ed, p\u0159ij\u00ed\u017ed\u00ed tak\u00e9 Golden Train \u2013 vyhl\u00e1\u0161en\u00fd z\u00e1\u017eitkov\u00fd vlak, kter\u00fd proj\u00ed\u017ed\u00ed nejhez\u010d\u00ed \u010d\u00e1st\u00ed \u00fadol\u00ed \u0159eky Raumy. Tedy pr\u00e1v\u011b tou trat\u00ed, po kter\u00e9 jsme p\u0159edchoz\u00ed den sami p\u0159ijeli do \u00c5ndalsnes.<\/p>\n<p>C\u00edlem na\u0161\u00ed dal\u0161\u00ed cesty je Lillehammer. J\u00edzdenku kupujeme p\u0159ibli\u017en\u011b dva dny p\u0159edem za 473 NOK na osobu. Linku z \u00c5ndalsnes do Domb\u00e5su provozuj\u00ed \u0161v\u00e9dsk\u00e9 dr\u00e1hy SJ. Usm\u011bvav\u00fd pr\u016fvod\u010d\u00ed n\u00e1m p\u0159i n\u00e1stupu dokonce nab\u00edz\u00ed bonbon a my znovu vyr\u00e1\u017e\u00edme vst\u0159\u00edc norsk\u00fdm hor\u00e1m.<\/p>\n<p>V Domb\u00e5su p\u0159estupujeme na vlak sm\u011br Oslo. Na n\u00e1stupi\u0161ti u\u017e \u010dek\u00e1 jednotka \u0161v\u00e9dsk\u00fdch drah SJ X2000 s nucen\u00fdm nakl\u00e1p\u011bn\u00edm. Na\u0161\u00ed c\u00edlovou stanic\u00ed je Lillehammer, m\u011bsto zn\u00e1m\u00e9 p\u0159edev\u0161\u00edm zimn\u00edmi olympijsk\u00fdmi hrami v roce 1994.<\/p>\n<p>Po\u010das\u00ed se mezit\u00edm trochu zlep\u0161ilo. Alespo\u0148 u\u017e nepr\u0161\u00ed. Batohy d\u00e1v\u00e1me do \u00faschovny za 50 NOK a vyr\u00e1\u017e\u00edme do m\u011bsta. Proch\u00e1z\u00edme hlavn\u00ed t\u0159\u00eddou a m\u00ed\u0159\u00edme do Maihaugenu. Rozs\u00e1hl\u00fd are\u00e1l nab\u00edz\u00ed zaj\u00edmav\u00fd pohled na bydlen\u00ed a \u017eivot v Norsku od roku 1750 a\u017e po sou\u010dasnost. Po n\u011bkolika dnech str\u00e1ven\u00fdch hlavn\u011b ve vlac\u00edch a v p\u0159\u00edrod\u011b je zm\u011bna programu vlastn\u011b docela p\u0159\u00edjemn\u00e1. Na z\u00e1v\u011br se je\u0161t\u011b proch\u00e1z\u00edme po promen\u00e1d\u011b u jezera a p\u0159ech\u00e1z\u00edme m\u00edstn\u00ed most.<\/p>\n<p>U\u017e se ale za\u010d\u00edn\u00e1me t\u011b\u0161it zp\u011bt do vysok\u00fdch hor, proto\u017ee n\u00e1s \u010dek\u00e1 dal\u0161\u00ed \u010d\u00e1st v\u00fdletu \u2013 tentokr\u00e1t autobusov\u00e1. V r\u00e1mci kraje Innlandet pr\u00e1v\u011b prob\u00edh\u00e1 akce, d\u00edky kter\u00e9 stoj\u00ed jedna j\u00edzda autobusem pouze 10 NOK. Toho samoz\u0159ejm\u011b nem\u016f\u017eeme nevyu\u017e\u00edt. V zemi, kde jsou ceny\u00a0 v\u011bt\u0161inou v\u00fdrazn\u011b vy\u0161\u0161\u00ed ne\u017e u n\u00e1s, p\u016fsob\u00ed takov\u00e1 nab\u00eddka skoro neuv\u011b\u0159iteln\u011b.<\/p>\n<p>Spoje vyhled\u00e1v\u00e1me v aplikaci Ruter. Autobusov\u00e9 n\u00e1dra\u017e\u00ed je hned p\u0159ed budovou \u017eelezni\u010dn\u00ed stanice, a tak kupujeme j\u00edzdenku za 10 NOK do Vinstry. Odtud n\u00e1m po kr\u00e1tk\u00e9 dob\u011b pokra\u010duje vlak do Otty, kter\u00e1 bude v\u00fdchoz\u00edm bodem pro n\u00e1\u0161 z\u00edt\u0159ej\u0161\u00ed v\u00fdlet k nejvy\u0161\u0161\u00ed ho\u0159e Norska. Pl\u00e1n na dal\u0161\u00ed den u\u017e m\u00e1me p\u0159ipraven\u00fd a postupn\u011b se za\u010d\u00edn\u00e1me t\u011b\u0161it na dal\u0161\u00ed po\u0159\u00e1dnou d\u00e1vku norsk\u00fdch hor.<\/p>\n<p>Kupujeme ve\u010de\u0159i a vyr\u00e1\u017e\u00edme hledat m\u00edsto pro stan. \u0158\u00edk\u00e1me si, \u017ee jsme mo\u017en\u00e1 mohli Lillehammer tentokr\u00e1t \u00fapln\u011b vynechat a u\u0161et\u0159it si cestu vlakem tam i zp\u011bt. Dopoledne v\u0161ak bylo v hor\u00e1ch velmi \u0161patn\u00e9 po\u010das\u00ed a stejn\u011b bychom tam pravd\u011bpodobn\u011b nic nevid\u011bli. Nakonec tedy tento pl\u00e1n d\u00e1v\u00e1 smysl. Lillehammer n\u00e1m nav\u00edc umo\u017enil str\u00e1vit den zaj\u00edmav\u00fdm programem a z\u00e1rove\u0148 po\u010dkat, a\u017e se po\u010das\u00ed v hor\u00e1ch alespo\u0148 trochu zlep\u0161\u00ed.<\/p>\n<p>Kdy\u017e se ohl\u00e9dneme zp\u011bt, bylo to vlastn\u011b ide\u00e1ln\u00ed \u0159e\u0161en\u00ed. Te\u010f u\u017e n\u00e1s \u010dek\u00e1 dal\u0161\u00ed den, kter\u00fd bude pat\u0159it norsk\u00fdm hor\u00e1m a v\u00fdletu sm\u011brem k nejvy\u0161\u0161\u00ed ho\u0159e Skandin\u00e1vie. Tentokr\u00e1t u\u017e ale nebudeme sed\u011bt ve vlaku a sledovat hory jen z okna. \u010cek\u00e1 n\u00e1s cesta p\u0159\u00edmo do jejich srdce.<\/p>\n<p>K nejvy\u0161\u0161\u00ed ho\u0159e Skandin\u00e1vie<\/p>\n<p>Dal\u0161\u00ed den vst\u00e1v\u00e1me u\u017e v 5:45. Bal\u00edme stan a m\u00ed\u0159\u00edme na n\u00e1dra\u017e\u00ed, kde za 10 NOK vyu\u017e\u00edv\u00e1me toalety k rann\u00ed hygien\u011b. P\u0159ed n\u00e1dra\u017e\u00edm u\u017e na n\u00e1s \u010dek\u00e1 autobus \u010d\u00edslo 143. Vyr\u00e1\u017e\u00edme sm\u011brem do p\u0159ibli\u017en\u011b 60 kilometr\u016f vzd\u00e1len\u00e9ho Lomu. Tam p\u0159estupujeme na dal\u0161\u00ed autobus, kter\u00fd n\u00e1s veze \u00fadol\u00edm B\u00f8verdalen a\u017e k horsk\u00e9 chat\u011b Juvasshytta v nadmo\u0159sk\u00e9 v\u00fd\u0161ce 1 840 metr\u016f. U\u017e samotn\u00e1 cesta autobusem je z\u00e1\u017eitkem, proto\u017ee postupn\u011b stoup\u00e1me st\u00e1le v\u00fd\u0161 do hor a krajina kolem n\u00e1s se za\u010d\u00edn\u00e1 rychle m\u011bnit. Je 8:32.<\/p>\n<p>Pr\u00e1v\u011b jsme projeli nejv\u00fd\u0161e polo\u017een\u00fdm bodem ve\u0159ejn\u00e9 silni\u010dn\u00ed s\u00edt\u011b v severn\u00ed Evrop\u011b a vystupujeme u horsk\u00e9 chaty. Teplota se pohybuje okolo jednoho stupn\u011b a lehce sn\u011b\u017e\u00ed. L\u00e9to je najednou hodn\u011b daleko. Je\u0161t\u011b p\u0159ed n\u011bkolika dny jsme se pohybovali v ulic\u00edch Kodan\u011b a Malm\u00f6 a te\u010f stoj\u00edme t\u00e9m\u011b\u0159 ve dvou kilometrech nad mo\u0159em uprost\u0159ed hor.<\/p>\n<p>Vyr\u00e1\u017e\u00edme k nejbli\u017e\u0161\u00edmu ledovci a v\u00fdhled na nejvy\u0161\u0161\u00ed horu Skandin\u00e1vie, Galdh\u00f8piggen, \u00a0je opravdu \u00fachvatn\u00fd. N\u00e1sledn\u011b se vyd\u00e1v\u00e1me tak\u00e9 do nedalek\u00e9 ledovcov\u00e9 jeskyn\u011b. Ve 14:45 n\u00e1m u\u017e odj\u00ed\u017ed\u00ed autobus \u010d\u00edslo 202 zp\u011bt do \u00fadol\u00ed. Je\u0161t\u011b s jedn\u00edm p\u0159estupem se dost\u00e1v\u00e1me do Lomu, kter\u00fd je vstupn\u00ed branou hned do t\u0159\u00ed n\u00e1rodn\u00edch park\u016f. M\u011bste\u010dko n\u00e1s v\u00edt\u00e1 kr\u00e1sn\u00fdm okol\u00edm, dravou \u0159ekou B\u00f8vra a p\u0159edev\u0161\u00edm historick\u00fdm d\u0159ev\u011bn\u00fdm kostelem. Pozdn\u00ed odpoledne v\u011bnujeme prohl\u00eddce m\u011bste\u010dka, informa\u010dn\u00edho centra t\u0159\u00ed n\u00e1rodn\u00edch park\u016f s v\u00fdstavou a n\u00e1v\u0161t\u011bv\u011b starobyl\u00e9ho kostela.<\/p>\n<p>R\u00e1no vst\u00e1v\u00e1me v sedm hodin. V 7:40 n\u00e1m odj\u00ed\u017ed\u00ed autobusov\u00e1 linka 204 do Gjendesheimu. V autobuse jsme tentokr\u00e1t pouze t\u0159i cestuj\u00edc\u00ed. Proj\u00ed\u017ed\u00edme n\u00e1dhernou norskou krajinou plnou jezer a kopc\u016f a v 9:18 jsme na m\u00edst\u011b.<\/p>\n<p>Vyr\u00e1\u017e\u00edme na proch\u00e1zku kolem jezera Gjende, ale po\u010das\u00ed n\u00e1m tentokr\u00e1t p\u0159\u00edli\u0161 nep\u0159eje. Drobn\u011b pr\u0161\u00ed a okoln\u00ed vrcholy se postupn\u011b ztr\u00e1cej\u00ed v mrac\u00edch. Tentokr\u00e1t n\u00e1m norsk\u00e9 hory ukazuj\u00ed i svou m\u00e9n\u011b p\u0159\u00edv\u011btivou tv\u00e1\u0159. Na odjezd autobusu v 15:15 proto \u010dek\u00e1me v horsk\u00e9 chat\u011b u krbu. P\u0159ich\u00e1z\u00ed \u010das n\u00e1vratu a na\u0161\u00edm dal\u0161\u00edm c\u00edlem je op\u011bt Lillehammer.<\/p>\n<p>Vyu\u017e\u00edv\u00e1me linku 204 s p\u0159estupem v Tessandu a pokra\u010dujeme sm\u011brem na Ottu. Odtud u\u017e jedeme vlakem po n\u00e1m dob\u0159e zn\u00e1m\u00e9 trase F6 Trondheim\u2013Oslo. J\u00edzdenku z Otty do Lillehammeru kupujeme na posledn\u00ed chv\u00edli za 411 NOK. V 18:42 p\u0159ij\u00ed\u017ed\u00ed u\u017e zn\u00e1m\u00e1 jednotka X2000 v kr\u00e1sn\u00fdch barv\u00e1ch. Za n\u011bco m\u00e1lo p\u0159es hodinu jsme znovu v Lillehammeru. Jdeme k jezeru postavit stan a zbytek ve\u010dera tr\u00e1v\u00edme na lavi\u010dce u vody. Po cel\u00e9m dni p\u0159esun\u016f a zm\u011bn po\u010das\u00ed je klidn\u00fd ve\u010der u jezera p\u0159\u00edjemn\u00fdm zakon\u010den\u00edm dne.<\/p>\n<p>Dal\u0161\u00ed den vst\u00e1v\u00e1me v\u00fdjime\u010dn\u011b a\u017e kolem osm\u00e9. N\u00e1sleduje sn\u00eddan\u011b a pomal\u00e9 toul\u00e1n\u00ed po Lillehammeru. Tentokr\u00e1t se vyd\u00e1v\u00e1me a\u017e ke skokansk\u00fdm m\u016fstk\u016fm, kter\u00e9 hostily zimn\u00ed olympijsk\u00e9 hry v roce 1994.<\/p>\n<p>Pot\u00e9 n\u00e1sleduje druh\u00e1 n\u00e1v\u0161t\u011bva Maihaugenu. Tentokr\u00e1t m\u00e1me v\u00edce \u010dasu a chceme cel\u00fd are\u00e1l prozkoumat podrobn\u011bji. Vstup je nav\u00edc naprosto zdarma a mo\u017enosti prohl\u00eddky se zdaj\u00ed t\u00e9m\u011b\u0159 nekone\u010dn\u00e9. A\u017e p\u0159i druh\u00e9 n\u00e1v\u0161t\u011bv\u011b si uv\u011bdomujeme, jak rozs\u00e1hl\u00e9 m\u00edsto to vlastn\u011b je a \u017ee prvn\u00ed den jsme zdaleka nestihli vid\u011bt v\u0161echno.<\/p>\n<p><a class=\"col-4 mb-2 new-gallery-item\" href=\"https:\/\/zdopravy.cz\/na-vlastni-kuzi-vlakem-z-cech-pres-kodan-az-do-srdce-norskych-hor-298009\/?new_gallery=1&amp;photo=1\" data-full=\"https:\/\/zdopravy.cz\/wp-content\/uploads\/2026\/09\/Juvashytta-scaled.jpg\" data-index=\"0\" data-caption=\"Juvasshytta. Foto: Martin Kothera\" rel=\"nofollow noopener\" target=\"_blank\"><img decoding=\"async\" alt=\"Juvasshytta. Foto: Martin Kothera\" loading=\"lazy\" class=\"img-fluid\" src=\"https:\/\/www.europesays.com\/cz\/wp-content\/uploads\/2026\/09\/Juvashytta-300x135.jpg\"\/><\/a><a class=\"col-4 mb-2 new-gallery-item\" href=\"https:\/\/zdopravy.cz\/na-vlastni-kuzi-vlakem-z-cech-pres-kodan-az-do-srdce-norskych-hor-298009\/?new_gallery=1&amp;photo=2\" data-full=\"https:\/\/zdopravy.cz\/wp-content\/uploads\/2026\/09\/Bus-Innslandstrafikk-scaled.jpg\" data-index=\"1\" data-caption=\"Autobus Innslandstrafikk. Foto: Martin Kothera\" rel=\"nofollow noopener\" target=\"_blank\"><img decoding=\"async\" alt=\"Autobus Innslandstrafikk. Foto: Martin Kothera\" loading=\"lazy\" class=\"img-fluid\" src=\"https:\/\/www.europesays.com\/cz\/wp-content\/uploads\/2026\/09\/Bus-Innslandstrafikk-300x135.jpg\"\/><\/a><\/p>\n<p>Je odpoledne a n\u00e1\u0161 cestovatelsk\u00fd v\u00fdlet se pomalu ch\u00fdl\u00ed ke konci. V 17:15 n\u00e1m odj\u00ed\u017ed\u00ed region\u00e1ln\u00ed expres sm\u011br Oslo a Drammen. Na nov\u011b zrekonstruovan\u00e9 trati postupn\u011b nab\u00edr\u00e1me rychlost a\u017e 190 km\/h. J\u00edzdenku jsme koupili s p\u0159edstihem za 339 NOK. Na\u0161\u00edm c\u00edlem je Oslo. Z\u00edtra u\u017e se vyd\u00e1me sm\u011brem dom\u016f. Po n\u011bkolika dnech putov\u00e1n\u00ed norsk\u00fdmi horami se tak pomalu za\u010d\u00edn\u00e1 uzav\u00edrat i na\u0161e cesta po Skandin\u00e1vii.<\/p>\n<p>Region\u00e1ln\u00ed vlak zastavuje v\u00fdrazn\u011b \u010dast\u011bji ne\u017e d\u00e1lkov\u00e9 spoje do Trondheimu. V 19:35 p\u0159ij\u00ed\u017ed\u00edme do Osla. Vlak byl v\u011bt\u0161inu cesty polopr\u00e1zdn\u00fd, a\u017e ke konci, ve stanici Oslo Lufthavn, p\u0159istoupilo v\u011bt\u0161\u00ed mno\u017estv\u00ed cestuj\u00edc\u00edch.<\/p>\n<p>V Oslu hled\u00e1me m\u00edsto na p\u0159esp\u00e1n\u00ed a d\u00e1v\u00e1me si ve\u010de\u0159i. Po n\u011bkolika dnech pln\u00fdch hor, vlak\u016f a autobus\u016f n\u00e1s \u010dek\u00e1 posledn\u00ed noc v Norsku. R\u00e1no u\u017e se vyd\u00e1me na dlouhou cestu zp\u011bt dom\u016f.<\/p>\n<p>N\u00e1vrat dom\u016f p\u0159es \u0160v\u00e9dsko a Polsko<\/p>\n<p>R\u00e1no vst\u00e1v\u00e1me v sedm hodin. Nakupujeme z\u00e1soby na cestu, je\u0161t\u011b se trochu proch\u00e1z\u00edme po Oslu a pomalu m\u00ed\u0159\u00edme na Oslo Bussterminal, kter\u00fd se nach\u00e1z\u00ed jen n\u011bkolik minut ch\u016fze od hlavn\u00edho n\u00e1dra\u017e\u00ed Oslo S. Proto\u017ee v pond\u011bl\u00ed r\u00e1no nejede \u017e\u00e1dn\u00fd vlak mezi Oslem a Malm\u00f6, mus\u00edme \u2013 a\u010d neradi \u2013 koupit l\u00edstky na autobus spole\u010dnosti Vy. J\u00edzdenka koupen\u00e1 s p\u0159edstihem n\u00e1s vy\u0161la na 581 NOK. Po klasick\u00e9 cest\u011b autobusem, bez mo\u017enosti se po\u0159\u00e1dn\u011b proj\u00edt, p\u0159ij\u00ed\u017ed\u00edme v 16:20 do Malm\u00f6.<\/p>\n<p>Po n\u011bkolika hodin\u00e1ch sezen\u00ed si proto vystoupen\u00ed z autobusu u\u017e\u00edv\u00e1me mo\u017en\u00e1 v\u00edc, ne\u017e bychom \u010dekali. Jdeme se naj\u00edst a n\u00e1sledn\u011b kupujeme j\u00edzdenku za 65 SEK na osobn\u00ed vlak do Trelleborgu, kter\u00fd n\u00e1m odj\u00ed\u017ed\u00ed v 17:38. Vlaky zde jezd\u00ed ka\u017edou p\u016flhodinu a p\u0159ibli\u017en\u011b za t\u0159icet minut jsme v c\u00edli.<\/p>\n<p>Tra\u0165 zde kon\u010d\u00ed a Trelleborg je tak koncovou, tedy hlavovou stanic\u00ed. Po dal\u0161\u00ed dlouh\u00e9 cest\u011b\u00a0 vlakem se op\u011bt dost\u00e1v\u00e1me k mo\u0159i \u2013 tentokr\u00e1t n\u00e1s \u010dek\u00e1 posledn\u00ed \u010d\u00e1st n\u00e1vratu dom\u016f, plavba trajektem do polsk\u00e9ho \u015awinouj\u015bcie. P\u0159ed sebou vlastn\u011b m\u00e1me jen cestu sm\u011brem na jih a postupn\u00fd n\u00e1vrat zp\u011bt do st\u0159edn\u00ed Evropy.<\/p>\n<p>N\u00e1\u0161 trajekt odplouv\u00e1 a\u017e ve 22:15. Check-in prov\u00e1d\u00edme v automatu na n\u00e1dra\u017e\u00ed a ve 21:30 n\u00e1s m\u00e1 vyzvednout autobus sm\u011b\u0159uj\u00edc\u00ed do p\u0159\u00edstavu. M\u00e1me tedy p\u0159ibli\u017en\u011b t\u0159i hodiny na prohl\u00eddku m\u011bsta.<\/p>\n<p>V samotn\u00e9m Trelleborgu sice nenach\u00e1z\u00edme nic mimo\u0159\u00e1dn\u011b zaj\u00edmav\u00e9ho, ale i tak n\u00e1m t\u0159i hodiny ute\u010dou p\u0159ekvapiv\u011b rychle.<\/p>\n<p>\u010cek\u00e1 n\u00e1s posledn\u00ed velk\u00e1 zm\u011bna dopravn\u00edho prost\u0159edku. Plujeme se spole\u010dnost\u00ed TT-Line na trase Trelleborg\u2013\u015awinouj\u015bcie. Cena trajektu vych\u00e1z\u00ed na 31 eur za osobu.<\/p>\n<p>\u010cek\u00e1me v n\u00e1dra\u017en\u00ed hale na autobus, kter\u00fd n\u00e1s m\u00e1 odv\u00e9zt do p\u0159\u00edstavu. P\u0159ij\u00ed\u017ed\u00ed p\u0159esn\u011b podle pl\u00e1nu a ve 21:50 u\u017e jsme na palub\u011b trajektu. D\u00e1v\u00e1me si ve\u010de\u0159i a us\u00edn\u00e1me za p\u0159\u00edjemn\u00e9ho houp\u00e1n\u00ed vln.<\/p>\n<p>Do \u015awinouj\u015bcie dor\u00e1\u017e\u00edme p\u0159ibli\u017en\u011b v 6:45. Hned po vylod\u011bn\u00ed m\u00ed\u0159\u00edme na n\u00e1dra\u017e\u00ed \u015awinouj\u015bcie Port, kter\u00e9 se nach\u00e1z\u00ed prakticky hned p\u0159es silnici od v\u00fdchodu z p\u0159\u00edstavu. Odtud n\u00e1m v 7:24 odj\u00ed\u017ed\u00ed osobn\u00ed vlak sm\u011brem na \u0160t\u011bt\u00edn. Nakonec p\u0159ech\u00e1z\u00edme je\u0161t\u011b asi 200 metr\u016f na stanici \u015awinouj\u015bcie, kde si kupujeme sn\u00eddani.<\/p>\n<p>J\u00edzdenku po\u0159izujeme v aplikaci za 27 zlot\u00fdch. Vlak provozuje spole\u010dnost Polregio a postupn\u011b proj\u00ed\u017ed\u00edme polsk\u00fdmi borovicov\u00fdmi lesy. Jde o klasick\u00fd osobn\u00ed vlak, kter\u00fd zastavuje t\u00e9m\u011b\u0159 v ka\u017ed\u00e9 stanici.<\/p>\n<p>Do Szczecina G\u0142\u00f3wnego p\u0159ij\u00ed\u017ed\u00edme asi s desetiminutov\u00fdm zpo\u017ed\u011bn\u00edm, ale na dal\u0161\u00ed spoj m\u00e1me na\u0161t\u011bst\u00ed dostatek \u010dasu. \u010cek\u00e1 n\u00e1s IC 146 Wigry, kter\u00fd pokra\u010duje a\u017e do litevsk\u00e9ho m\u011bsta Mockava. My v\u0161ak vystoup\u00edme u\u017e v Poznani. Ve vlaku nach\u00e1z\u00edme kr\u00e1sn\u00e9, pr\u00e1zdn\u00e9 modr\u00e9 kup\u00e9. Je to vlastn\u011b prvn\u00ed klasick\u00e9 kup\u00e9 za celou na\u0161i dlouhou cestu. Na n\u00e1dra\u017e\u00ed kupujeme j\u00edzdenku ze \u0160t\u011bt\u00edna do Mi\u0119dzylesie za 81 zlot\u00fdch a p\u0159es aplikaci M\u016fj vlak pak j\u00edzdenku z Mi\u0119dzylesie do Lichkova za 82 K\u010d na osobu.<\/p>\n<p>D\u00e1le u\u017e budeme vyu\u017e\u00edvat tarif IREDO. Cestov\u00e1n\u00ed ve v\u00fdchodn\u00ed \u010d\u00e1sti Evropy je toti\u017e p\u0159i n\u00e1kupu na posledn\u00ed chv\u00edli nesrovnateln\u011b levn\u011bj\u0161\u00ed ne\u017e na z\u00e1pad\u011b, p\u0159itom komfort je \u010dasto naprosto srovnateln\u00fd. Pro\u010d ale nevyu\u017e\u00edt mo\u017enost cestu si je\u0161t\u011b trochu zlevnit? Po cen\u00e1ch norsk\u00fdch j\u00edzdenek nav\u00edc p\u016fsob\u00ed \u010desk\u00e9 a polsk\u00e9 tarify t\u00e9m\u011b\u0159 neuv\u011b\u0159iteln\u011b p\u0159\u00edzniv\u011b.<\/p>\n<p>Pokra\u010dujeme p\u0159es polsk\u00e9 roviny, kde se st\u0159\u00eddaj\u00ed pole, lesy a mal\u00e9 vesni\u010dky. V 11:27 p\u0159ij\u00ed\u017ed\u00edme na n\u00e1dra\u017e\u00ed Pozna\u0144 G\u0142\u00f3wny. N\u00e1sleduje rychl\u00fd p\u0159esun na vedlej\u0161\u00ed n\u00e1stupi\u0161t\u011b, kde nastupujeme do vlaku IC 263 Baltic Express. A u\u017e se t\u011b\u0161\u00edme na jednu z p\u0159\u00edjemn\u00fdch v\u00fdhod n\u00e1vratu do \u010ceska \u2013 sv\u00ed\u010dkovou. Po n\u011bkolika dnech seversk\u00e9ho cestov\u00e1n\u00ed se tak pomalu za\u010d\u00edn\u00e1me vracet nejen geograficky, ale i k v\u011bcem, kter\u00e9 m\u00e1me z domova r\u00e1di.<\/p>\n<p>Ve stanici Wroc\u0142aw G\u0142\u00f3wny doch\u00e1z\u00ed k v\u00fdm\u011bn\u011b lokomotivy a z\u00e1rove\u0148 se odpojuj\u00ed polsk\u00e9 vozy. P\u0159esn\u011b v 15:00 p\u0159ij\u00ed\u017ed\u00edme na prvn\u00ed \u010deskou stanici, Lichkov. M\u011bn\u00ed se pr\u016fvod\u010d\u00ed a my pokra\u010dujeme sm\u011brem na Prahu.<\/p>\n<p>V aplikaci IREDO kupujeme j\u00edzdenky z Lichkova do Kol\u00edna za 170 K\u010d. Proto\u017ee v tomto vlaku neplat\u00ed j\u00edzdenka PID, po\u0159izujeme si je\u0161t\u011b p\u0159es aplikaci M\u016fj vlak j\u00edzdenku z Kol\u00edna do Prahy za 143 K\u010d.<\/p>\n<p>Na pra\u017esk\u00e9 hlavn\u00ed n\u00e1dra\u017e\u00ed p\u0159ij\u00ed\u017ed\u00edme p\u0159ibli\u017en\u011b s desetiminutov\u00fdm zpo\u017ed\u011bn\u00edm. P\u0159esouv\u00e1me se do metra a linkou C jedeme na Vltavskou. Odtud pokra\u010dujeme na n\u00e1dra\u017e\u00ed Praha-Bubny, kde n\u00e1m v 18:03 odj\u00ed\u017ed\u00ed sp\u011b\u0161n\u00fd vlak Os 1580 sm\u011brem na Kladno.<\/p>\n<p>Je 18:41 a vystupujeme zp\u011bt na na\u0161\u00ed v\u00fdchoz\u00ed stanici. Kruh se uzav\u00edr\u00e1. P\u0159ed deseti dny jsme odsud vyr\u00e1\u017eeli s batohy na z\u00e1dech sm\u011brem na sever a te\u010f stoj\u00edme p\u0159esn\u011b tam, kde cel\u00e1 na\u0161e cesta za\u010dala. Za n\u00e1mi jsou tis\u00edce kilometr\u016f vlakem, autobusem i trajektem, nespo\u010det p\u0159estup\u016f, norsk\u00e9 hory, fjordy, velk\u00e1 m\u011bsta i span\u00ed ve stanu. Parn\u00e9 \u010desk\u00e9 l\u00e9to mezit\u00edm pokra\u010duje a my u\u017e jen vzpom\u00edn\u00e1me na ide\u00e1ln\u00ed teploty kolem 20 \u00b0C, kter\u00e9 n\u00e1s prov\u00e1zely b\u011bhem v\u011bt\u0161iny na\u0161\u00ed cesty po Skandin\u00e1vii.<\/p>\n<p>Z\u00e1v\u011bre\u010dn\u00e9 dojmy<\/p>\n<p>Koda\u0148 na n\u00e1s ud\u011blala velk\u00fd dojem. Kr\u00e1sn\u011b \u010dist\u00e9 m\u011bsto se skv\u011blou atmosf\u00e9rou, rozs\u00e1hl\u00fdm centrem, kde to opravdu \u017eije, modern\u00edm metrem a typickou severskou architekturou. V\u0161echno p\u016fsob\u00ed upraven\u011b a promy\u0161len\u011b. Pro n\u00e1s to bylo jedno z m\u011bst, kde si \u010dlov\u011bk dok\u00e1\u017ee p\u0159edstavit \u017eivot.<\/p>\n<p>Norsk\u00e1 p\u0159\u00edroda je pak naprosto p\u0159ekr\u00e1sn\u00e1. Oslo je zaj\u00edmav\u00fdm kontrastem \u2013 jedna \u010d\u00e1st centra je velmi modern\u00ed, zat\u00edmco druh\u00e1 si zachov\u00e1v\u00e1 klidn\u011bj\u0161\u00ed a star\u0161\u00ed charakter. Velmi v\u00fdrazn\u00e9 je tak\u00e9 mno\u017estv\u00ed elektromobil\u016f, kter\u00fdch je ve m\u011bst\u011b opravdu velk\u00e9 mno\u017estv\u00ed. P\u0159esto se n\u00e1m osobn\u011b jako m\u011bsto l\u00edbila je\u0161t\u011b o n\u011bco v\u00edce Koda\u0148.<\/p>\n<p>Norsko je samoz\u0159ejm\u011b drah\u00e9. Nomin\u00e1ln\u00ed ceny \u010dasto vypadaj\u00ed podobn\u011b jako u n\u00e1s, jen\u017ee norskou korunu je pot\u0159eba p\u0159epo\u010d\u00edtat p\u0159ibli\u017en\u011b kurzem 2,2 K\u010d. Ve v\u00fdsledku jsou tedy b\u011b\u017en\u00e9 n\u00e1kupy \u010dasto zhruba dvakr\u00e1t dra\u017e\u0161\u00ed. V\u00fdjimkou jsou nap\u0159\u00edklad pohonn\u00e9 hmoty nebo ryb\u00ed produkty.<\/p>\n<p>Cestov\u00e1n\u00ed vlakem v Norsku je \u010dist\u00e9, pohodln\u00e9 a komfortn\u00ed, cenov\u011b je ale \u00fapln\u011b n\u011bkde jinde ne\u017e ve st\u0159edn\u00ed Evrop\u011b. Seversk\u00fd styl je vid\u011bt prakticky na ka\u017ed\u00e9m kroku \u2013 \u010dist\u00e9 a upraven\u00e9 ulice, promy\u0161len\u00e1 architektura a celkov\u00fd d\u016fraz na ve\u0159ejn\u00fd prostor.<\/p>\n<p>Norsko n\u00e1s jednodu\u0161e nadchlo. O to v\u00edc n\u00e1s mrz\u00ed, \u017ee n\u00e1m tentokr\u00e1t nevy\u0161el Bergenbahn. P\u0159\u00ed\u0161t\u011b se proto ur\u010dit\u011b chceme vr\u00e1tit a projet tuto legend\u00e1rn\u00ed tra\u0165, tentokr\u00e1t ale s rezervac\u00ed j\u00edzdenek opravdu hodn\u011b dop\u0159edu.<\/p>\n<p>Velk\u00fdm p\u0159ekvapen\u00edm pro n\u00e1s byla tak\u00e9 akce na autobusovou dopravu v oblasti Innlandet, kde bylo mo\u017en\u00e9 cestovat za pouh\u00fdch 10 NOK za jednu j\u00edzdu. To n\u00e1m umo\u017enilo dostat se autobusy i do m\u00edst, kam \u017eeleznice v\u016fbec nevede. Bez t\u00e9to mo\u017enosti by pro n\u00e1s byly n\u011bkter\u00e9 v\u00fdlety do hor v\u00fdrazn\u011b dra\u017e\u0161\u00ed a slo\u017eit\u011bj\u0161\u00ed.<\/p>\n<p>Za celou cestu jsme se p\u0159itom nesetkali s jedin\u00fdm skute\u010dn\u011b v\u00e1\u017en\u00fdm probl\u00e9mem. Objevila se sice zpo\u017ed\u011bn\u00ed, jeden zru\u0161en\u00fd vlak a nutnost upravovat p\u016fvodn\u00ed pl\u00e1n, ale nakonec v\u0161echno vy\u0161lo. A mo\u017en\u00e1 pr\u00e1v\u011b v tom spo\u010d\u00edv\u00e1 kouzlo podobn\u00e9ho cestov\u00e1n\u00ed.<\/p>\n<p>Ne v\u0161echno jde p\u0159esn\u011b podle pl\u00e1nu. Ale kdy\u017e cestujete vlakem, n\u011bkdy pr\u00e1v\u011b zm\u011bna pl\u00e1nu p\u0159inese ta nejlep\u0161\u00ed m\u00edsta, nejkr\u00e1sn\u011bj\u0161\u00ed trat\u011b a z\u00e1\u017eitky, kter\u00e9 byste p\u016fvodn\u011b v\u016fbec ne\u010dekali.<\/p>\n<p>Martin Kothera<\/p>\n<p>                                                        Tagy<\/p>\n<p>                                                                                                                                                                                                                            <a href=\"https:\/\/zdopravy.cz\/tag\/na-vlastni-kuzi\/\" type=\"button\" class=\"btn btn-secondary mb-1 btn-sm\" rel=\"nofollow noopener\" target=\"_blank\"><br \/>\n                                                                Na vlastn\u00ed k\u016f\u017ei                                                            <\/a><br \/>\n                                                                                                                                                                                                                                                                                                                                            <a href=\"https:\/\/zdopravy.cz\/tag\/vlakem-do-norska\/\" type=\"button\" class=\"btn btn-secondary mb-1 btn-sm\" rel=\"nofollow noopener\" target=\"_blank\"><br \/>\n                                                                vlakem do Norska                                                            <\/a><\/p>\n<p>                                                <a href=\"https:\/\/zdopravy.cz\/na-vlastni-kuzi-vlakem-z-cech-pres-kodan-az-do-srdce-norskych-hor-298009\/?comments=1#comments\" class=\"ml-3 text-body mb-3 mt-4 d-inline-block\" rel=\"nofollow noopener\" target=\"_blank\"><\/p>\n<p>                                                    2 koment\u00e1\u0159e                                                <\/a><\/p>\n","protected":false},"excerpt":{"rendered":"N\u011bkdy pr\u00e1v\u011b zm\u011bna pl\u00e1nu p\u0159inese ta nejlep\u0161\u00ed m\u00edsta, nejkr\u00e1sn\u011bj\u0161\u00ed trat\u011b a z\u00e1\u017eitky, kter\u00e9 byste p\u016fvodn\u011b v\u016fbec ne\u010dekali. Martin&hellip;\n","protected":false},"author":2,"featured_media":204022,"comment_status":"","ping_status":"","sticky":false,"template":"","format":"standard","meta":{"footnotes":"","_share_on_mastodon":"0"},"categories":[11],"tags":[22479,119,54,46400,53,52],"class_list":["post-204021","post","type-post","status-publish","format-standard","has-post-thumbnail","category-svet","tag-na-vlastni-kuzi","tag-seznam","tag-svet","tag-vlakem-do-norska","tag-world","tag-world-news"],"share_on_mastodon":{"url":"https:\/\/pubeurope.com\/@cz\/117220017997254665","error":""},"_links":{"self":[{"href":"https:\/\/www.europesays.com\/cz\/wp-json\/wp\/v2\/posts\/204021","targetHints":{"allow":["GET"]}}],"collection":[{"href":"https:\/\/www.europesays.com\/cz\/wp-json\/wp\/v2\/posts"}],"about":[{"href":"https:\/\/www.europesays.com\/cz\/wp-json\/wp\/v2\/types\/post"}],"author":[{"embeddable":true,"href":"https:\/\/www.europesays.com\/cz\/wp-json\/wp\/v2\/users\/2"}],"replies":[{"embeddable":true,"href":"https:\/\/www.europesays.com\/cz\/wp-json\/wp\/v2\/comments?post=204021"}],"version-history":[{"count":0,"href":"https:\/\/www.europesays.com\/cz\/wp-json\/wp\/v2\/posts\/204021\/revisions"}],"wp:featuredmedia":[{"embeddable":true,"href":"https:\/\/www.europesays.com\/cz\/wp-json\/wp\/v2\/media\/204022"}],"wp:attachment":[{"href":"https:\/\/www.europesays.com\/cz\/wp-json\/wp\/v2\/media?parent=204021"}],"wp:term":[{"taxonomy":"category","embeddable":true,"href":"https:\/\/www.europesays.com\/cz\/wp-json\/wp\/v2\/categories?post=204021"},{"taxonomy":"post_tag","embeddable":true,"href":"https:\/\/www.europesays.com\/cz\/wp-json\/wp\/v2\/tags?post=204021"}],"curies":[{"name":"wp","href":"https:\/\/api.w.org\/{rel}","templated":true}]}}