{"id":204045,"date":"2026-09-05T19:31:23","date_gmt":"2026-09-05T19:31:23","guid":{"rendered":"https:\/\/www.europesays.com\/cz\/204045\/"},"modified":"2026-09-05T19:31:23","modified_gmt":"2026-09-05T19:31:23","slug":"drama-po-svatbe-dary-rolins-a-pavla-nedveda-od-rana-hadky","status":"publish","type":"post","link":"https:\/\/www.europesays.com\/cz\/204045\/","title":{"rendered":"Drama po svatb\u011b Dary Rolins a Pavla Nedv\u011bda: Od r\u00e1na h\u00e1dky"},"content":{"rendered":"<p>Veselka prob\u011bhla v p\u011btihv\u011bzdi\u010dkov\u00e9m Grand Hotelu des Iles Borrom\u00e9es &amp; SPA ve Strese. M\u00edsto nab\u00edz\u00ed nejen v\u00fdhled na Lago Maggiore, ale i vlastn\u00ed p\u0159\u00edstavi\u0161t\u011b, limuz\u00ednov\u00fd servis a heliport, tak\u017ee soukrom\u00ed host\u016f bylo mo\u017en\u00e9 hl\u00eddat opravdu pe\u010dliv\u011b.<\/p>\n<p>Prvn\u00ed hodiny v man\u017eelstv\u00ed odstartovali s humorem. Kdy\u017e se jich redaktorka slovensk\u00e9 televize Mark\u00edza zeptala, jak si u\u017e\u00edvaj\u00ed man\u017eelsk\u00fd \u017eivot, <a class=\"celebrity celebwiki\" href=\"https:\/\/celebwiki.blesk.cz\/osobnost\/14\/dara-rolins\/\" target=\"_blank\" rel=\"nofollow noopener\">Dara<\/a> se rozesm\u00e1la: \u201ePavl\u00edk si dneska r\u00e1no d\u011blal srandu. Od r\u00e1na se h\u00e1d\u00e1me!\u201c A Pavel ji pohotov\u011b doplnil slovy: \u201eTak to m\u00e1 b\u00fdt!\u201c Vz\u00e1p\u011bt\u00ed ale dali jasn\u011b najevo, \u017ee \u017e\u00e1dn\u00e1 novoman\u017eelsk\u00e1 krize se nekon\u00e1. \u201eJe to super! Vlastn\u011b se nic nezm\u011bnilo, jen jsme tak posv\u011btili to, co jsme v\u011bd\u011bli u\u017e d\u00e1vno, \u017ee k sob\u011b pat\u0159\u00edme a \u017ee spolu chceme b\u00fdt a\u017e do konce v\u011bk\u016f,\u201c vysv\u011btlila zp\u011bva\u010dka.<\/p>\n<p style=\"text-align: center;\">Dara Rolins se vdala, s Pavlem <a class=\"celebrity celebwiki\" href=\"https:\/\/celebwiki.blesk.cz\/osobnost\/1736\/petr-nedved\/\" target=\"_blank\" rel=\"nofollow noopener\">Nedv\u011bdem<\/a> u\u017e jsou man\u017eel\u00e9<\/p>\n<p>    <a href=\"https:\/\/www.ahaonline.cz\/clanek\/zhave-drby\/237263\/provokace-na-svatbe-rolins-a-nedveda-podvazky-i-prvni-slova-nevesty.html\" rel=\"nofollow noopener\" target=\"_blank\"><\/p>\n<p>        <img decoding=\"async\" src=\"https:\/\/www.europesays.com\/cz\/wp-content\/uploads\/2026\/09\/9956422.jpg\" alt=\"Provokace na svatb\u011b Rolins a Nedv\u011bda: Podvazky i prvn\u00ed slova nev\u011bsty \" title=\"Provokace na svatb\u011b Rolins a Nedv\u011bda: Podvazky i prvn\u00ed slova nev\u011bsty \" height=\"140\" width=\"220\" class=\"lazyload \" loading=\"lazy\" \/><\/p>\n<p>    <\/a><\/p>\n<p>Jedn\u00edm z nejsiln\u011bj\u0161\u00edch okam\u017eik\u016f cel\u00e9ho dne byl p\u0159\u00edchod nev\u011bsty. \u201eP\u0159ijela na lodi a bylo to jak ze star\u0161\u00edho italsk\u00e9ho filmu Dolce Vita. Jela na rivi\u00e9\u0159e a stra\u0161n\u011b j\u00ed to slu\u0161elo. M\u011bla klobouk, bylo to fantastick\u00fd,\u201c vzpom\u00ednal Nedv\u011bd. P\u0159i pohledu na svou budouc\u00ed \u017eenu m\u011bl co d\u011blat, aby udr\u017eel emoce. \u201eTy emoce byly opravdu hodn\u011b siln\u00e9 a spousta na\u0161ich zn\u00e1m\u00fdch se neudr\u017eela, bylo tam hodn\u011b slz,\u201c prozradil \u017eenich. Dojat\u00e1 byla i sama nev\u011bsta. \u201eU\u017e na t\u00e9 lodi jsem za\u010dala plakat,\u201c p\u0159iznala Dara. Atmosf\u00e9ra byla po cel\u00fd ob\u0159ad podle n\u00ed velmi srde\u010dn\u00e1, up\u0159\u00edmn\u00e1 a laskav\u00e1.<\/p>\n<p>Luxus za tis\u00edce<\/p>\n<p>Grand Hotel des Iles Borrom\u00e9es &amp; SPA ve Strese pat\u0159\u00ed k nejluxusn\u011bj\u0161\u00edm m\u00edst\u016fm u Lago Maggiore a na svatby se p\u0159\u00edmo specializuje. Cena za noc se podle term\u00ednu a typu pokoje m\u016f\u017ee vy\u0161plhat a\u017e k 15 tis\u00edc\u016fm korun!<\/p>\n<p>Prsteny vybral \u017eenich<\/p>\n<p>Na \u017eenichovi z\u016fstal i v\u00fdb\u011br zlat\u00fdch snubn\u00edch prsten\u016f od zna\u010dky Cartier. \u201eAno, byl jsem vyb\u00edrat. Je to kr\u00e1sn\u00fd \u0161perk a budeme ho nosit oba dva r\u00e1di, samoz\u0159ejm\u011b s l\u00e1skou,\u201c prozradil Nedv\u011bd.<\/p>\n<p style=\"text-align: center;\">Dara Rolins uk\u00e1zala nov\u00fd obli\u010dej: Po\u0159\u00e1d to nen\u00ed ono! Po nark\u00f3ze p\u0159i\u0161el \u0161ok\u2026<\/p>\n<p>P\u0159\u00edsn\u00fd z\u00e1kaz pro hosty<\/p>\n<p>Podle slovensk\u00e9ho Nov\u00e9ho \u010casu m\u011bli pozvan\u00ed host\u00e9 dostat jasn\u00fd pokyn, aby b\u011bhem svatebn\u00edho dne nezve\u0159ej\u0148ovali \u017e\u00e1dn\u00e9 sn\u00edmky na soci\u00e1ln\u00edch s\u00edt\u00edch a o ob\u0159adu ve\u0159ejn\u011b nemluvili.<\/p>\n<p>    <a href=\"https:\/\/www.ahaonline.cz\/clanek\/zhave-drby\/237238\/svatba-v-utajeni-rolins-a-nedved-si-rekli-ano.html\" rel=\"nofollow noopener\" target=\"_blank\"><\/p>\n<p>        <img decoding=\"async\" src=\"https:\/\/www.europesays.com\/cz\/wp-content\/uploads\/2026\/09\/9956359-crop.jpg\" alt=\"Svatba v utajen\u00ed! Rolins a Nedv\u011bd si \u0159ekli ANO\" title=\"Svatba v utajen\u00ed! Rolins a Nedv\u011bd si \u0159ekli ANO\" height=\"140\" width=\"220\" class=\"lazyload \" loading=\"lazy\" \/><\/p>\n<p>    <\/a><\/p>\n","protected":false},"excerpt":{"rendered":"Veselka prob\u011bhla v p\u011btihv\u011bzdi\u010dkov\u00e9m Grand Hotelu des Iles Borrom\u00e9es &amp; SPA ve Strese. M\u00edsto nab\u00edz\u00ed nejen v\u00fdhled na&hellip;\n","protected":false},"author":2,"featured_media":204046,"comment_status":"","ping_status":"","sticky":false,"template":"","format":"standard","meta":{"footnotes":"","_share_on_mastodon":"0"},"categories":[10],"tags":[2238,4000,28251,17,21,13468,26460,16,974,1776,18,19,19640,22,652,163,20],"class_list":["post-204045","post","type-post","status-publish","format-standard","has-post-thumbnail","category-zpravy","tag-dara-rolins","tag-film","tag-fotbalista","tag-headlines","tag-hlavni-udalosti","tag-jezero","tag-lago-maggiore","tag-news","tag-pavel-nedved","tag-svatba","tag-top-news","tag-top-stories","tag-tv-markiza","tag-udalosti-dne","tag-vztahy","tag-zhave-drby","tag-zpravy"],"share_on_mastodon":{"url":"https:\/\/pubeurope.com\/@cz\/117220100272492537","error":""},"_links":{"self":[{"href":"https:\/\/www.europesays.com\/cz\/wp-json\/wp\/v2\/posts\/204045","targetHints":{"allow":["GET"]}}],"collection":[{"href":"https:\/\/www.europesays.com\/cz\/wp-json\/wp\/v2\/posts"}],"about":[{"href":"https:\/\/www.europesays.com\/cz\/wp-json\/wp\/v2\/types\/post"}],"author":[{"embeddable":true,"href":"https:\/\/www.europesays.com\/cz\/wp-json\/wp\/v2\/users\/2"}],"replies":[{"embeddable":true,"href":"https:\/\/www.europesays.com\/cz\/wp-json\/wp\/v2\/comments?post=204045"}],"version-history":[{"count":0,"href":"https:\/\/www.europesays.com\/cz\/wp-json\/wp\/v2\/posts\/204045\/revisions"}],"wp:featuredmedia":[{"embeddable":true,"href":"https:\/\/www.europesays.com\/cz\/wp-json\/wp\/v2\/media\/204046"}],"wp:attachment":[{"href":"https:\/\/www.europesays.com\/cz\/wp-json\/wp\/v2\/media?parent=204045"}],"wp:term":[{"taxonomy":"category","embeddable":true,"href":"https:\/\/www.europesays.com\/cz\/wp-json\/wp\/v2\/categories?post=204045"},{"taxonomy":"post_tag","embeddable":true,"href":"https:\/\/www.europesays.com\/cz\/wp-json\/wp\/v2\/tags?post=204045"}],"curies":[{"name":"wp","href":"https:\/\/api.w.org\/{rel}","templated":true}]}}