{"id":204053,"date":"2026-09-05T19:38:18","date_gmt":"2026-09-05T19:38:18","guid":{"rendered":"https:\/\/www.europesays.com\/cz\/204053\/"},"modified":"2026-09-05T19:38:18","modified_gmt":"2026-09-05T19:38:18","slug":"jak-to-bude-v-zime-se-snehem-kartami-nad-evropou-zamicha-neviditelny-fenomen-z-tichomori","status":"publish","type":"post","link":"https:\/\/www.europesays.com\/cz\/204053\/","title":{"rendered":"Jak to bude v zim\u011b se sn\u011bhem? Kartami nad Evropou zam\u00edch\u00e1 neviditeln\u00fd fenom\u00e9n z Tichomo\u0159\u00ed"},"content":{"rendered":"<p>\n                        Zimn\u00ed sn\u011bhovou nad\u00edlku nad star\u00fdm kontinentem letos v\u00fdznamn\u011b ovlivn\u00ed p\u0159\u00edrodn\u00ed \u00fakaz zn\u00e1m\u00fd jako Super El Ni\u00f1o. Na v\u011bt\u0161in\u011b \u00fazem\u00ed severn\u00ed, severoz\u00e1padn\u00ed a ji\u017en\u00ed Evropy se o\u010dek\u00e1v\u00e1 podpr\u016fm\u011brn\u00e1 sn\u011bhov\u00e1 pokr\u00fdvka. D\u016fvodem je zesiluj\u00edc\u00ed tlakov\u00e1 v\u00fd\u0161e od jihu, kter\u00e1 s sebou nese vy\u0161\u0161\u00ed teploty, uvedl Severe Weather Europe. Kde bude sn\u011bhu dostatek, kam vyrazit na zimn\u00ed radov\u00e1nky a kdy by m\u011blo b\u00fdt nejv\u00edce sn\u011bhu na \u010desk\u00fdch sjezdovk\u00e1ch?\n                    <\/p>\n<p>Super El Ni\u00f1o, <a target=\"_blank\" href=\"https:\/\/cnn.iprima.cz\/pocasi-el-nino\" rel=\"nofollow noopener\">kter\u00e9 se v Evrop\u011b ji\u017e projevilo v l\u00e9t\u011b<\/a>, ovlivn\u00ed tak\u00e9 zimu. Sv\u00fdm p\u016fsoben\u00edm toti\u017e zm\u011bn\u00ed obvykl\u00e9 proud\u011bn\u00ed chladn\u00fdch proud\u016f, a naopak do Evropy p\u0159inese tlakovou v\u00fd\u0161i od jihu. Kv\u016fli n\u00ed bude ve v\u011bt\u0161in\u011b Evropy p\u0159\u00edli\u0161 vysok\u00e1 teplota na to, aby se utvo\u0159ila siln\u011bj\u0161\u00ed sn\u011bhov\u00e1 vrstva, <a target=\"_blank\" href=\"https:\/\/www.severe-weather.eu\/long-range-2\/winter-2026-2027-seasonal-models-first-snowfall-predictions-super-el-nino-united-states-canada-europe-fa\/\" rel=\"nofollow noopener\">napsal web Severe Weather Europe<\/a>.<\/p>\n<p><a target=\"_blank\" href=\"https:\/\/cnn.iprima.cz\/cesko-zive-sportovni-pocasi-i-tipy-na-akce-z-celeho-ceska-519021\" rel=\"nofollow noopener\">Pod\u00edvejte se \u017dIV\u011a, jak\u00e9 po\u010das\u00ed panuje ve sportovn\u00edch are\u00e1lech po cel\u00e9m \u010cesku<\/a><\/p>\n<p>Sn\u011bhu tak bude v\u00a0Evrop\u011b m\u00e9n\u011b ne\u017e obvykle. V\u00a0m\u00edstech, kde jsou lid\u00e9 zvykl\u00ed a\u017e na metr sn\u011bhu, lze o\u010dek\u00e1vat jen kolem p\u011btadvaceti centimetr\u016f b\u00edl\u00e9 pokr\u00fdvky. V\u00fdjimkou budou vysoko polo\u017een\u00e9 oblasti, jako jsou Alpy. V\u00edce sn\u011bhu bude tak\u00e9 v\u00a0typicky chladn\u011bj\u0161\u00edch oblastech na severu a severov\u00fdchod\u011b kontinentu.<\/p>\n<p>Prosinec milovn\u00edky zimn\u00edch sport\u016f nejsp\u00ed\u0161 zklame. V\u00fdhledov\u011b m\u00e1 toti\u017e spadnout podpr\u016fm\u011brn\u00e9 mno\u017estv\u00ed sn\u011bhu. D\u016fvodem je z\u00e1padn\u00ed a\u017e jihoz\u00e1padn\u00ed proud\u011bn\u00ed, kter\u00e9 s sebou sice nese zna\u010dn\u00e9 mno\u017estv\u00ed sr\u00e1\u017eek, z\u00e1rove\u0148 ale zp\u016fsob\u00ed vy\u0161\u0161\u00ed teploty.<\/p>\n<p>Ly\u017ea\u0159e v \u010cesku pot\u011b\u0161\u00ed leden<\/p>\n<p>Ani v lednu se situace dramaticky nezlep\u0161\u00ed. Nad star\u00fdm kontinentem bude nad\u00e1le p\u0159etrv\u00e1vat tlakov\u00e1 v\u00fd\u0161e a zm\u00edn\u011bn\u00e9 z\u00e1padn\u00ed proud\u011bn\u00ed. K m\u00edrn\u00e9mu zlep\u0161en\u00ed sn\u011bhov\u00fdch podm\u00ednek by ov\u0161em m\u011blo doj\u00edt pr\u00e1v\u011b v \u010cesku. Do v\u00fdchodn\u00ed a st\u0159edn\u00ed \u010d\u00e1sti Evropy by toti\u017e m\u011blo dorazit v\u011bt\u0161\u00ed mno\u017estv\u00ed sn\u011bhov\u00fdch sr\u00e1\u017eek. Z\u00e1rove\u0148 se po\u010d\u00edt\u00e1 s m\u00edrn\u00fdm ochlazen\u00edm.<\/p>\n<p class=\"intro-title-mobile\">\n        \u010ct\u011bte tak\u00e9\n    <\/p>\n<p>        <a href=\"https:\/\/cnn.iprima.cz\/vystraha-chmu-520933\" class=\"image-link\" rel=\"nofollow noopener\" target=\"_blank\"><\/p>\n<p>            <img decoding=\"async\" loading=\"lazy\" class=\"image\" src=\"https:\/\/www.europesays.com\/cz\/wp-content\/uploads\/2026\/09\/bd84a05619ce69a31f845aa1ca36cec1.jpg\" alt=\"Po\u010das\u00ed (Ilustra\u010dn\u00ed foto)\"\/><\/p>\n<p>            <\/a><\/p>\n<p class=\"intro-title-desktop\">\n            \u010ct\u011bte tak\u00e9\n        <\/p>\n<p>                <a href=\"https:\/\/cnn.iprima.cz\/vystraha-chmu-520933\" class=\"title-link\" rel=\"nofollow noopener\" target=\"_blank\"><\/p>\n<p class=\"title\">\n                V\u00ddSTRAHA: Na \u010cesko se \u017eenou siln\u00e9 bou\u0159ky. Pod\u00edvejte se, kde ude\u0159\u00ed\n            <\/p>\n<p>        <\/a><\/p>\n<p>                                                                                                4. z\u00e1\u0159 2026, 10:26<\/p>\n<p>                6 min \u010dten\u00ed<\/p>\n<p>\u00danor, kdy b\u00fdv\u00e1 v Evrop\u011b sn\u011bhu nejv\u00edce, bude naopak zna\u010dn\u011b podpr\u016fm\u011brn\u00fd. P\u0159etrv\u00e1vaj\u00edc\u00ed tlakov\u00e1 v\u00fd\u0161e zp\u016fsob\u00ed zna\u010dn\u00fd nedostatek sn\u011bhov\u00fdch sr\u00e1\u017eek. A to p\u0159edev\u0161\u00edm ve st\u0159edn\u00ed, z\u00e1padn\u00ed, severoz\u00e1padn\u00ed a ji\u017en\u00ed Evrop\u011b. Lehce p\u0159ilep\u0161it by si naopak m\u011bly severn\u00ed a severov\u00fdchodn\u00ed zem\u011b, kde budou teploty znateln\u011b ni\u017e\u0161\u00ed.<\/p>\n<p>Kam vyrazit na jistotu<\/p>\n<p>Nad\u0161enci pro ly\u017eov\u00e1n\u00ed, snowboarding a dal\u0161\u00ed sporty, kter\u00e9 se odehr\u00e1vaj\u00ed na zasn\u011b\u017een\u00fdch svaz\u00edch, ud\u011blaj\u00ed nejl\u00e9pe, kdy\u017e se vydaj\u00ed do francouzsk\u00fdch Alp. M\u00edstn\u00ed resorty by toti\u017e <a target=\"_blank\" href=\"https:\/\/www.skiworld.co.uk\/guides\/ski-holidays\/europe-long-range-snow-forecast\" rel=\"nofollow noopener\">m\u011bly podle webu Skiworld <\/a>nab\u00edzet nejstabiln\u011bj\u0161\u00ed sn\u011bhov\u00e9 podm\u00ednky. Nejv\u011bt\u0161\u00ed vrstva sn\u011bhov\u00e9 pokr\u00fdvky se tam o\u010dek\u00e1v\u00e1 v lednu 2027. Rozs\u00e1hl\u00e9 are\u00e1ly nav\u00edc zabav\u00ed i zku\u0161en\u00e9 ly\u017ea\u0159e.<\/p>\n<p>Dlouhodob\u011b dobr\u00e9 sn\u011bhov\u00e9 podm\u00ednky nab\u00edzej\u00ed tak\u00e9 \u0161v\u00fdcarsk\u00e1 horsk\u00e1 st\u0159ediska. Nap\u0159\u00edklad v Andermattu by m\u011bl b\u00fdt <a target=\"_blank\" href=\"https:\/\/www.inthesnow.com\/the-best-ski-resorts-in-the-world-the-definitive-2026-27-guide\/\" rel=\"nofollow noopener\">podle ly\u017ea\u0159sk\u00e9ho blogu In the Snow <\/a>dostatek sn\u011bhu od konce listopadu a\u017e do dubna p\u0159\u00ed\u0161t\u00edho roku. Stabiln\u011b kvalitn\u00ed podm\u00ednky pak nab\u00edzej\u00ed nap\u0159\u00edklad i \u0161v\u00e9dsk\u00e9 sjezdovky.<\/p>\n<p>MOHLO V\u00c1M UNIKNOUT: <a target=\"_blank\" href=\"https:\/\/cnn.iprima.cz\/celorocni-pneumatiky-mohou-usetrit-desitky-tisic-v-testu-obstaly-nejsou-ale-pro-kazdeho-489532\" rel=\"nofollow noopener\">Celoro\u010dn\u00ed pneumatiky mohou u\u0161et\u0159it des\u00edtky tis\u00edc. V testu obst\u00e1ly, nejsou ale pro ka\u017ed\u00e9ho<\/a><\/p>\n<p class=\"!text-semibold-14-14 !text-black mb-0 mt-2\">\n                Kry\u0161tof studuje na Pedagogick\u00e9 fakult\u011b a Fakult\u011b soci\u00e1ln\u00edch v\u011bd Univerzity Karlovy. V\u011bnuje se sportu, kultu\u0159e a sou\u010dasn\u00e9mu d\u011bn\u00ed. Za\u010d\u00ednal jako hudebn\u00ed redaktor zam\u011b\u0159uj\u00edc\u00ed se na alternativn\u00ed hudbu. Jako redaktor CNN Prima NEWS p\u016fsob\u00ed od listopadu 2025. (Krystof.Prchlik@iprima.cz)\n            <\/p>\n","protected":false},"excerpt":{"rendered":"Zimn\u00ed sn\u011bhovou nad\u00edlku nad star\u00fdm kontinentem letos v\u00fdznamn\u011b ovlivn\u00ed p\u0159\u00edrodn\u00ed \u00fakaz zn\u00e1m\u00fd jako Super El Ni\u00f1o. Na v\u011bt\u0161in\u011b&hellip;\n","protected":false},"author":2,"featured_media":204054,"comment_status":"","ping_status":"","sticky":false,"template":"","format":"standard","meta":{"footnotes":"","_share_on_mastodon":"0"},"categories":[11],"tags":[829,42,106,34871,255,1440,257,54,53,52,1314],"class_list":["post-204053","post","type-post","status-publish","format-standard","has-post-thumbnail","category-svet","tag-alpy","tag-cesko","tag-evropa","tag-jizni-evropa","tag-pocasi","tag-predpoved-pocasi","tag-snih","tag-svet","tag-world","tag-world-news","tag-zima"],"share_on_mastodon":{"url":"https:\/\/pubeurope.com\/@cz\/117220128281542771","error":""},"_links":{"self":[{"href":"https:\/\/www.europesays.com\/cz\/wp-json\/wp\/v2\/posts\/204053","targetHints":{"allow":["GET"]}}],"collection":[{"href":"https:\/\/www.europesays.com\/cz\/wp-json\/wp\/v2\/posts"}],"about":[{"href":"https:\/\/www.europesays.com\/cz\/wp-json\/wp\/v2\/types\/post"}],"author":[{"embeddable":true,"href":"https:\/\/www.europesays.com\/cz\/wp-json\/wp\/v2\/users\/2"}],"replies":[{"embeddable":true,"href":"https:\/\/www.europesays.com\/cz\/wp-json\/wp\/v2\/comments?post=204053"}],"version-history":[{"count":0,"href":"https:\/\/www.europesays.com\/cz\/wp-json\/wp\/v2\/posts\/204053\/revisions"}],"wp:featuredmedia":[{"embeddable":true,"href":"https:\/\/www.europesays.com\/cz\/wp-json\/wp\/v2\/media\/204054"}],"wp:attachment":[{"href":"https:\/\/www.europesays.com\/cz\/wp-json\/wp\/v2\/media?parent=204053"}],"wp:term":[{"taxonomy":"category","embeddable":true,"href":"https:\/\/www.europesays.com\/cz\/wp-json\/wp\/v2\/categories?post=204053"},{"taxonomy":"post_tag","embeddable":true,"href":"https:\/\/www.europesays.com\/cz\/wp-json\/wp\/v2\/tags?post=204053"}],"curies":[{"name":"wp","href":"https:\/\/api.w.org\/{rel}","templated":true}]}}