{"id":204065,"date":"2026-09-05T20:01:08","date_gmt":"2026-09-05T20:01:08","guid":{"rendered":"https:\/\/www.europesays.com\/cz\/204065\/"},"modified":"2026-09-05T20:01:08","modified_gmt":"2026-09-05T20:01:08","slug":"grand-prix-v-praze-vyhral-kwizera-vedouci-kenan-pred-cilem-spatne-odbocil","status":"publish","type":"post","link":"https:\/\/www.europesays.com\/cz\/204065\/","title":{"rendered":"Grand Prix v Praze vyhr\u00e1l Kwizera, vedouc\u00ed Ke\u0148an p\u0159ed c\u00edlem \u0161patn\u011b odbo\u010dil"},"content":{"rendered":"<p>&#13;<br \/>\n  Komer\u010dn\u00ed prezentace Aktual.: 5.09.2026 21:18&#13;<br \/>\n  Vyd\u00e1no: 5.09.2026, 21:18&#13;\n<\/p>\n<p class=\"big\" itemprop=\"description\">    Praha &#8211; Grand Prix v b\u011bhu na 10 km v centru Prahy vyhr\u00e1l favorizovan\u00fd \u0160pan\u011bl Rodrigue Kwizera pot\u00e9, co vedouc\u00ed Ke\u0148an Victor Kipruto v z\u00e1v\u011bru z\u00e1vodu chybn\u011b odbo\u010dil. Kipruta zm\u00e1tlo doprovodn\u00e9 vozidlo, kter\u00e9 jelo p\u0159ed n\u00edm a p\u00e1r des\u00edtek metr\u016f p\u0159ed c\u00edlem sj\u00ed\u017ed\u011blo z trati.<\/p>\n<p>Kwizera jeho zav\u00e1h\u00e1n\u00ed vyu\u017eil a zv\u00edt\u011bzil v \u010dase 27:15, j\u00edm\u017e zaostal o 13 sekund za tra\u0165ov\u00fdm rekordem Ke\u0148ana Geoffreyho Koeche. T\u011bsn\u011b za rod\u00e1kem z Burundi ve \u0161pan\u011blsk\u00fdch barv\u00e1ch dob\u011bhl Ke\u0148an Owen Korir. Kipruto se musel spokojit s t\u0159et\u00edm m\u00edstem a v\u00fdkonem 27:19.<\/p>\n<p>Nejlep\u0161\u00edm \u010cechem byl Dami\u00e1n V\u00edch, kter\u00fd obsadil 17. m\u00edsto v \u010dase 29:12. Mezi \u017eenami potvrdila pozici sou\u010dasn\u00e9 dom\u00e1c\u00ed vytrvaleck\u00e9 jedni\u010dky Tereza Hrochov\u00e1, je\u017e dob\u011bhla des\u00e1t\u00e1 za 32:14. Za sv\u00fdm lo\u0148sk\u00fdm v\u00fdkonem, j\u00edm\u017e stanovila tehdej\u0161\u00ed \u010desk\u00fd rekord, v tepl\u00e9m po\u010das\u00ed zaostala o 36 sekund.<\/p>\n<p>V\u00edt\u011bzkou se stala Etiopanka Chaltu Didaov\u00e1 v \u010dase 30:03 a porazila o dev\u011bt sekund svou sestru Robe.<\/p>\n<p>V\u00fdsledky b\u011b\u017eeck\u00e9ho z\u00e1vodu Birell Grand Prix Praha<\/p>\n<p>Mu\u017ei: 1. Kwizera (\u0160p.) 27:15, 2. Korir 27:16, 3. Kipruto 27:19, &#8230;17. V\u00edch 29:12, 18. K\u0159ivda 29:21, 20. Vebr (v\u0161ichni \u010cR) 29:57.<\/p>\n<p>\u017deny: 1. Ch. Didaov\u00e1 30:03, 2. R. Didaov\u00e1 (ob\u011b Et.) 30:12, 3. Chelangatov\u00e1 (Ke\u0148a) 30:23, &#8230;10. Hrochov\u00e1 32:14, 14. \u010cepov\u00e1 33:19, 17. St\u00fdblov\u00e1 (v\u0161echny \u010cR) 34:00.<\/p>\n<p class=\"tags\">&#13;<br \/>\n<a href=\"https:\/\/www.ceskenoviny.cz\/tema\/sport\/256\" class=\"tag blue\" itemprop=\"about\" rel=\"tag nofollow noopener\" target=\"_blank\">Sport<\/a>&#13;<br \/>\n&#13;<br \/>\n&#13;<br \/>\n&#13;<br \/>\n<a href=\"https:\/\/www.ceskenoviny.cz\/tema\/atletika\/468\" class=\"tag blue\" itemprop=\"about\" rel=\"tag nofollow noopener\" target=\"_blank\">atletika<\/a>&#13;<br \/>\n&#13;<br \/>\n&#13;<br \/>\n&#13;<br \/>\n<a href=\"https:\/\/www.ceskenoviny.cz\/tema\/grand-prix\/7978\" class=\"tag blue\" itemprop=\"about\" rel=\"tag nofollow noopener\" target=\"_blank\">Grand Prix<\/a>&#13;<br \/>\n&#13;<br \/>\n&#13;<br \/>\n&#13;<br \/>\n<a href=\"https:\/\/www.ceskenoviny.cz\/tema\/beh\/1633\" class=\"tag blue\" itemprop=\"about\" rel=\"tag nofollow noopener\" target=\"_blank\">b\u011bh<\/a>&#13;<br \/>\n&#13;<br \/>\n&#13;<br \/>\n&#13;<br \/>\n<a href=\"https:\/\/www.ceskenoviny.cz\/tema\/praha\/540\" class=\"tag blue\" itemprop=\"about\" rel=\"tag nofollow noopener\" target=\"_blank\">Praha<\/a>&#13;<br \/>\n&#13;<br \/>\n&#13;<br \/>\n&#13;<br \/>\n<a href=\"https:\/\/www.ceskenoviny.cz\/tema\/foto\/13820\" class=\"tag blue\" itemprop=\"about\" rel=\"tag nofollow noopener\" target=\"_blank\">FOTO<\/a>&#13;<br \/>\n&#13;<br \/>\n&#13;<br \/>\n&#13;<br \/>\n &#13;<\/p>\n","protected":false},"excerpt":{"rendered":"&#13; Komer\u010dn\u00ed prezentace Aktual.: 5.09.2026 21:18&#13; Vyd\u00e1no: 5.09.2026, 21:18&#13; Praha &#8211; Grand Prix v b\u011bhu na 10 km&hellip;\n","protected":false},"author":2,"featured_media":204066,"comment_status":"","ping_status":"","sticky":false,"template":"","format":"standard","meta":{"footnotes":"","_share_on_mastodon":"0"},"categories":[30],"tags":[3503,1723,302,304,305,303,1092,27914,98,99,94],"class_list":["post-204065","post","type-post","status-publish","format-standard","has-post-thumbnail","category-praha","tag-atletika","tag-beh","tag-ceskenoviny-cz","tag-cn","tag-cn-cz","tag-ctk","tag-foto","tag-grand-prix","tag-prague","tag-praha","tag-sport"],"share_on_mastodon":{"url":"https:\/\/pubeurope.com\/@cz\/117220218585913804","error":""},"_links":{"self":[{"href":"https:\/\/www.europesays.com\/cz\/wp-json\/wp\/v2\/posts\/204065","targetHints":{"allow":["GET"]}}],"collection":[{"href":"https:\/\/www.europesays.com\/cz\/wp-json\/wp\/v2\/posts"}],"about":[{"href":"https:\/\/www.europesays.com\/cz\/wp-json\/wp\/v2\/types\/post"}],"author":[{"embeddable":true,"href":"https:\/\/www.europesays.com\/cz\/wp-json\/wp\/v2\/users\/2"}],"replies":[{"embeddable":true,"href":"https:\/\/www.europesays.com\/cz\/wp-json\/wp\/v2\/comments?post=204065"}],"version-history":[{"count":0,"href":"https:\/\/www.europesays.com\/cz\/wp-json\/wp\/v2\/posts\/204065\/revisions"}],"wp:featuredmedia":[{"embeddable":true,"href":"https:\/\/www.europesays.com\/cz\/wp-json\/wp\/v2\/media\/204066"}],"wp:attachment":[{"href":"https:\/\/www.europesays.com\/cz\/wp-json\/wp\/v2\/media?parent=204065"}],"wp:term":[{"taxonomy":"category","embeddable":true,"href":"https:\/\/www.europesays.com\/cz\/wp-json\/wp\/v2\/categories?post=204065"},{"taxonomy":"post_tag","embeddable":true,"href":"https:\/\/www.europesays.com\/cz\/wp-json\/wp\/v2\/tags?post=204065"}],"curies":[{"name":"wp","href":"https:\/\/api.w.org\/{rel}","templated":true}]}}