{"id":204071,"date":"2026-09-05T20:12:17","date_gmt":"2026-09-05T20:12:17","guid":{"rendered":"https:\/\/www.europesays.com\/cz\/204071\/"},"modified":"2026-09-05T20:12:17","modified_gmt":"2026-09-05T20:12:17","slug":"manuel-debutovala-v-diamantovem-finale-dobehla-pata","status":"publish","type":"post","link":"https:\/\/www.europesays.com\/cz\/204071\/","title":{"rendered":"Manuel debutovala v\u00a0diamantov\u00e9m fin\u00e1le, dob\u011bhla p\u00e1t\u00e1"},"content":{"rendered":"<p class=\"b_bA\">Manuel b\u011b\u017eela prvn\u00ed \u010dtvrtku od evropsk\u00e9ho \u0161ampion\u00e1tu v\u00a0Birminghamu, kde byla zklaman\u00e1 ze \u010dtvrt\u00e9ho m\u00edsta. Po celou sezonu byla toti\u017e evropskou dvojkou za Henriette Jaegerovou z\u00a0Norska a\u00a0tuto pozici potvrdila i\u00a0v belgick\u00e9 metropoli.<\/p>\n<p class=\"b_bA\">S cop\u00e1nky a\u00a0b\u00edl\u00fdmi ma\u0161lemi rozb\u011bhla \u010dtvrtku op\u011bt neboj\u00e1cn\u011b, na za\u010d\u00e1tku c\u00edlov\u00e9 rovinky byla v\u00a0kontaktu s\u00a0nejlep\u0161\u00edmi. V\u00a0z\u00e1v\u011bru na n\u011b ale ztratila a\u00a0v \u010dase 50,18\u00a0s\u00a0skon\u010dila p\u00e1t\u00e1, co\u017e byl jej\u00ed nejhor\u0161\u00ed v\u00fdkon i\u00a0v\u00fdsledek v\u00a0leto\u0161n\u00ed Diamantov\u00e9 lize. <\/p>\n<p class=\"b_bA\">\u201eNep\u0159i\u0161lo mi, \u017ee by prvn\u00ed t\u0159\u00edstovka byla p\u0159\u00edli\u0161 rychl\u00e1, ale u\u017e mi trochu chyb\u011bla lehkost, kterou jsem c\u00edtila na za\u010d\u00e1tku sezony,\u201c p\u0159izn\u00e1vala Manuel. \u201eNeb\u011b\u017eelo se mi \u00fapln\u011b nejl\u00edp, ale i\u00a0tak jsem vd\u011b\u010dn\u00e1, \u017ee jsem m\u011bla \u0161anci se uk\u00e1zat na fin\u00e1le Diamantov\u00e9 ligy,\u201c pochvalovala si.<\/p>\n<p><a data-dot=\"atm-link\" target=\"_self\" href=\"https:\/\/www.sport.cz\/clanek\/atletika-uderi-kdyz-to-necekame-hvezdny-kouc-o-zivotnim-roce-manuel-i-novem-ceskem-supertalentu-5527175\" class=\"b_V g_ig\" rel=\"nofollow noopener\"><img fetchpriority=\"high\" height=\"1200\" width=\"1600\" src=\"https:\/\/www.europesays.com\/cz\/wp-content\/uploads\/2026\/09\/1788639134_98_lurdes-manuel-meuwly.jpeg\" loading=\"eager\" decoding=\"sync\" class=\"b_B b_z\"\/><\/a><\/p>\n<p class=\"b_bA\">Sezonu uzav\u0159e sv\u011b\u0159enkyn\u011b \u0161v\u00fdcarsk\u00e9ho kou\u010de Laurenta Meuwlyho p\u0159\u00ed\u0161t\u00ed t\u00fdden na Ultimate Championships v\u00a0Budape\u0161ti, v\u00a0semifin\u00e1le a\u00a0snad i\u00a0ve fin\u00e1le. \u201eKonkurence je obrovsk\u00e1, ale douf\u00e1m, \u017ee s\u00edlu je\u0161t\u011b m\u00e1m a\u00a0u\u017e te\u010f jsem vd\u011b\u010dn\u00e1 za tuhle sezonu,\u201c \u0159\u00edkala halov\u00e1 mistryn\u011b sv\u011bta.<\/p>\n<p class=\"b_bA\">Paulinov\u00e1 \u010dasem 48,64\u00a0s\u00a0vylep\u0161ila po patn\u00e1cti letech rekord Van Dammeho memori\u00e1lu Sanyi Richardsov\u00e9-Rossov\u00e9. \u201eDiamantovou ligu jsem vyhr\u00e1la po\u010dtvrt\u00e9, cht\u011bla jsem se letos dostat i\u00a0pod 48\u00a0sekund, ale vyrovnanost m\u011b t\u011b\u0161\u00ed. Dneska u\u017e na m\u011b bylo trochu chladno,\u201c l\u00ed\u010dila Paulinov\u00e1. Evropsk\u00e1 \u0161ampionka Jaegerov\u00e1 dob\u011bhla o\u00a056\u00a0setin za n\u00ed.<\/p>\n<p class=\"b_bA\">Posledn\u00ed s\u00e9rie leto\u0161n\u00edho ro\u010dn\u00edku Diamantov\u00e9 ligy mezi koula\u0159i p\u0159inesla nejlep\u0161\u00ed v\u00fdkon sezony. Jamaj\u010dan Rajindra Campbell p\u0159edvedl v\u00fdkon 23,08\u00a0m, kter\u00fdm se za\u0159adil na \u010dtvrt\u00e9 m\u00edsto historie a\u00a0fin\u00e1le seri\u00e1lu vyhr\u00e1l.<\/p>\n<p class=\"b_bA\">Bronzov\u00fd medailista z\u00a0pa\u0159\u00ed\u017esk\u00e9 olympi\u00e1dy do Belgie p\u0159ijel s\u00a0\u010derstv\u00fdm osobn\u00edm rekordem 22,59\u00a0m, kter\u00fd si hned ve druh\u00e9 s\u00e9rii o\u00a0t\u0159i centimetry posunul. Tento v\u00fdkon by mu sta\u010dil na v\u00edt\u011bzstv\u00ed, ale v\u00a0posledn\u00edm pokusu se vybi\u010doval k\u00a0v\u00fdkonu za 23\u00a0metr\u016f. V\u00fdrazn\u011b tak p\u0159ekonal i\u00a0leto\u0161n\u00ed sv\u011btov\u00e9 maximum Itala Leonarda Fabbriho 22,74\u00a0m.<\/p>\n<p class=\"b_bA\">P\u0159ed n\u00edm jsou v\u00a0historick\u00fdch tabulk\u00e1ch jen t\u0159i Ameri\u010dan\u00e9. B\u00fdval\u00fd sv\u011btov\u00fd rekordman Randy Barnes, Joe Kovacs, jen\u017e skon\u010dil v\u00a0Bruselu t\u0159et\u00ed, a\u00a0letos zran\u011bn\u00fd Ryan Crouser s\u00a0historick\u00fdm maximem 23,56\u00a0m.<\/p>\n<p><a data-dot=\"atm-link\" target=\"_self\" href=\"https:\/\/www.sport.cz\/clanek\/atletika-cesky-rekordman-meni-disciplinu-i-trenera-nebude-to-lehke-ale-mam-novy-cil-rika-5527570\" class=\"b_V g_ig\" rel=\"nofollow noopener\"><img height=\"2731\" width=\"3641\" src=\"https:\/\/www.europesays.com\/cz\/wp-content\/uploads\/2026\/09\/1788639136_211_8d3b.jpeg\" loading=\"eager\" decoding=\"sync\" class=\"b_B b_z\"\/><\/a><\/p>\n<p class=\"b_bA\">\u201eMnoho koula\u0159\u016f je extr\u00e9mn\u011b siln\u00fdch\u00a0\u2013 na benchi zvl\u00e1dnou 500\u00a0liber (227\u00a0kg) a\u00a0v d\u0159epu 700\u00a0liber (318\u00a0kg). K\u00a0tomu m\u00e1m zat\u00edm hodn\u011b daleko, ale sv\u011btov\u00fd rekord je rozhodn\u011b moj\u00ed ambic\u00ed,\u201c p\u0159iznal Jamaj\u010dan.<\/p>\n<p class=\"b_bA\">Sv\u016fj zat\u00edm \u017eivotn\u00ed z\u00e1vod p\u0159edvedla na patn\u00e1ctistovce Klaudia Kazimiersk\u00e1. Polka studuj\u00edc\u00ed v\u00a0americk\u00e9m Oregonu vyhr\u00e1la v\u00a0\u010dase 3:54,05, kter\u00fd byl n\u00e1rodn\u00edm rekordem, rekordem m\u00edtinku i\u00a0nejlep\u0161\u00edm leto\u0161n\u00edm sv\u011btov\u00fdm \u010dasem, kdy\u017e se pod 3:55\u00a0dostaly i\u00a0druh\u00e1 Ke\u0148anka Dorcus Ewoiov\u00e1 i\u00a0t\u0159et\u00ed Australanka Jessica Hullov\u00e1.<\/p>\n<p class=\"b_bA\">Nejrychlej\u0161\u00edch 5000\u00a0metr\u016f sezony zab\u011bhl i\u00a0rod\u00e1k z\u00a0Etiopie reprezentuj\u00edc\u00ed Bahrajn Birhanu Balew. Od soupe\u0159\u016f se odpoutal v\u00a0z\u00e1v\u011bru a\u00a0c\u00edlem prob\u011bhl v\u00a0asijsk\u00e9m rekordu 12:45,70.\u00a0Na dvoustovce vyrovnal vlastn\u00ed nejlep\u0161\u00ed leto\u0161n\u00ed v\u00fdkon z\u00a0Curychu Ameri\u010dan Kevin Bednarek \u010dasem 19,62\u00a0s, Diamantovou ligu vyhr\u00e1l pot\u0159et\u00ed.<\/p>\n<p class=\"b_bA\">Na osmistovce se tentokr\u00e1t \u0160v\u00fdcarka Audrey Werrov\u00e1 nep\u0159ibl\u00ed\u017eila sv\u011btov\u00e9mu rekordu natolik jako v\u00a0Curychu, kde j\u00ed chyb\u011blo 42\u00a0setin ke 43\u00a0let star\u00e9mu v\u00fdkonu Jarmily Kratochv\u00edlov\u00e9. Tentokr\u00e1t m\u011bla dost pr\u00e1ce s\u00a0Nizozemkou Femke Broedersovou-Bolovou.<\/p>\n<p class=\"b_bA\">B\u00fdval\u00e1 p\u0159ek\u00e1\u017ek\u00e1\u0159sk\u00e1 \u0161ampionka se dr\u017eela za mistryn\u00ed Evropy a\u00a0v c\u00edlov\u00e9 rovince za\u00fato\u010dila. Werrov\u00e1 \u010dasem 1:54,75\u00a0p\u0159ekonala osmn\u00e1ct let star\u00fd rekord m\u00edtinku Pamely Jelimov\u00e9 a\u00a0obh\u00e1jila diamantov\u00fd prim\u00e1t, ale Broedersov\u00e1-Bolov\u00e1 fini\u0161ovala pouh\u00fdch \u0161est setin za n\u00ed. Za sv\u00fdm nizozemsk\u00fdm rekordem z\u00a0Curychu z\u016fstala o\u00a0pouhou desetinu.<\/p>\n<p><img height=\"2757\"   width=\"4096\" src=\"https:\/\/www.europesays.com\/cz\/wp-content\/uploads\/2026\/09\/f64b.jpeg\" loading=\"eager\" decoding=\"sync\" class=\"b_B b_z\"\/>Foto: Piroschka Van De Wouw, Reuters<\/p>\n<p class=\"b_bA\">T\u011bsn\u00fd fini\u0161 osmistovky mezi Audrey Werrovou (vpravo) a\u00a0Femke Broedersovou-Bolovou. <\/p>\n<p class=\"b_bA\">P\u0159i sv\u00e9m prvn\u00edm startu od p\u0159ekon\u00e1n\u00ed sv\u011btov\u00e9ho rekordu v\u00a0Curychu \u010dasem 12,12\u00a0s\u00a0Ameri\u010danka Masai Russellov\u00e1 op\u011bt na stovce p\u0159ek\u00e1\u017eek zv\u00edt\u011bzila, tentokr\u00e1t v\u00fdkonem 12,20\u00a0s. Ve druh\u00e9 polovin\u011b trati se dostala p\u0159ed halovou mistryni sv\u011bta a\u00a0svou tr\u00e9ninkovou par\u0165a\u010dku Devynne Charltonovou, kter\u00e1 posunula bahamsk\u00fd rekord na 12,33\u00a0s.<\/p>\n<p class=\"b_bA\">Dokonce \u010dty\u0159icet let byl rekordem m\u00edtinku \u010das na \u010dtvrtce p\u0159ek\u00e1\u017eek \u010das Andr\u00e9 Phillipse, ne\u017e ho v\u00a0sobotu poko\u0159il Alison dos Santos. \u010cerstv\u00fd sv\u011btov\u00fd rekordman z\u00a0Curychu z\u00edskal t\u0159et\u00ed diamantovou trofej v\u00a0\u010dase 46,70\u00a0s, kdy\u017e v\u00a0z\u00e1vod\u011b Brazilec nem\u011bl p\u0159i absenci b\u00fdval\u00e9ho nejrychlej\u0161\u00edho mu\u017ee historie Karstena Warholma konkurenci.<\/p>\n<p>Fin\u00e1le atletick\u00e9 Diamantov\u00e9 ligy v Bruselu:Mu\u017ei:200 m (v\u00edtr +0,8 m\/s):1. Bednarek (USA) 19,622. Dambile (JAR) 19,893. Charamba (Zimb.) 19,99.5000 m:1. Balew (Bahr.) 12:45,702. Ntakarutimana (Bur.) 12:46,733. Kemboi (Ke\u0148a) 12:47,29.400 m p\u0159.:1. Dos Santos (Braz.) 46,702. Bassitt (USA) 48,033. Lima (Braz.) 48,18.3000 m p\u0159.:1. Godana (Et.) 8:08,672. El Bakkali (Mar.) 8:10,033. Koech (Ke\u0148a) 8:11,15.Trojskok:1. D\u00edaz Hern\u00e1ndez (It.) 17,742. Pichardo (Portug.) 17,513. Scott (Jam.) 17,18.Koule:1. Campbell (Jam.) 23,082. Geist 22,233. Kovacs (oba USA) 22,09.O\u0161t\u011bp:1. Pathirage (Sr\u00ed Lanka) 89,042. Wegner (Pol.) 87,473. Walcott (Trin.) 83,99.\u017deny:100 m (+0,3 m\/s):Claytonov\u00e1 (Jam.) 10,932. Huntov\u00e1 (Brit.) 11,063. Richardsonov\u00e1 (USA) 11,07.400 m:1. Paulinov\u00e1 (Dom. rep.) 48,642. Jaegerov\u00e1 (Nor.) 49,20Pryceov\u00e1 (Jam.) 49,36&#8230;5. MANUEL (\u010cR) 50,18.800 m:1. Werrov\u00e1 (\u0160v\u00fdc.) 1:54,752. Broedersov\u00e1-Bolov\u00e1 (Niz.) 1:54,813. Tsehayov\u00e1 (Et.) 1:57,57.1500 m:1. Kazimiersk\u00e1 (Pol.) 3:54,052. Ewoiov\u00e1 (Ke\u0148a) 3:54,723. Hullov\u00e1 (Austr.) 3:54,73.100 m p\u0159. (+1,0 m\/s):1. Russellov\u00e1 (USA) 12,202. Charltonov\u00e1 (Bah.) 12,333. Simmondsov\u00e1 (Jam.) 12,43.V\u00fd\u0161ka:1. Pattersonov\u00e1 (Austr,) 2012. Mahu\u010dichov\u00e1 (Ukr.) 1993. Olyslagersov\u00e1 (Austr.) 195.Ty\u010d:1. H. Mollov\u00e1 (USA) 4912. Moserov\u00e1 (\u0160v\u00fdc.) 4803. \u0160utejov\u00e1 (Slovin.) 470.D\u00e1lka:1. Nicholsov\u00e1 (USA) 6912. Iapichinov\u00e1 (It.) 6863. Bryantov\u00e1 (USA) 683.O\u0161t\u011bp:1. Jen C&#8216;-i (\u010c\u00edna) 68,422. Kitagu\u010diov\u00e1 (Jap.) 65,443. Ruizov\u00e1 Hurtadov\u00e1 (Kol) 64,07.<a data-dot=\"atm-link\" target=\"_self\" href=\"https:\/\/www.sport.cz\/clanek\/atletika-zavodil-jsem-proti-bande-zbabelcu-hvezdny-nor-se-pustil-do-souperu-5528378\" class=\"b_V g_ig\" rel=\"nofollow noopener\"><img height=\"2731\" width=\"3641\" src=\"https:\/\/www.europesays.com\/cz\/wp-content\/uploads\/2026\/09\/1788639137_485_f81c.jpeg\" loading=\"eager\" decoding=\"sync\" class=\"b_B b_z\"\/><\/a><\/p>\n","protected":false},"excerpt":{"rendered":"Manuel b\u011b\u017eela prvn\u00ed \u010dtvrtku od evropsk\u00e9ho \u0161ampion\u00e1tu v\u00a0Birminghamu, kde byla zklaman\u00e1 ze \u010dtvrt\u00e9ho m\u00edsta. Po celou sezonu byla&hellip;\n","protected":false},"author":2,"featured_media":204072,"comment_status":"","ping_status":"","sticky":false,"template":"","format":"standard","meta":{"footnotes":"","_share_on_mastodon":"0"},"categories":[15],"tags":[3503,28708,94,93],"class_list":["post-204071","post","type-post","status-publish","format-standard","has-post-thumbnail","category-sport","tag-atletika","tag-diamantova-liga","tag-sport","tag-sports"],"share_on_mastodon":{"url":"https:\/\/pubeurope.com\/@cz\/117220261928256685","error":""},"_links":{"self":[{"href":"https:\/\/www.europesays.com\/cz\/wp-json\/wp\/v2\/posts\/204071","targetHints":{"allow":["GET"]}}],"collection":[{"href":"https:\/\/www.europesays.com\/cz\/wp-json\/wp\/v2\/posts"}],"about":[{"href":"https:\/\/www.europesays.com\/cz\/wp-json\/wp\/v2\/types\/post"}],"author":[{"embeddable":true,"href":"https:\/\/www.europesays.com\/cz\/wp-json\/wp\/v2\/users\/2"}],"replies":[{"embeddable":true,"href":"https:\/\/www.europesays.com\/cz\/wp-json\/wp\/v2\/comments?post=204071"}],"version-history":[{"count":0,"href":"https:\/\/www.europesays.com\/cz\/wp-json\/wp\/v2\/posts\/204071\/revisions"}],"wp:featuredmedia":[{"embeddable":true,"href":"https:\/\/www.europesays.com\/cz\/wp-json\/wp\/v2\/media\/204072"}],"wp:attachment":[{"href":"https:\/\/www.europesays.com\/cz\/wp-json\/wp\/v2\/media?parent=204071"}],"wp:term":[{"taxonomy":"category","embeddable":true,"href":"https:\/\/www.europesays.com\/cz\/wp-json\/wp\/v2\/categories?post=204071"},{"taxonomy":"post_tag","embeddable":true,"href":"https:\/\/www.europesays.com\/cz\/wp-json\/wp\/v2\/tags?post=204071"}],"curies":[{"name":"wp","href":"https:\/\/api.w.org\/{rel}","templated":true}]}}