{"id":204077,"date":"2026-09-05T20:22:24","date_gmt":"2026-09-05T20:22:24","guid":{"rendered":"https:\/\/www.europesays.com\/cz\/204077\/"},"modified":"2026-09-05T20:22:24","modified_gmt":"2026-09-05T20:22:24","slug":"leona-machalkova-po-pohrbu-ludka-hrzala-retro-fotky-i-dojemne-vyznani","status":"publish","type":"post","link":"https:\/\/www.europesays.com\/cz\/204077\/","title":{"rendered":"Leona Mach\u00e1lkov\u00e1 po poh\u0159bu Lu\u010fka Hrzala: Retro fotky i dojemn\u00e9 vyzn\u00e1n\u00ed"},"content":{"rendered":"<p>Na s\u00edt\u00edch pak zve\u0159ejnila jejich spole\u010dn\u00e9 fotky a p\u0159idala velmi emotivn\u00ed vzkaz. Fotografie zachycuj\u00ed ji i zesnul\u00e9ho moder\u00e1tora je\u0161t\u011b v dob\u011b, kdy byli oba velice mlad\u00ed a jejich kari\u00e9ry byly teprve na za\u010d\u00e1tku.<\/p>\n<p style=\"text-align: center;\">Zem\u0159el Lud\u011bk Hrzal (\u202060): Hv\u011bzda Evropy 2 bojovala s leukemi\u00ed<\/p>\n<p>    <a href=\"https:\/\/www.ahaonline.cz\/clanek\/zhave-drby\/234155\/leona-machalkova-takhle-ji-na-jevisti-neuvidite.html\" rel=\"nofollow noopener\" target=\"_blank\"><\/p>\n<p>        <img decoding=\"async\" src=\"https:\/\/www.europesays.com\/cz\/wp-content\/uploads\/2026\/09\/9845710.jpg\" alt=\"Leona Mach\u00e1lkov\u00e1: Takhle ji na jevi\u0161ti neuvid\u00edte\" title=\"Leona Mach\u00e1lkov\u00e1: Takhle ji na jevi\u0161ti neuvid\u00edte\" height=\"140\" width=\"220\" class=\"lazyload \" loading=\"lazy\" \/><\/p>\n<p>    <\/a><\/p>\n<p>\u201eDrah\u00fd Lud\u011b\u010dku, dnes jsme se s tebou rozlou\u010dili a bylo to dojemn\u011b smutn\u00e9 a bolav\u00e9, jak u\u017e to b\u00fdv\u00e1, kdy\u017e se lid\u00e9 lou\u010d\u00ed s n\u011bk\u00fdm, koho m\u011bli moc r\u00e1di. Byl jsi jeden z nejmilej\u0161\u00edch, nejhodn\u011bj\u0161\u00edch, nejbl\u00e1zniv\u011bj\u0161\u00edch a nejf\u00e9rov\u011bj\u0161\u00edch mu\u017e\u016f, kter\u00e9 jsem kdy poznala. Ve fin\u00e1le tv\u00e9ho pestr\u00e9ho \u017eivota jsme v\u0161ichni \u017easli, s jakou gr\u00e1ci\u00ed jsi state\u010dn\u011b odch\u00e1zel. Nikdy na tebe nezapomenu, bude se mi st\u00fdskat&#8230;\u201c vzk\u00e1zala mu do nebe a podepsala se jako \u201ekamar\u00e1dka Lea\u201c.<\/p>\n<p style=\"text-align: center;\"><a class=\"celebrity celebwiki\" href=\"https:\/\/celebwiki.blesk.cz\/osobnost\/1824\/leona-machalkova\/\" target=\"_blank\" rel=\"nofollow noopener\">Leona Mach\u00e1lkov\u00e1<\/a>: Pro\u010d st\u00e1le nem\u00e1 chlapa?<\/p>\n<p>    <a href=\"https:\/\/www.ahaonline.cz\/clanek\/zhave-drby\/229652\/machalkova-o-krutostech-se-sipkem-opustil-ji-kvuli-milence.html\" rel=\"nofollow noopener\" target=\"_blank\"><\/p>\n<p>        <img decoding=\"async\" src=\"https:\/\/www.europesays.com\/cz\/wp-content\/uploads\/2026\/09\/9678712-crop.jpg\" alt=\"Mach\u00e1lkov\u00e1 o krutostech se \u0160\u00edpkem: Opustil ji kv\u016fli milence!\" title=\"Mach\u00e1lkov\u00e1 o krutostech se \u0160\u00edpkem: Opustil ji kv\u016fli milence!\" height=\"140\" width=\"220\" class=\"lazyload \" loading=\"lazy\" \/><\/p>\n<p>    <\/a><\/p>\n","protected":false},"excerpt":{"rendered":"Na s\u00edt\u00edch pak zve\u0159ejnila jejich spole\u010dn\u00e9 fotky a p\u0159idala velmi emotivn\u00ed vzkaz. Fotografie zachycuj\u00ed ji i zesnul\u00e9ho moder\u00e1tora&hellip;\n","protected":false},"author":2,"featured_media":204078,"comment_status":"","ping_status":"","sticky":false,"template":"","format":"standard","meta":{"footnotes":"","_share_on_mastodon":"0"},"categories":[14],"tags":[79,21684,908,4387,142,23004,8676,80,163,193],"class_list":["post-204077","post","type-post","status-publish","format-standard","has-post-thumbnail","category-zabava","tag-entertainment","tag-leona-machalkova","tag-pohreb","tag-pratelstvi","tag-rozhlas","tag-rozlouceni","tag-vzkaz","tag-zabava","tag-zhave-drby","tag-zpevacka"],"share_on_mastodon":{"url":"https:\/\/pubeurope.com\/@cz\/117220301267373274","error":""},"_links":{"self":[{"href":"https:\/\/www.europesays.com\/cz\/wp-json\/wp\/v2\/posts\/204077","targetHints":{"allow":["GET"]}}],"collection":[{"href":"https:\/\/www.europesays.com\/cz\/wp-json\/wp\/v2\/posts"}],"about":[{"href":"https:\/\/www.europesays.com\/cz\/wp-json\/wp\/v2\/types\/post"}],"author":[{"embeddable":true,"href":"https:\/\/www.europesays.com\/cz\/wp-json\/wp\/v2\/users\/2"}],"replies":[{"embeddable":true,"href":"https:\/\/www.europesays.com\/cz\/wp-json\/wp\/v2\/comments?post=204077"}],"version-history":[{"count":0,"href":"https:\/\/www.europesays.com\/cz\/wp-json\/wp\/v2\/posts\/204077\/revisions"}],"wp:featuredmedia":[{"embeddable":true,"href":"https:\/\/www.europesays.com\/cz\/wp-json\/wp\/v2\/media\/204078"}],"wp:attachment":[{"href":"https:\/\/www.europesays.com\/cz\/wp-json\/wp\/v2\/media?parent=204077"}],"wp:term":[{"taxonomy":"category","embeddable":true,"href":"https:\/\/www.europesays.com\/cz\/wp-json\/wp\/v2\/categories?post=204077"},{"taxonomy":"post_tag","embeddable":true,"href":"https:\/\/www.europesays.com\/cz\/wp-json\/wp\/v2\/tags?post=204077"}],"curies":[{"name":"wp","href":"https:\/\/api.w.org\/{rel}","templated":true}]}}