{"id":204117,"date":"2026-09-05T21:30:16","date_gmt":"2026-09-05T21:30:16","guid":{"rendered":"https:\/\/www.europesays.com\/cz\/204117\/"},"modified":"2026-09-05T21:30:16","modified_gmt":"2026-09-05T21:30:16","slug":"joklova-se-rychle-naucila-novy-podpis-autogramiada-v-ceskem-dome-i-s-pejskem","status":"publish","type":"post","link":"https:\/\/www.europesays.com\/cz\/204117\/","title":{"rendered":"Joklov\u00e1 se rychle nau\u010dila nov\u00fd podpis, autogrami\u00e1da v\u00a0\u010cesk\u00e9m dom\u011b i\u00a0s pejskem"},"content":{"rendered":"<p class=\"b_bA\">Berl\u00edn (od na\u0161\u00ed zpravodajky)\u00a0\u2013 \u010ce\u0161ky se mezi \u0161estn\u00e1ct nejlep\u0161\u00edch celk\u016f sv\u011bta definitivn\u011b dostaly d\u00edky \u00fasp\u011bchu v\u00a0b\u0159eznov\u00e9 kvalifikaci. Realiza\u010dn\u00edmu t\u00fdmu okolo kou\u010dky Romany Pt\u00e1\u010dkov\u00e9 t\u00edm odstartovala intenzivn\u00ed p\u0159\u00edprava v\u00fdb\u011bru hr\u00e1\u010dek, organiza\u010dn\u00ed pracovn\u00edci z\u00a0CZ.BASKETBALL za\u010dali chystat ide\u00e1ln\u00ed z\u00e1zem\u00ed v\u00a0Berl\u00edn\u011b.<\/p>\n<p class=\"b_bA\">\u201eT\u00edm, \u017ee je \u0161ampion\u00e1t kousek za hranicemi, tak jsme si \u0159ekli, \u017ee pro fanou\u0161ky p\u0159iprav\u00edme i\u00a0\u010cesk\u00fd d\u016fm, tak\u017ee jsme si pronajali jednu z\u00a0typicky n\u011bmeck\u00fdch hospod, kam zveme v\u0161echny fanou\u0161ky,\u201c uv\u00e1d\u00ed mana\u017eer reprezentace Martin Peterka.<\/p>\n<p><a data-dot=\"atm-link\" target=\"_self\" href=\"https:\/\/www.sport.cz\/clanek\/basketbal-na-reprezentaci-kyvla-v-pauze-mezi-ucenim-ted-debutuje-na-mistrovstvi-sveta-5528348\" class=\"b_V g_ig\" rel=\"nofollow noopener\"><img fetchpriority=\"high\" height=\"1800\" width=\"2399\" src=\"https:\/\/www.europesays.com\/cz\/wp-content\/uploads\/2026\/09\/1788643814_731_koucka-basketbal.webp\" loading=\"eager\" decoding=\"sync\" class=\"b_B b_z\"\/><\/a><\/p>\n<p class=\"b_bA\">V\u00edce ne\u017e p\u016flro\u010dn\u00ed pr\u00e1ce se vyplatila, hospoda Pub Berl\u00edn na Alexanderplatz u\u017e z\u00a0d\u00e1lky z\u00e1\u0159\u00ed barvami \u010desk\u00e9ho basketbalu. Uvnit\u0159 pak prob\u00edh\u00e1 prom\u00edt\u00e1n\u00ed \u010desk\u00fdch z\u00e1pas\u016f na sv\u011btov\u00e9m \u0161ampion\u00e1tu, v\u00a0nab\u00eddce je i\u00a0n\u00e1kup nov\u00e9ho merche n\u00e1rodn\u00edho t\u00fdmu.<\/p>\n<p class=\"b_bA\">A samoz\u0159ejm\u011b nechyb\u00ed dobr\u00e9 j\u00eddlo a\u00a0pit\u00ed, v\u010detn\u011b piva. \u201e\u010cesk\u00e9mu domu bych pop\u0159\u00e1la hodn\u011b n\u00e1v\u0161t\u011bvn\u00edk\u016f a\u00a0vyto\u010den\u00fdch piv,\u201c \u0159\u00edkala p\u0159i p\u00e1te\u010dn\u00edm otev\u0159en\u00ed zran\u011bn\u00e1 pivotka Julie Reisingerov\u00e1, kter\u00e1 se spole\u010dn\u011b s\u00a0dal\u0161\u00ed zdravotn\u011b indisponovanou hr\u00e1\u010dkou Emmou \u010cechovou pod\u00edlela na slavnostn\u00edm p\u0159est\u0159i\u017een\u00ed p\u00e1sky. O\u00a0samotn\u00fd st\u0159ih se postaral p\u0159edseda \u010cesk\u00e9 basketbalov\u00e9 federace Zden\u011bk B\u0159\u00edza.<\/p>\n<p><img height=\"2235\"   width=\"2980\" src=\"https:\/\/www.europesays.com\/cz\/wp-content\/uploads\/2026\/09\/basketbal-reprezentace-cesky-dum-briza.jpeg\" loading=\"eager\" decoding=\"sync\" class=\"b_B b_z\"\/>Foto: CZ.BASKETBALL\/Mikul\u00e1\u0161 Celta<\/p>\n<p class=\"b_bA\">P\u0159est\u0159i\u017een\u00ed slavnostn\u00ed p\u00e1sky se ujal p\u0159edseda \u010cBF Zden\u011bk B\u0159\u00edza<\/p>\n<p class=\"b_bA\">Ob\u011b pivotky n\u00e1rodn\u00edmu t\u00fdmu na h\u0159i\u0161ti citeln\u011b chyb\u00ed, ale do Berl\u00edna je vyrazily podpo\u0159it alespo\u0148 psychicky. S\u00a0nominovanou dvan\u00e1ctkou se pak v\u00a0sobotu z\u00fa\u010dastnily v\u00a0\u010cesk\u00e9m dom\u011b autogrami\u00e1dy, kde o\u00a0n\u011b byl velk\u00fd z\u00e1jem. A\u00a0nechyb\u011bl ani ministr sportu Boris \u0160\u0165astn\u00fd. <\/p>\n<p><a data-dot=\"atm-link\" target=\"_self\" href=\"https:\/\/www.sport.cz\/clanek\/basketbal-ve-stinu-znamejsich-jmen-cesko-muze-spolehat-na-nenapadnou-oporu-5528327\" class=\"b_V g_ig\" rel=\"nofollow noopener\"><img height=\"2730\" width=\"3640\" src=\"https:\/\/www.europesays.com\/cz\/wp-content\/uploads\/2026\/09\/1788643815_897_basketbal-pospisilova.jpeg\" loading=\"eager\" decoding=\"sync\" class=\"b_B b_z\"\/><\/a><\/p>\n<p class=\"b_bA\">Fanou\u0161k\u016f se na Alexandrplatz dostavilo hodn\u011b, od t\u011bch nejmen\u0161\u00edch a\u017e po dosp\u011bl\u00e9. Hr\u00e1\u010dky se tak podepisovaly a\u00a0fotily bezm\u00e1la hodinu. Poprv\u00e9 pod nov\u00fdm jm\u00e9nem se \u010desk\u00fdm fanou\u0161k\u016fm podepisovala Eli\u0161ka Joklov\u00e1. \u201eRychle jsem si zvykla, tak\u017ee u\u017e s\u00a0t\u00edm probl\u00e9m nem\u00e1m. Jedin\u00e9, co je komplikovan\u011bj\u0161\u00ed, je to, \u017ee m\u00e1m po\u0159\u00e1d v\u0161echny star\u00e9 doklady,\u201c p\u0159ibli\u017euje rozehr\u00e1va\u010dka, kter\u00e1 m\u00e1 po svatb\u011b v\u00a0dokumentech st\u00e1le rodn\u00e9 jm\u00e9no Hamzov\u00e1.<\/p>\n<p><img height=\"2731\"   width=\"4096\" src=\"https:\/\/www.europesays.com\/cz\/wp-content\/uploads\/2026\/09\/basketbal-stastny.jpeg\" loading=\"eager\" decoding=\"sync\" class=\"b_B b_z\"\/>Foto: CZ.BASKETBALL\/Mikul\u00e1\u0161 Celta<\/p>\n<p class=\"b_bA\">Autogrami\u00e1du basketbalistek si v\u00a0\u010cesk\u00e9m dom\u011b nenechal uj\u00edt ani ministr sportu Boris \u0160\u0165astn\u00fd (druh\u00fd zleva)<\/p>\n<p class=\"b_bA\">Z\u00e1jem \u010cech\u016f v\u00a0Berl\u00edn\u011b p\u0159itahoval i\u00a0merch n\u00e1rodn\u00edho t\u00fdmu. Oproti prvn\u00edmu dni zaznamenali prodejci enormn\u00ed n\u00e1r\u016fst. \u201eV p\u00e1tek jsme prodali \u010dty\u0159i v\u011bci za cel\u00fd den, dneska za p\u016fl hodiny t\u0159icet v\u011bc\u00ed,\u201c p\u0159ibli\u017eovali pro Sport.cz. Basketbalistky podpora fanou\u0161k\u016f pot\u011b\u0161ila, jak v\u00a0\u010cesk\u00e9m dom\u011b, tak p\u0159i prvn\u00edm z\u00e1pase v\u00a0p\u00e1tek. \u201eBylo skv\u011bl\u00e9 vid\u011bt \u010desk\u00e9 vlajky a\u00a0sly\u0161et fand\u011bn\u00ed, hnalo n\u00e1s to dop\u0159edu. A\u00a0spoustu lid\u00ed p\u0159i\u0161lo i\u00a0dneska, co\u017e je super,\u201c shodovaly se Julie Posp\u00ed\u0161ilov\u00e1 s\u00a0Kate\u0159inou Zeithammerovou.<\/p>\n<p><a data-dot=\"atm-link\" target=\"_self\" href=\"https:\/\/www.sport.cz\/clanek\/basketbal-ve-stinu-znamejsich-jmen-cesko-muze-spolehat-na-nenapadnou-oporu-5528327\" class=\"b_V g_ig\" rel=\"nofollow noopener\"><img height=\"2730\" width=\"3640\" src=\"https:\/\/www.europesays.com\/cz\/wp-content\/uploads\/2026\/09\/1788643815_897_basketbal-pospisilova.jpeg\" loading=\"eager\" decoding=\"sync\" class=\"b_B b_z\"\/><\/a><\/p>\n","protected":false},"excerpt":{"rendered":"Berl\u00edn (od na\u0161\u00ed zpravodajky)\u00a0\u2013 \u010ce\u0161ky se mezi \u0161estn\u00e1ct nejlep\u0161\u00edch celk\u016f sv\u011bta definitivn\u011b dostaly d\u00edky \u00fasp\u011bchu v\u00a0b\u0159eznov\u00e9 kvalifikaci. Realiza\u010dn\u00edmu&hellip;\n","protected":false},"author":2,"featured_media":204118,"comment_status":"","ping_status":"","sticky":false,"template":"","format":"standard","meta":{"footnotes":"","_share_on_mastodon":"0"},"categories":[10],"tags":[1085,4125,6303,17,21,45869,16,2425,18,19,22,20],"class_list":["post-204117","post","type-post","status-publish","format-standard","has-post-thumbnail","category-zpravy","tag-basketbal","tag-berlin","tag-emma-cechova","tag-headlines","tag-hlavni-udalosti","tag-mistrovstvi-sveta-v-basketbalu-zen","tag-news","tag-reprezentace","tag-top-news","tag-top-stories","tag-udalosti-dne","tag-zpravy"],"share_on_mastodon":{"url":"https:\/\/pubeurope.com\/@cz\/117220568485302402","error":""},"_links":{"self":[{"href":"https:\/\/www.europesays.com\/cz\/wp-json\/wp\/v2\/posts\/204117","targetHints":{"allow":["GET"]}}],"collection":[{"href":"https:\/\/www.europesays.com\/cz\/wp-json\/wp\/v2\/posts"}],"about":[{"href":"https:\/\/www.europesays.com\/cz\/wp-json\/wp\/v2\/types\/post"}],"author":[{"embeddable":true,"href":"https:\/\/www.europesays.com\/cz\/wp-json\/wp\/v2\/users\/2"}],"replies":[{"embeddable":true,"href":"https:\/\/www.europesays.com\/cz\/wp-json\/wp\/v2\/comments?post=204117"}],"version-history":[{"count":0,"href":"https:\/\/www.europesays.com\/cz\/wp-json\/wp\/v2\/posts\/204117\/revisions"}],"wp:featuredmedia":[{"embeddable":true,"href":"https:\/\/www.europesays.com\/cz\/wp-json\/wp\/v2\/media\/204118"}],"wp:attachment":[{"href":"https:\/\/www.europesays.com\/cz\/wp-json\/wp\/v2\/media?parent=204117"}],"wp:term":[{"taxonomy":"category","embeddable":true,"href":"https:\/\/www.europesays.com\/cz\/wp-json\/wp\/v2\/categories?post=204117"},{"taxonomy":"post_tag","embeddable":true,"href":"https:\/\/www.europesays.com\/cz\/wp-json\/wp\/v2\/tags?post=204117"}],"curies":[{"name":"wp","href":"https:\/\/api.w.org\/{rel}","templated":true}]}}