{"id":204145,"date":"2026-09-05T22:25:15","date_gmt":"2026-09-05T22:25:15","guid":{"rendered":"https:\/\/www.europesays.com\/cz\/204145\/"},"modified":"2026-09-05T22:25:15","modified_gmt":"2026-09-05T22:25:15","slug":"izrael-nema-plan-na-vysidleni-palestincu-z-gazy-tvrdi-velvyslanec-usa-huckabee","status":"publish","type":"post","link":"https:\/\/www.europesays.com\/cz\/204145\/","title":{"rendered":"Izrael nem\u00e1 pl\u00e1n na vys\u00eddlen\u00ed Palestinc\u016f z\u00a0Gazy, tvrd\u00ed velvyslanec USA Huckabee"},"content":{"rendered":"<p class=\"e_bX\">Neexistuje \u017e\u00e1dn\u00fd pl\u00e1n na nucen\u00e9 vys\u00eddlen\u00ed Palestinc\u016f z\u00a0P\u00e1sma Gazy. P\u0159i sv\u00e9 sobotn\u00ed n\u00e1v\u0161t\u011bv\u011b okupovan\u00e9ho Z\u00e1padn\u00edho b\u0159ehu to podle agentury AFP uvedl americk\u00fd velvyslanec v\u00a0Izraeli Mike Huckabee. Izraelsk\u00fd krajn\u011b pravicov\u00fd ministr n\u00e1rodn\u00ed bezpe\u010dnosti Itamar Ben Gvir p\u0159itom takov\u00fd n\u00e1vrh p\u0159edstavil. Za rok m\u00e1 podle n\u011bj odej\u00edt 250\u00a0000\u00a0Palestinc\u016f, za dal\u0161\u00edch \u0161est pak prakticky cel\u00e9 palestinsk\u00e9 obyvatelstvo.<\/p>\n<p class=\"e_bX\">\u201eMohu v\u00e1m kategoricky \u0159\u00edci, \u017ee Izraelci nemaj\u00ed \u017e\u00e1dn\u00fd pl\u00e1n na vys\u00eddlen\u00ed lid\u00ed z\u00a0Gazy proti jejich v\u016fli,\u201c \u0159ekl Huckabee novin\u00e1\u0159\u016fm p\u0159i n\u00e1v\u0161t\u011bv\u011b palestinsk\u00e9 obce Turmus Ajj\u00e1 severov\u00fdchodn\u011b od Ramall\u00e1hu na okupovan\u00e9m Z\u00e1padn\u00edm b\u0159ehu.<\/p>\n<p><a data-dot=\"mol-article-card-media\" aria-hidden=\"true\" tabindex=\"-1\" href=\"https:\/\/www.seznamzpravy.cz\/clanek\/zahranicni-izrael-neni-na-odchodu-z-pasma-gazy-rekl-netanjahu-na-palestinskem-uzemi-314480\" class=\"e_n f_l8\" rel=\"nofollow noopener\" target=\"_blank\"><img fetchpriority=\"high\" height=\"2304\"   width=\"4096\" src=\"https:\/\/www.europesays.com\/cz\/wp-content\/uploads\/2026\/09\/1788647112_750_benjamin-netanjahu.jpeg\" loading=\"eager\" decoding=\"sync\" class=\"e_aa e_Z\"\/><\/a><\/p>\n<p class=\"e_bX\">Podle Ben Gvira pl\u00e1n po\u010d\u00edt\u00e1 s\u00a0t\u00edm, \u017ee z\u00a0P\u00e1sma Gazy do sedmi let odejde 1,9\u00a0milionu lid\u00ed, tedy prakticky kompletn\u00ed p\u0159ibli\u017en\u011b dva miliony Palestinc\u016f, kte\u0159\u00ed v\u00a0oblasti nyn\u00ed \u017eij\u00ed.<\/p>\n<p class=\"e_bX\">O vys\u00eddlen\u00ed Palestinc\u016f, kter\u00e9 izrael\u0161t\u00ed p\u0159edstavitel\u00e9 ozna\u010duj\u00ed za \u201emigraci\u201c, mluvil d\u0159\u00edve tento t\u00fdden tak\u00e9 izraelsk\u00fd ministr obrany Jisrael Kac. Podle n\u011bj se \u010dek\u00e1 na souhlas Spojen\u00fdch st\u00e1t\u016f se z\u00e1m\u011brem. Ministr tvrdil, \u017ee existuj\u00ed zem\u011b, kter\u00e9 souhlas\u00ed s\u00a0p\u0159em\u00edst\u011bn\u00edm Palestinc\u016f na sv\u00e9 \u00fazem\u00ed. Ne\u0159ekl ale kter\u00e9. Kac uvedl, \u017ee odchod Palestinc\u016f jinam je realistick\u00fdm \u0159e\u0161en\u00edm pro P\u00e1smo Gazy, kter\u00e9 siln\u011b poni\u010dilo t\u0159\u00edlet\u00e9 izraelsk\u00e9 vojensk\u00e9 ta\u017een\u00ed.<\/p>\n<p class=\"e_bX\">V\u00e1lka v\u00a0P\u00e1smu Gazy vypukla v\u00a0\u0159\u00edjnu 2023\u00a0pot\u00e9, co ozbrojenci hnut\u00ed Ham\u00e1s a\u00a0jeho spojenc\u016f p\u0159i \u00fatoku na jihu Izraele pozab\u00edjeli na 1200\u00a0lid\u00ed, v\u011bt\u0161inou civilist\u016f, a\u00a0dal\u0161\u00edch 251\u00a0osob unesli. Izrael pak zah\u00e1jil rozs\u00e1hlou vojenskou operaci.<\/p>\n<p class=\"e_bX\">Izraelsk\u00e1 arm\u00e1da podle \u00fadaj\u016f ministerstva zdravotnictv\u00ed v\u00a0P\u00e1smu Gazy zabila od po\u010d\u00e1tku v\u00e1lky nejm\u00e9n\u011b 73\u00a0470\u00a0lid\u00ed. Tyto \u00fadaje, kter\u00e9 OSN pova\u017euje za spolehliv\u00e9, nerozli\u0161uj\u00ed mezi civilisty a\u00a0ozbrojenci, ale podle zahrani\u010dn\u00edch nevl\u00e1dn\u00edch organizac\u00ed p\u0159es 80\u00a0procent ob\u011bt\u00ed byli civilist\u00e9.<\/p>\n<p class=\"e_bX\">Podle \u00fadaj\u016f na webu izraelsk\u00e9ho ministerstva zahrani\u010d\u00ed p\u0159i pozemn\u00edch operac\u00edch v\u00a0P\u00e1smu Gazy od 27.\u00a0\u0159\u00edjna 2023\u00a0padlo 472\u00a0izraelsk\u00fdch voj\u00e1k\u016f, zat\u00edmco celkem v\u00a0boji od 7.\u00a0\u0159\u00edjna 2023\u00a0padlo 968\u00a0voj\u00e1k\u016f. Jedn\u00e1 se o\u00a0\u00fadaje aktualizovan\u00e9 k\u00a0\u010dervenci 2026.<\/p>\n<p class=\"e_bX\">P\u0159\u00edm\u011b\u0159\u00ed dohodnut\u00e9 v\u00a0\u0159\u00edjnu 2025\u00a0mezi Izraelem a\u00a0Ham\u00e1sem zastavilo v\u00e1lku, kterou \u0159ada lidskopr\u00e1vn\u00edch organizac\u00ed i\u00a0komise OSN ozna\u010dila za genocidu. Izrael, kter\u00fd obvin\u011bn\u00ed z\u00a0genocidy odm\u00edt\u00e1, nad\u00e1le opakovan\u011b \u00fato\u010d\u00ed na Gazu, kde tyto \u00fatoky od \u0159\u00edjnov\u00e9 dohody zabily v\u00edce ne\u017e 1330\u00a0Palestinc\u016f. Izraelsk\u00e1 arm\u00e1da uvedla, \u017ee od p\u0159\u00edm\u011b\u0159\u00ed p\u0159i \u00fatoc\u00edch ozbrojenc\u016f padlo p\u011bt izraelsk\u00fdch voj\u00e1k\u016f.<\/p>\n<p><a data-dot=\"mol-article-card-media\" aria-hidden=\"true\" tabindex=\"-1\" href=\"https:\/\/www.seznamzpravy.cz\/clanek\/zahranicni-ctvrt-milionu-palestincu-rocne-ben-gvir-predstavil-plan-na-vysidleni-gazy-314586\" class=\"e_n f_l8\" rel=\"nofollow noopener\" target=\"_blank\"><img height=\"2304\"   width=\"4096\" src=\"https:\/\/www.europesays.com\/cz\/wp-content\/uploads\/2026\/09\/1788647114_736_israel-katz-jisrael-kac.jpeg\" loading=\"eager\" decoding=\"sync\" class=\"e_aa e_Z\"\/><\/a><a data-dot=\"mol-article-card-media\" aria-hidden=\"true\" tabindex=\"-1\" href=\"https:\/\/www.seznamzpravy.cz\/clanek\/zahranicni-trumpova-trnita-cesta-od-taktickych-uspechu-k-prohram-314326\" class=\"e_n f_l8\" rel=\"nofollow noopener\" target=\"_blank\"><img height=\"2304\"   width=\"4096\" src=\"https:\/\/www.europesays.com\/cz\/wp-content\/uploads\/2026\/09\/1788647115_562_trump-iran.jpeg\" loading=\"eager\" decoding=\"sync\" class=\"e_aa e_Z\"\/><\/a><\/p>\n","protected":false},"excerpt":{"rendered":"Neexistuje \u017e\u00e1dn\u00fd pl\u00e1n na nucen\u00e9 vys\u00eddlen\u00ed Palestinc\u016f z\u00a0P\u00e1sma Gazy. P\u0159i sv\u00e9 sobotn\u00ed n\u00e1v\u0161t\u011bv\u011b okupovan\u00e9ho Z\u00e1padn\u00edho b\u0159ehu to podle&hellip;\n","protected":false},"author":2,"featured_media":204146,"comment_status":"","ping_status":"","sticky":false,"template":"","format":"standard","meta":{"footnotes":"","_share_on_mastodon":"0"},"categories":[10],"tags":[1493,17,21,638,16,2003,2002,18,19,22,46414,20],"class_list":["post-204145","post","type-post","status-publish","format-standard","has-post-thumbnail","category-zpravy","tag-benjamin-netanjahu","tag-headlines","tag-hlavni-udalosti","tag-izrael","tag-news","tag-palestina","tag-pasmo-gazy","tag-top-news","tag-top-stories","tag-udalosti-dne","tag-vysidleni","tag-zpravy"],"share_on_mastodon":{"url":"https:\/\/pubeurope.com\/@cz\/117220784806464706","error":""},"_links":{"self":[{"href":"https:\/\/www.europesays.com\/cz\/wp-json\/wp\/v2\/posts\/204145","targetHints":{"allow":["GET"]}}],"collection":[{"href":"https:\/\/www.europesays.com\/cz\/wp-json\/wp\/v2\/posts"}],"about":[{"href":"https:\/\/www.europesays.com\/cz\/wp-json\/wp\/v2\/types\/post"}],"author":[{"embeddable":true,"href":"https:\/\/www.europesays.com\/cz\/wp-json\/wp\/v2\/users\/2"}],"replies":[{"embeddable":true,"href":"https:\/\/www.europesays.com\/cz\/wp-json\/wp\/v2\/comments?post=204145"}],"version-history":[{"count":0,"href":"https:\/\/www.europesays.com\/cz\/wp-json\/wp\/v2\/posts\/204145\/revisions"}],"wp:featuredmedia":[{"embeddable":true,"href":"https:\/\/www.europesays.com\/cz\/wp-json\/wp\/v2\/media\/204146"}],"wp:attachment":[{"href":"https:\/\/www.europesays.com\/cz\/wp-json\/wp\/v2\/media?parent=204145"}],"wp:term":[{"taxonomy":"category","embeddable":true,"href":"https:\/\/www.europesays.com\/cz\/wp-json\/wp\/v2\/categories?post=204145"},{"taxonomy":"post_tag","embeddable":true,"href":"https:\/\/www.europesays.com\/cz\/wp-json\/wp\/v2\/tags?post=204145"}],"curies":[{"name":"wp","href":"https:\/\/api.w.org\/{rel}","templated":true}]}}