{"id":204151,"date":"2026-09-05T22:34:32","date_gmt":"2026-09-05T22:34:32","guid":{"rendered":"https:\/\/www.europesays.com\/cz\/204151\/"},"modified":"2026-09-05T22:34:32","modified_gmt":"2026-09-05T22:34:32","slug":"frontman-queen-freddie-mercury-by-oslavil-80-narozeniny","status":"publish","type":"post","link":"https:\/\/www.europesays.com\/cz\/204151\/","title":{"rendered":"Frontman Queen Freddie Mercury by oslavil 80. narozeniny"},"content":{"rendered":"<p>\n                        Freddie Mercury, l\u00eddr jedn\u00e9 z nejlep\u0161\u00edch kapel v\u0161ech dob, by se 5. z\u00e1\u0159\u00ed do\u017eil osmdes\u00e1tky. Frontman Queen byl v\u0161ak nejen geni\u00e1ln\u00ed zp\u011bv\u00e1k a skladatel. N\u011bkter\u00e9 vzpom\u00ednky v\u00e1s mo\u017en\u00e1 p\u0159ekvap\u00ed. T\u0159eba na party se slavnou tenistkou nebo na strach z mal\u00fdch letadel.\n                    <\/p>\n<p>Freddie Mercury se\u00a0narodil 5. z\u00e1\u0159\u00ed 1946 na Zanzibaru jako Farrokh Bulsara a jeho \u017eivot p\u0159ed\u010dasn\u011b ukon\u010dil AIDS. Jako mlad\u00fd byl sportovn\u011b nadan\u00fd.\u00a0Na \u0161kole v Indii byl mlad\u00fd Freddie dobr\u00fdm hr\u00e1\u010dem stoln\u00edho tenisu. Pozd\u011bji si ob\u010das r\u00e1d zahr\u00e1l tenis, zejm\u00e9na kdy\u017e byl na dovolen\u00e9, a r\u00e1d sledoval Wimbledon. Bavilo ho tak\u00e9 ragby, na rozd\u00edl od fotbalu nebo kriketu.<\/p>\n<p>\u010cT\u011aTE TAK\u00c9: <a target=\"_blank\" href=\"https:\/\/cnn.iprima.cz\/nejblizsi-se-louci-s-vaclavem-neckarem-mladsim-na-miste-je-manzelka-hana-i-zdrceny-otec-521020\" rel=\"nofollow noopener\">Nejbli\u017e\u0161\u00ed se lou\u010d\u00ed s V\u00e1clavem Neck\u00e1\u0159em mlad\u0161\u00edm: Na m\u00edst\u011b je man\u017eelka Hana i zdrcen\u00fd otec<\/a><\/p>\n<p>\u201eKriket a b\u011bh na dlouh\u00e9 trat\u011b jsem nesn\u00e1\u0161el. V oboj\u00edm jsem byl \u00fapln\u011b k ni\u010demu. Ale um\u011bl jsem sprintovat, byl jsem dobr\u00fd v hokeji a v boxersk\u00e9m ringu jsem byl prost\u011b skv\u011bl\u00fd,\u201c prozradil Mercury.<\/p>\n<p>Zachr\u00e1nil tenisovou hv\u011bzdu Billie Jean Kingovou<\/p>\n<p>Mercury pr\u00fd \u201emiloval\u201c no\u010dn\u00ed kluby v New Yorku a chodil se d\u00edvat na brooklynskou diskot\u00e9ku The Gilded Grape. \u201eV\u0161ichni mi \u0159\u00edkali, \u017ee bych tam nem\u011bl chodit \u2013\u2060 a kdy\u017e u\u017e, tak abych se alespo\u0148 ujistil, \u017ee na m\u011b venku \u010dek\u00e1 rychl\u00e9 a nepr\u016fst\u0159eln\u00e9 auto,\u201c poznamenal kdysi zp\u011bv\u00e1k.<\/p>\n<p>                <a href=\"#gallery-asset-carousel-964bc9b0\" rel=\"asset:open\" class=\"leading-0 block aspect-169\"><\/p>\n<p>                            <img decoding=\"async\" loading=\"lazy\" src=\"https:\/\/www.europesays.com\/cz\/wp-content\/uploads\/2026\/09\/559e80760be80d33ff1f1344cb37f8cc.jpg\" class=\"main-image article-content-image w-full aspect-169\" alt=\"Freddie Mercury byl nadan\u00fd skladatel, origin\u00e1ln\u00ed um\u011blec a zp\u011bv\u00e1k skupiny Queen.\"\/><\/p>\n<p>                                    <\/a><\/p>\n<p>                                <a href=\"#gallery-asset-carousel-964bc9b0\" rel=\"asset:open\" class=\"atom-fullscreen-button\"><\/p>\n<p>                <\/a><\/p>\n<p>                                                                                                                                                                                                        <img decoding=\"async\" loading=\"lazy\" src=\"https:\/\/www.europesays.com\/cz\/wp-content\/uploads\/2026\/09\/1788647652_628_559e80760be80d33ff1f1344cb37f8cc.jpg\"   class=\"bg-preloader\" alt=\"Freddie Mercury byl nadan\u00fd skladatel, origin\u00e1ln\u00ed um\u011blec a zp\u011bv\u00e1k skupiny Queen.\"\/><\/p>\n<p class=\"atom-image-description \">\n<p>                                                                                                            Freddie Mercury byl nadan\u00fd skladatel, origin\u00e1ln\u00ed um\u011blec a zp\u011bv\u00e1k skupiny Queen.<\/p>\n<p>                                                        Zdroj: \u010cTK\n                                                                                            <\/p>\n<p>                                                                                                                                                                                                        <img decoding=\"async\" loading=\"lazy\" src=\"https:\/\/www.europesays.com\/cz\/wp-content\/uploads\/2026\/09\/7eaf6755f6bc90d050bbdd1f590e072b.jpg\"   class=\"bg-preloader\" alt=\"Skupina Queen na lond\u00fdnsk\u00e9m leti\u0161ti Heathrow.\"\/><\/p>\n<p class=\"atom-image-description \">\n<p>                                                                                                            Skupina Queen na lond\u00fdnsk\u00e9m leti\u0161ti Heathrow.<\/p>\n<p>                                                        Zdroj: \u010cTK\n                                                                                            <\/p>\n<p>                                                                                                                                                                                                        <img decoding=\"async\" loading=\"lazy\" src=\"https:\/\/www.europesays.com\/cz\/wp-content\/uploads\/2026\/09\/0525a57554dcb0c5db1c32f9e2a677d1.jpg\"   class=\"bg-preloader\" alt=\"Queen pat\u0159\u00ed k nejlep\u0161\u00edch kapel\u00e1m v\u0161ech dob. Um\u011bla i \u0161okovat.\"\/><\/p>\n<p class=\"atom-image-description portrait-photo\">\n<p>                                                                                                            Queen pat\u0159\u00ed k nejlep\u0161\u00edch kapel\u00e1m v\u0161ech dob. Um\u011bla i \u0161okovat.<\/p>\n<p>                                                        Zdroj: Profimedia.cz\n                                                                                            <\/p>\n<p>                                                                                                                                                                                                        <img decoding=\"async\" loading=\"lazy\" src=\"https:\/\/www.europesays.com\/cz\/wp-content\/uploads\/2026\/09\/6f1f36391ed5dc64415eb1d726061ba5.jpg\"   class=\"bg-preloader\" alt=\"Mercury byl tak\u00e9 nadan\u00fd sportovec.\"\/><\/p>\n<p class=\"atom-image-description \">\n<p>                                                                                                            Mercury byl tak\u00e9 nadan\u00fd sportovec.<\/p>\n<p>                                                        Zdroj: Profimedia.cz\n                                                                                            <\/p>\n<p>                                                                                                                                                                                                        <img decoding=\"async\" loading=\"lazy\" src=\"https:\/\/www.europesays.com\/cz\/wp-content\/uploads\/2026\/09\/b9e7ba5cc6e33c02d450298142c99aea.jpg\"   class=\"bg-preloader\" alt=\"Freddie Mercury a Brian May.\"\/><\/p>\n<p class=\"atom-image-description \">\n<p>                                                                                                            Freddie Mercury a Brian May.<\/p>\n<p>                                                        Zdroj: \u010cTK\n                                                                                            <\/p>\n<p>                                                                                                                                                                                                        <img decoding=\"async\" loading=\"lazy\" src=\"https:\/\/www.europesays.com\/cz\/wp-content\/uploads\/2026\/09\/a0562f8de5f60e62e2f28445a99c7ce2.jpg\"   class=\"bg-preloader\" alt=\"Koncerty skupiny Queen jsou nezapomenuteln\u00e9.\"\/><\/p>\n<p class=\"atom-image-description \">\n<p>                                                                                                            Koncerty skupiny Queen jsou nezapomenuteln\u00e9.<\/p>\n<p>                                                        Zdroj: \u010cTK\n                                                                                            <\/p>\n<p>                                    <a href=\"\" data-index=\"1\"><br \/>\n                                                                                                                                <img decoding=\"async\" loading=\"lazy\" class=\"bg-preloader\" src=\"https:\/\/www.europesays.com\/cz\/wp-content\/uploads\/2026\/09\/1788647665_61_559e80760be80d33ff1f1344cb37f8cc.jpg\"  alt=\"Freddie Mercury byl nadan\u00fd skladatel, origin\u00e1ln\u00ed um\u011blec a zp\u011bv\u00e1k skupiny Queen.\"\/><br \/>\n                                                                            <\/a><\/p>\n<p class=\"atom-image-description\">\n                                                                                            Freddie Mercury byl nadan\u00fd skladatel, origin\u00e1ln\u00ed um\u011blec a zp\u011bv\u00e1k skupiny Queen.<\/p>\n<p>                                                    Zdroj: \u010cTK\n                                                                                    <\/p>\n<p>                                    <a href=\"\" data-index=\"2\"><br \/>\n                                                                                                                                <img decoding=\"async\" loading=\"lazy\" class=\"bg-preloader\" src=\"https:\/\/www.europesays.com\/cz\/wp-content\/uploads\/2026\/09\/1788647666_893_7eaf6755f6bc90d050bbdd1f590e072b.jpg\"  alt=\"Skupina Queen na lond\u00fdnsk\u00e9m leti\u0161ti Heathrow.\"\/><br \/>\n                                                                            <\/a><\/p>\n<p class=\"atom-image-description\">\n                                                                                            Skupina Queen na lond\u00fdnsk\u00e9m leti\u0161ti Heathrow.<\/p>\n<p>                                                    Zdroj: \u010cTK\n                                                                                    <\/p>\n<p>                                    <a href=\"\" data-index=\"3\"><br \/>\n                                                                                                                                <img decoding=\"async\" loading=\"lazy\" class=\"bg-preloader\" src=\"https:\/\/www.europesays.com\/cz\/wp-content\/uploads\/2026\/09\/1788647667_632_0525a57554dcb0c5db1c32f9e2a677d1.jpg\"  alt=\"Queen pat\u0159\u00ed k nejlep\u0161\u00edch kapel\u00e1m v\u0161ech dob. Um\u011bla i \u0161okovat.\"\/><br \/>\n                                                                            <\/a><\/p>\n<p class=\"atom-image-description\">\n                                                                                            Queen pat\u0159\u00ed k nejlep\u0161\u00edch kapel\u00e1m v\u0161ech dob. Um\u011bla i \u0161okovat.<\/p>\n<p>                                                    Zdroj: Profimedia.cz\n                                                                                    <\/p>\n<p>                                    <a href=\"\" data-index=\"4\"><br \/>\n                                                                                                                                <img decoding=\"async\" loading=\"lazy\" class=\"bg-preloader\" src=\"https:\/\/www.europesays.com\/cz\/wp-content\/uploads\/2026\/09\/1788647668_20_6f1f36391ed5dc64415eb1d726061ba5.jpg\"  alt=\"Mercury byl tak\u00e9 nadan\u00fd sportovec.\"\/><br \/>\n                                                                            <\/a><\/p>\n<p class=\"atom-image-description\">\n                                                                                            Mercury byl tak\u00e9 nadan\u00fd sportovec.<\/p>\n<p>                                                    Zdroj: Profimedia.cz\n                                                                                    <\/p>\n<p>                                    <a href=\"\" data-index=\"5\"><br \/>\n                                                                                                                                <img decoding=\"async\" loading=\"lazy\" class=\"bg-preloader\" src=\"https:\/\/www.europesays.com\/cz\/wp-content\/uploads\/2026\/09\/1788647669_947_b9e7ba5cc6e33c02d450298142c99aea.jpg\"  alt=\"Freddie Mercury a Brian May.\"\/><br \/>\n                                                                            <\/a><\/p>\n<p class=\"atom-image-description\">\n                                                                                            Freddie Mercury a Brian May.<\/p>\n<p>                                                    Zdroj: \u010cTK\n                                                                                    <\/p>\n<p>                                    <a href=\"\" data-index=\"6\"><br \/>\n                                                                                                                                <img decoding=\"async\" loading=\"lazy\" class=\"bg-preloader\" src=\"https:\/\/www.europesays.com\/cz\/wp-content\/uploads\/2026\/09\/1788647670_48_a0562f8de5f60e62e2f28445a99c7ce2.jpg\"  alt=\"Koncerty skupiny Queen jsou nezapomenuteln\u00e9.\"\/><br \/>\n                                                                            <\/a><\/p>\n<p class=\"atom-image-description\">\n                                                                                            Koncerty skupiny Queen jsou nezapomenuteln\u00e9.<\/p>\n<p>                                                    Zdroj: \u010cTK\n                                                                                    <\/p>\n<p>\u201eV\u0161ichni se m\u011b sna\u017eili p\u0159ed t\u00edmhle klubem varovat, co\u017e m\u011b samoz\u0159ejm\u011b je\u0161t\u011b v\u00edc utvrdilo v tom, \u017ee tam p\u016fjdu. Nedlouho pot\u00e9, co jsme dorazili, se strhla obrovsk\u00e1 rva\u010dka, kter\u00e1 skon\u010dila u na\u0161eho stolu. Rozb\u00edjely se \u017eidle, l\u00e9taly p\u011bsti, v\u0161ude byla krev. Billie Jean Kingov\u00e1 zkamen\u011bla, ale mn\u011b se to l\u00edbilo. \u0158ekl jsem j\u00ed, a\u0165 se neboj\u00ed, a zat\u00edmco zu\u0159ila rva\u010dka, popadl jsem ji a odvedl na parket. Byla to mnohem v\u011bt\u0161\u00ed z\u00e1bava ne\u017e ve\u010de\u0159e u m\u011b v hotelu,\u201c vzpom\u00ednal Mercury.<\/p>\n<p>M\u00f3da d\u011bsila rodi\u010de. Jak to bylo s logem Queen?<\/p>\n<p>Kdy\u017e Mercury studoval na Ealing Art College, za\u010dal experimentovat s r\u016fzn\u00fdmi m\u00f3dn\u00edmi styly, co\u017e bylo trnem v oku jeho rodi\u010d\u016fm. \u201eRodi\u010de byli pobou\u0159eni, kdy\u017e jsem jim \u0159ekl, co d\u011bl\u00e1m. Pravideln\u011b jsem chodil dom\u016f a objevoval se v t\u011bch nehor\u00e1zn\u00fdch \u0161atech, s nehty nalakovan\u00fdmi na\u010derno. \u0158\u00edk\u00e1vali: \u201aPanebo\u017ee! A\u0165 t\u011b sousedi nevid\u00ed. Poj\u010f rychle dovnit\u0159! Pou\u017eij zadn\u00ed dve\u0159e,\u2018\u201c vypr\u00e1v\u011bl.<\/p>\n<p class=\"intro-title-mobile\">\n        \u010ct\u011bte tak\u00e9\n    <\/p>\n<p>        <a href=\"https:\/\/cnn.iprima.cz\/slavny-angelo-z-kelly-family-na-cnn-prima-news-chvali-ceske-fandy-a-zve-na-prazsky-koncert-520864\" class=\"image-link\" rel=\"nofollow noopener\" target=\"_blank\"><\/p>\n<p>            <img decoding=\"async\" loading=\"lazy\" class=\"image\" src=\"https:\/\/www.europesays.com\/cz\/wp-content\/uploads\/2026\/09\/9b62557da9c61fee861c568174ed57e3.jpg\" alt=\"Hudebn\u00edk Angelo Kelly ve vys\u00edl\u00e1n\u00ed CNN Prima NEWS\"\/><\/p>\n<p>            <\/a><\/p>\n<p class=\"intro-title-desktop\">\n            \u010ct\u011bte tak\u00e9\n        <\/p>\n<p>                <a href=\"https:\/\/cnn.iprima.cz\/slavny-angelo-z-kelly-family-na-cnn-prima-news-chvali-ceske-fandy-a-zve-na-prazsky-koncert-520864\" class=\"title-link\" rel=\"nofollow noopener\" target=\"_blank\"><\/p>\n<p class=\"title\">\n                Slavn\u00fd Angelo z Kelly Family na CNN Prima NEWS: Chv\u00e1l\u00ed \u010desk\u00e9 fandy a zve na pra\u017esk\u00fd koncert\n            <\/p>\n<p>        <\/a><\/p>\n<p>                                                                                                3. z\u00e1\u0159 2026, 15:31<\/p>\n<p>                6 min \u010dten\u00ed<\/p>\n<p>Mercuryho diplom z v\u00fdtvarn\u00e9ho a grafick\u00e9ho designu z Ealingu se mu ale hodil. Pozd\u011bji s\u00e1m navrhl logo skupiny Queen. Stalo se to v \u010dervenci 1971, kdy\u017e John Deacon doplnil sestavu o Briana Maye a Rogera Taylora. \u201eRozhodli jsme, \u017ee se kapela bude jmenovat Queen, a j\u00e1 jsem navrhl logo. Jednodu\u0161e jsem zkombinoval v\u0161echny tvory, kte\u0159\u00ed p\u0159edstavuj\u00ed na\u0161e hv\u011bzdn\u00e1 znamen\u00ed. A to ani v astrologii nev\u011b\u0159\u00edm,\u201c prozradil Mercury.<\/p>\n<p>Nepot\u0159eboval moc sp\u00e1t a m\u011bl \u0161patn\u00e9 sny<\/p>\n<p>Navzdory sv\u00e9mu energick\u00e9mu profesn\u00edmu \u017eivotu a ve\u010d\u00edrk\u016fm Mercury \u0159\u00edkal, \u017ee dok\u00e1\u017ee p\u0159e\u017e\u00edt s mal\u00fdm mno\u017estv\u00edm sp\u00e1nku. \u201eDok\u00e1\u017eu vydr\u017eet dlouho bez sp\u00e1nku, takov\u00e1 je moje povaha. Vysta\u010d\u00edm si s pouh\u00fdmi dv\u011bma nebo t\u0159emi hodinami za noc. Nev\u00edm, \u010d\u00edm to je, ale je to tak. Odpo\u010d\u00edv\u00e1m zp\u016fsobem, kter\u00fd v\u011bt\u0161ina lid\u00ed nedok\u00e1\u017ee pochopit. Kdy\u017e let\u00edm dvacet minut letadlem, sp\u00edm a to mi sta\u010d\u00ed. Za tak kr\u00e1tkou dobu si dobiji baterky a jsem zase vzh\u016fru,\u201c popsal zp\u011bv\u00e1k, kter\u00fd ale klidn\u00fdm sp\u00e1nkem nespal, kdy\u017e u\u017e na to m\u011bl \u010das.<\/p>\n<p>\u201eDost \u010dasto m\u00edv\u00e1m no\u010dn\u00ed m\u016fry. Jako t\u0159eba jednou v noci t\u011bsn\u011b p\u0159ed koncertem Rainbow (1974 \u2013 pozn. red.). Spali jsme v Holiday Inn a zd\u00e1lo se mi, \u017ee jsem vy\u0161el na balkon a cel\u00fd se z\u0159\u00edtil a j\u00e1 le\u017eel na hromad\u011b na chodn\u00edku. Kdy\u017e jsem se probudil, zkamen\u011bl jsem,\u201c p\u0159iznal.<\/p>\n<p>VIDEO: Freddie Mercury by oslavil 80<\/p>\n<p>    Hostov\u00e1n\u00ed se Sex Pistols nevy\u0161lo, cht\u011bli ho i na Broadwayi<\/p>\n<p>V roce 1977, kdy\u017e Queeni nahr\u00e1vali v Lond\u00fdn\u011b \u010d\u00e1sti alba News Of The World, Mercury \u0159ekl, \u017ee ve vedlej\u0161\u00edm studiu jsou dva budouc\u00ed \u010dlenov\u00e9 Sex Pistols.<\/p>\n<p>\u201ePozval jsem Johnnyho Rottena a Sida Viciouse, aby si poslechli jednu z na\u0161ich skladeb, a \u0159ekl jsem jim, \u017ee kdy\u017e budou zp\u00edvat v jedn\u00e9 z m\u00fdch p\u00edsn\u00ed, zazp\u00edv\u00e1m v jedn\u00e9 z jejich a to jste je m\u011bli vid\u011bt. \u0158\u00edkali: \u201aMy nem\u016f\u017eeme zp\u00edvat s Freddiem Mercurym.\u2018 M\u011bl jsem na sob\u011b tehdy baletn\u00ed boty a podobn\u011b. Bylo to docela vtipn\u00e9,\u201c vzpom\u00ednal zp\u011bv\u00e1k na st\u0159et dvou hudebn\u00edch sv\u011bt\u016f.<\/p>\n<p class=\"intro-title-mobile\">\n        \u010ct\u011bte tak\u00e9\n    <\/p>\n<p>        <a href=\"https:\/\/cnn.iprima.cz\/karel-gott-anticharta-ho-strasila-az-do-smrti-proc-ji-podepsal-31437\" class=\"image-link\" rel=\"nofollow noopener\" target=\"_blank\"><\/p>\n<p>            <img decoding=\"async\" loading=\"lazy\" class=\"image\" src=\"https:\/\/www.europesays.com\/cz\/wp-content\/uploads\/2026\/09\/5ff0035f96e8e31c636953fb3e0b1c5b.jpg\" alt=\"Karel Gott podepisuje Antichartu\"\/><\/p>\n<p>            <\/a><\/p>\n<p class=\"intro-title-desktop\">\n            \u010ct\u011bte tak\u00e9\n        <\/p>\n<p>                <a href=\"https:\/\/cnn.iprima.cz\/karel-gott-anticharta-ho-strasila-az-do-smrti-proc-ji-podepsal-31437\" class=\"title-link\" rel=\"nofollow noopener\" target=\"_blank\"><\/p>\n<p class=\"title\">\n                Gotta do smrti tr\u00e1pil komunistick\u00fd podraz: Nejrad\u0161i bych to datum ze \u017eivota vymazal\n            <\/p>\n<p>        <\/a><\/p>\n<p>                                                                                                22. srp 2021, 06:39<\/p>\n<p>                6 min \u010dten\u00ed<\/p>\n<p>Mercury tak\u00e9 r\u00e1d chodil do divadla, na balet a do opery, ale s\u00e1m na prkna, kter\u00e1 znamenaj\u00ed sv\u011bt, necht\u011bl. \u201eNikdy bych nedok\u00e1zal odehr\u00e1t sez\u00f3nu v divadle. Do\u0161ly by mi s\u00edly,\u201c m\u011bl jasno.<\/p>\n<p>\u201eJednou m\u011b po\u017e\u00e1dali, abych hr\u00e1l na Broadwayi La Boh\u00e8me s Lindou Ronstadtovou. Pomyslel jsem si, \u017ee to je \u00fapln\u011b mimo m\u00edsu. Mysleli si, \u017ee um\u00edm zp\u00edvat operu. Prvn\u00ed, co m\u011b napadlo, bylo, \u017ee nem\u016f\u017eu d\u011blat matin\u00e9 a \u017ee si neuv\u011bdomuj\u00ed, \u017ee nem\u016f\u017eu zp\u00edvat \u0161est nebo sedm dn\u00ed v t\u00fddnu na jednom jevi\u0161ti \u2013 unudil bych se k smrti,\u201c vysv\u011btlil Mercury d\u016fvod, pro\u010d odm\u00edtl.<\/p>\n<p>D\u011bsila ho mal\u00e1 letadla<\/p>\n<p>Queen b\u011bhem t\u0159in\u00e1cti velk\u00fdch turn\u00e9 oblet\u011bli sv\u011bt hned n\u011bkolikr\u00e1t, ale Mercurymu se nel\u00edbilo, kdy\u017e v Ji\u017en\u00ed Americe museli cestovat mal\u00fdm letadlem. \u201eByl jsem vyd\u011b\u0161en\u00fd. Nerad l\u00e9t\u00e1m v n\u011b\u010dem men\u0161\u00edm ne\u017e jumbo jet a tahle v\u011bc, ve kter\u00e9 jsme let\u011bli, byla tak mal\u00e1. Bylo mi \u0159e\u010deno, \u017ee na druh\u00e9m konci na n\u00e1s \u010dekaj\u00ed fotografov\u00e9, tak\u017ee jsem nemohl dopustit, aby vid\u011bli, jak jsem ot\u0159esen\u00fd. Klouby jsem m\u011bl b\u00edl\u00e9 od toho, jak jsem sv\u00edral op\u011brky. Ale kdy\u017e jsme dorazili, vystoupil jsem z toho stroje s \u00fasm\u011bvem na tv\u00e1\u0159i a vypadal jsem, jako bych to d\u011blal ka\u017ed\u00fd den,\u201c p\u0159iznal legend\u00e1rn\u00ed frontman.<\/p>\n<p>Skupina s Eltonem Johnem a Rodem Stewartem<\/p>\n<p>\u201eRod Stewart, Elton John a j\u00e1 jsme se kdysi d\u00e1vno chystali zalo\u017eit kapelu, kter\u00e1 by se jmenovala Hair, Nose And Teeth (Vlasy, nos a zuby) \u2013 podle n\u00e1s t\u0159\u00ed. Je to hezk\u00e9, kdy\u017e vypijete hodn\u011b v\u00edna a mluv\u00edte o tom, ale druh\u00fd den, kdy\u017e vyst\u0159\u00edzliv\u00edte, Elton \u0159ekne: \u201aNebudu zp\u00edvat s Rodem.\u2018 A Rod \u0159ekne: \u201aNebudu zp\u00edvat s Freddiem. A j\u00e1 \u0159eknu: \u201aNebudu zp\u00edvat s Eltonem! Uv\u011bdom\u00edte si, \u017ee k tomu nikdy nedojde,\u201c \u0159ekl Mercury k bl\u00e1zniv\u00e9mu n\u00e1padu skv\u011bl\u00fdch hudebn\u00edk\u016f.<\/p>\n<p>Od Eltona Johna dostal pozd\u011bji i rady ohledn\u011b sv\u00e9ho majetku. Pot\u00e9, co zbohatl, si toti\u017e Mercury dop\u0159\u00e1l\u00a0d\u016fm s osmi lo\u017enicemi v Kensingtonu, jedn\u00e9 z nejexkluzivn\u011bj\u0161\u00edch lond\u00fdnsk\u00fdch \u010dtvrt\u00ed.<\/p>\n<p>\u201eJe pln\u00fd mramorov\u00fdch podlah a mahagonov\u00fdch schodi\u0161\u0165. M\u00e1 dokonce zahradu, kter\u00e1 m\u00e1 t\u0159i \u010dtvrt\u011b akru. Jeden Arab mi za ni nab\u00eddl 4 miliony liber (asi 118 milion\u016f korun). \u0158ekl jsem to Eltonu Johnovi a \u0159ekl: \u201aRychle mu to prodej a \u017eij v\u00a0panel\u00e1ku.\u2018 Ale je to m\u016fj vysn\u011bn\u00fd d\u016fm a je mi jedno, kolik m\u011b bude st\u00e1t,\u201c m\u011bl jasno Mercury.<\/p>\n<p class=\"intro-title-mobile\">\n        \u010ct\u011bte tak\u00e9\n    <\/p>\n<p>        <a href=\"https:\/\/cnn.iprima.cz\/show-time\/herecka-lysenkova-postacka-z-chaluparu-byla-babickou-sester-geislerovych-dozivala-na-voziku-520668\" class=\"image-link\" rel=\"nofollow noopener\" target=\"_blank\"><\/p>\n<p>            <img decoding=\"async\" loading=\"lazy\" class=\"image\" src=\"https:\/\/www.europesays.com\/cz\/wp-content\/uploads\/2026\/09\/1788647672_648_8f3130c96fa54ea30d6bcdfab52d61ee.png\" alt=\"Here\u010dka R\u016f\u017eena Lysenkov\u00e1 byla babi\u010dkou Anny a Ester Geislerov\u00fdch. \"\/><\/p>\n<p>            <\/a><\/p>\n<p class=\"intro-title-desktop\">\n            \u010ct\u011bte tak\u00e9\n        <\/p>\n<p>                <a href=\"https:\/\/cnn.iprima.cz\/show-time\/herecka-lysenkova-postacka-z-chaluparu-byla-babickou-sester-geislerovych-dozivala-na-voziku-520668\" class=\"title-link\" rel=\"nofollow noopener\" target=\"_blank\"><\/p>\n<p class=\"title\">\n                Here\u010dka Lysenkov\u00e1, po\u0161\u0165a\u010dka z Chalup\u00e1\u0159\u016f, byla babi\u010dkou sester Geislerov\u00fdch. Do\u017e\u00edvala na voz\u00edku\n            <\/p>\n<p>        <\/a><\/p>\n<p>                                                                                                3. z\u00e1\u0159 2026, 06:19<\/p>\n<p>                6 min \u010dten\u00ed<\/p>\n<p>Sv\u016fj d\u016fm zaplnil zp\u011bv\u00e1k dle sv\u00e9ho gusta, tedy um\u011bn\u00edm.\u00a0\u201eMus\u00edm b\u00fdt n\u011b\u010d\u00edm obklopen, i kdyby to m\u011bl b\u00fdt jen um\u011bleck\u00fd p\u0159edm\u011bt. Tak\u017ee hodn\u011b sb\u00edr\u00e1m a cel\u00fd m\u016fj d\u016fm je pln\u00fd kr\u00e1sn\u00e9ho japonsk\u00e9ho um\u011bn\u00ed a staro\u017eitnost\u00ed,\u201c vysv\u011btlil Mercury v souvislosti s rozhovorem Dava Clarka\u00a0<a target=\"_blank\" href=\"https:\/\/www.udiscovermusic.com\/stories\/freddie-mercury-facts-you-need-to-know\/\" rel=\"nofollow noopener\">pro uDiscover Music<\/a>.<\/p>\n<p>\u201ePamatuji si, \u017ee m\u011bl na z\u00e1chod\u011b Picass\u016fv obraz. Mercury \u010dasto nav\u0161t\u011bvoval aukce v Sotheby&#8217;s a Christie&#8217;s,\u201c vzpom\u00ednal Clark.<\/p>\n<p>Um\u011bn\u00ed ho inspirovalo i k psan\u00ed p\u00edsn\u00ed.\u00a0Kdy\u017e skupina v roce 1974 nat\u00e1\u010dela album Queen II, Mercury \u0159ekl, \u017ee p\u00edse\u0148 The Fairy Feller&#8217;s Master-Stroke napsal pot\u00e9, co ho inspiroval obraz, kter\u00fd vid\u011bl v lond\u00fdnsk\u00e9 Tate Gallery. \u201eChod\u00edm hodn\u011b do galeri\u00ed a v Tate jsem vid\u011bl obraz Richarda Dadda, co\u017e byl viktori\u00e1nsk\u00fd um\u011blec, kter\u00fd se mi l\u00edbil. Velmi m\u011b to inspirovalo,\u201c uvedl zp\u011bv\u00e1k.<\/p>\n<p>MOHLI JSTE P\u0158EHL\u00c9DNOUT: <a target=\"_blank\" href=\"https:\/\/cnn.iprima.cz\/rolins-a-nedved-velky-rozhovor-o-svatbe-520960\" rel=\"nofollow noopener\">Rolins a Nedv\u011bd o poh\u00e1dkov\u00e9 svatb\u011b: Dara c\u00edt\u00ed, \u017ee jsou si souzeni, \u017eenich sotva zadr\u017eoval slzy<\/a><\/p>\n","protected":false},"excerpt":{"rendered":"Freddie Mercury, l\u00eddr jedn\u00e9 z nejlep\u0161\u00edch kapel v\u0161ech dob, by se 5. z\u00e1\u0159\u00ed do\u017eil osmdes\u00e1tky. Frontman Queen byl&hellip;\n","protected":false},"author":2,"featured_media":204152,"comment_status":"","ping_status":"","sticky":false,"template":"","format":"standard","meta":{"footnotes":"","_share_on_mastodon":"0"},"categories":[10],"tags":[46415,10802,6078,28040,13159,17,21,3391,316,3621,2241,16,8881,13160,26432,18,19,22,1682,1528,2273,11648,83,20],"class_list":["post-204151","post","type-post","status-publish","format-standard","has-post-thumbnail","category-zpravy","tag-billie-jean-kingova","tag-brian-may","tag-dum","tag-elton-john","tag-freddie-mercury","tag-headlines","tag-hlavni-udalosti","tag-hudebni-skupina","tag-kapela","tag-kariera","tag-narozeniny","tag-news","tag-pratele","tag-queen","tag-rod-stewart","tag-top-news","tag-top-stories","tag-udalosti-dne","tag-umeni","tag-vyroci","tag-vzpominky","tag-wimbledon","tag-zpevak","tag-zpravy"],"share_on_mastodon":{"url":"https:\/\/pubeurope.com\/@cz\/117220820552371517","error":""},"_links":{"self":[{"href":"https:\/\/www.europesays.com\/cz\/wp-json\/wp\/v2\/posts\/204151","targetHints":{"allow":["GET"]}}],"collection":[{"href":"https:\/\/www.europesays.com\/cz\/wp-json\/wp\/v2\/posts"}],"about":[{"href":"https:\/\/www.europesays.com\/cz\/wp-json\/wp\/v2\/types\/post"}],"author":[{"embeddable":true,"href":"https:\/\/www.europesays.com\/cz\/wp-json\/wp\/v2\/users\/2"}],"replies":[{"embeddable":true,"href":"https:\/\/www.europesays.com\/cz\/wp-json\/wp\/v2\/comments?post=204151"}],"version-history":[{"count":0,"href":"https:\/\/www.europesays.com\/cz\/wp-json\/wp\/v2\/posts\/204151\/revisions"}],"wp:featuredmedia":[{"embeddable":true,"href":"https:\/\/www.europesays.com\/cz\/wp-json\/wp\/v2\/media\/204152"}],"wp:attachment":[{"href":"https:\/\/www.europesays.com\/cz\/wp-json\/wp\/v2\/media?parent=204151"}],"wp:term":[{"taxonomy":"category","embeddable":true,"href":"https:\/\/www.europesays.com\/cz\/wp-json\/wp\/v2\/categories?post=204151"},{"taxonomy":"post_tag","embeddable":true,"href":"https:\/\/www.europesays.com\/cz\/wp-json\/wp\/v2\/tags?post=204151"}],"curies":[{"name":"wp","href":"https:\/\/api.w.org\/{rel}","templated":true}]}}