{"id":204155,"date":"2026-09-05T22:41:20","date_gmt":"2026-09-05T22:41:20","guid":{"rendered":"https:\/\/www.europesays.com\/cz\/204155\/"},"modified":"2026-09-05T22:41:20","modified_gmt":"2026-09-05T22:41:20","slug":"putin-naridil-kvuli-delegaci-usa-na-tri-dny-zastavit-utoky-na-kyjev-rekl-peskov","status":"publish","type":"post","link":"https:\/\/www.europesays.com\/cz\/204155\/","title":{"rendered":"Putin na\u0159\u00eddil kv\u016fli delegaci USA na t\u0159i dny zastavit \u00fatoky na Kyjev, \u0159ekl Peskov"},"content":{"rendered":"<p class=\"e_bX\">Rusk\u00fd prezident Vladimir Putin vydal pokyn ne\u00fato\u010dit po dobu t\u0159\u00ed dn\u016f na Kyjev, uvedl v\u00a0sobotu podle rusk\u00e9 st\u00e1tn\u00ed agentury TASS mluv\u010d\u00ed Kremlu Dmitrij Peskov. Podle n\u011bj na\u0159\u00edzen\u00ed souvis\u00ed s\u00a0chystan\u00fdm p\u0159\u00edjezdem americk\u00e9 delegace na Ukrajinu, platit za\u010dne od sobotn\u00ed p\u016flnoci.<\/p>\n<p class=\"e_bX\">Ameri\u010dt\u00ed vyjednava\u010di Steve Witkoff a\u00a0Jared Kushner v\u00a0sobotu po poledni p\u0159ist\u00e1li v\u00a0Moskv\u011b, aby se pokusili obnovit jedn\u00e1n\u00ed o\u00a0ukon\u010den\u00ed v\u00e1lky mezi Ukrajinou a\u00a0Ruskem. Putin se s\u00a0nimi sejde je\u0161t\u011b v\u00a0sobotu, uvedl Peskov.<\/p>\n<p class=\"e_bX\">\u201ePrezident Ruska a\u00a0vrchn\u00ed velitel Putin na\u0159\u00eddil, aby se od dne\u0161n\u00ed p\u016flnoci po dobu t\u0159\u00ed dn\u016f ne\u00fato\u010dilo na Kyjev. Souvis\u00ed to s\u00a0p\u0159\u00edpravou a\u00a0kon\u00e1n\u00edm kontakt\u016f Ameri\u010dan\u016f v\u00a0Kyjev\u011b,\u201c \u0159ekl Peskov.<\/p>\n<p class=\"e_bX\">Ukrajinsk\u00fd prezident Volodymyr Zelenskyj ozn\u00e1mil, \u017ee americkou delegaci v\u00a0ukrajinsk\u00e9m hlavn\u00edm m\u011bst\u011b o\u010dek\u00e1v\u00e1 v\u00a0ned\u011bli. Podle ukrajinsk\u00fdch m\u00e9di\u00ed a\u00a0zdroj\u016f agentury Reuters se rusk\u00e1 strana sna\u017eila Witkoffa a\u00a0Kushnera od jejich prvn\u00ed n\u00e1v\u0161t\u011bvy Ukrajiny v\u00a0pozici vyjednava\u010d\u016f americk\u00e9ho prezidenta Donalda Trumpa odradit.<\/p>\n<p class=\"e_bX\">Zelenskyj rovn\u011b\u017e uvedl, \u017ee Rusko v\u00a0noci na sobotu v\u00a0reakci na o\u010dek\u00e1van\u00fd p\u0159\u00edlet americk\u00e9 delegace ude\u0159ilo na leti\u0161t\u011b v\u00a0Kyjev\u011b a\u00a0nedalek\u00e9m Boryspilu.<\/p>\n<p>K t\u00e9matu:<a data-dot=\"mol-article-card-media\" aria-hidden=\"true\" tabindex=\"-1\" href=\"https:\/\/www.seznamzpravy.cz\/clanek\/zahranicni-rusko-uderilo-na-letiste-v-kyjeve-pred-navstevou-trumpovych-vyjednavacu-314707\" class=\"e_n f_l8\" rel=\"nofollow noopener\" target=\"_blank\"><img fetchpriority=\"high\" height=\"2304\"   width=\"4096\" src=\"https:\/\/www.europesays.com\/cz\/wp-content\/uploads\/2026\/09\/1788648080_960_steve-witkoff.jpeg\" loading=\"eager\" decoding=\"sync\" class=\"e_aa e_Z\"\/><\/a><a data-dot=\"mol-article-card-media\" aria-hidden=\"true\" tabindex=\"-1\" href=\"https:\/\/www.seznamzpravy.cz\/clanek\/zahranicni-rjabkov-usa-by-mely-pri-jednani-o-ukrajine-brat-v-potaz-realitu-na-bojisti-314703\" class=\"e_n f_l8\" rel=\"nofollow noopener\" target=\"_blank\"><img height=\"2304\"   width=\"4096\" src=\"https:\/\/www.europesays.com\/cz\/wp-content\/uploads\/2026\/09\/1788648080_543_sergej-rjabkov.jpeg\" loading=\"eager\" decoding=\"sync\" class=\"e_aa e_Z\"\/><\/a><\/p>\n","protected":false},"excerpt":{"rendered":"Rusk\u00fd prezident Vladimir Putin vydal pokyn ne\u00fato\u010dit po dobu t\u0159\u00ed dn\u016f na Kyjev, uvedl v\u00a0sobotu podle rusk\u00e9 st\u00e1tn\u00ed&hellip;\n","protected":false},"author":2,"featured_media":204156,"comment_status":"","ping_status":"","sticky":false,"template":"","format":"standard","meta":{"footnotes":"","_share_on_mastodon":"0"},"categories":[11],"tags":[4358,1609,55,59,54,897,56,166,53,52],"class_list":["post-204155","post","type-post","status-publish","format-standard","has-post-thumbnail","category-svet","tag-dmitrij-sergejevic-peskov","tag-jared-kushner","tag-mirova-jednani-o-ukrajine","tag-steve-witkoff","tag-svet","tag-utok","tag-valka-rusko-ukrajina","tag-vladimir-putin","tag-world","tag-world-news"],"share_on_mastodon":{"url":"https:\/\/pubeurope.com\/@cz\/117220847763053808","error":""},"_links":{"self":[{"href":"https:\/\/www.europesays.com\/cz\/wp-json\/wp\/v2\/posts\/204155","targetHints":{"allow":["GET"]}}],"collection":[{"href":"https:\/\/www.europesays.com\/cz\/wp-json\/wp\/v2\/posts"}],"about":[{"href":"https:\/\/www.europesays.com\/cz\/wp-json\/wp\/v2\/types\/post"}],"author":[{"embeddable":true,"href":"https:\/\/www.europesays.com\/cz\/wp-json\/wp\/v2\/users\/2"}],"replies":[{"embeddable":true,"href":"https:\/\/www.europesays.com\/cz\/wp-json\/wp\/v2\/comments?post=204155"}],"version-history":[{"count":0,"href":"https:\/\/www.europesays.com\/cz\/wp-json\/wp\/v2\/posts\/204155\/revisions"}],"wp:featuredmedia":[{"embeddable":true,"href":"https:\/\/www.europesays.com\/cz\/wp-json\/wp\/v2\/media\/204156"}],"wp:attachment":[{"href":"https:\/\/www.europesays.com\/cz\/wp-json\/wp\/v2\/media?parent=204155"}],"wp:term":[{"taxonomy":"category","embeddable":true,"href":"https:\/\/www.europesays.com\/cz\/wp-json\/wp\/v2\/categories?post=204155"},{"taxonomy":"post_tag","embeddable":true,"href":"https:\/\/www.europesays.com\/cz\/wp-json\/wp\/v2\/tags?post=204155"}],"curies":[{"name":"wp","href":"https:\/\/api.w.org\/{rel}","templated":true}]}}