{"id":204181,"date":"2026-09-06T00:01:10","date_gmt":"2026-09-06T00:01:10","guid":{"rendered":"https:\/\/www.europesays.com\/cz\/204181\/"},"modified":"2026-09-06T00:01:10","modified_gmt":"2026-09-06T00:01:10","slug":"energie-pred-podzimem-prudce-zdrazuji-komu-konci-smlouva-ten-si-priplati-tisice-korun","status":"publish","type":"post","link":"https:\/\/www.europesays.com\/cz\/204181\/","title":{"rendered":"Energie p\u0159ed podzimem prudce zdra\u017euj\u00ed. Komu kon\u010d\u00ed smlouva, ten si p\u0159iplat\u00ed tis\u00edce korun"},"content":{"rendered":"<p>\n                        Ceny energi\u00ed na velkoobchodn\u00edch burz\u00e1ch prudce rostou. U elekt\u0159iny \u010din\u00ed meziro\u010dn\u00ed n\u00e1r\u016fst 47 procent, u plynu dokonce 89 procent. Lid\u00e9 se proto mus\u00ed p\u0159ipravit na zdra\u017eov\u00e1n\u00ed. N\u011bkte\u0159\u00ed velc\u00ed dodavatel\u00e9 u\u017e nyn\u00ed s\u00e1hli k nav\u00fd\u0161en\u00ed nab\u00eddek na nov\u00e9 produkty. Komu kon\u010d\u00ed fixace, mus\u00ed po\u010d\u00edtat s t\u00edm, \u017ee nov\u00e9 tarify zdra\u017e\u00ed o des\u00edtky procent.\n                    <\/p>\n<p>Geopolitick\u00e9 nap\u011bt\u00ed je jednou z p\u0159\u00ed\u010din vysok\u00fdch cen energi\u00ed. Zejm\u00e9na krize na Bl\u00edzk\u00e9m v\u00fdchod\u011b m\u016f\u017ee za v\u00fdpadky dod\u00e1vek zkapaln\u011bn\u00e9ho zemn\u00edho plynu. Nejedn\u00e1 se ale o n\u00e1hl\u00fd v\u00fdvoj. Ceny na velkoobchodn\u00ed burze se zvy\u0161uj\u00ed od b\u0159ezna. Od letn\u00edch m\u011bs\u00edc\u016f se nav\u00edc tempo zrychluje. Aktu\u00e1ln\u011b je ro\u010dn\u00ed term\u00ednovan\u00fd kontrakt na dod\u00e1vku elekt\u0159iny Cal-27 meziro\u010dn\u011b vy\u0161\u0161\u00ed o 47 procent a u zemn\u00edho plynu dokonce o 89 procent.<\/p>\n<p>\u010cT\u011aTE TAK\u00c9: <a target=\"_blank\" href=\"https:\/\/cnn.iprima.cz\/okamura-chce-vyssi-duchody-nez-schillerova-naznacil-castku-prozradil-kde-skrtat-v-rozpoctu-520818\" rel=\"nofollow noopener\">Okamura chce vy\u0161\u0161\u00ed d\u016fchody ne\u017e Schillerov\u00e1, nazna\u010dil \u010d\u00e1stku. Prozradil, kde \u0161krtat v rozpo\u010dtu.<\/a><\/p>\n<p>Podle \u010dlena spr\u00e1vn\u00ed rady dodavatele Centropol Ji\u0159\u00edho Matou\u0161ka se tento negativn\u00ed v\u00fdvoj prop\u00ed\u0161e do nab\u00eddek velmi brzy. \u201eLze tedy p\u0159edpokl\u00e1dat, \u017ee tento v\u00fdvoj se od ledna na \u010desk\u00e9m trhu za\u010dne projevovat v cen\u00edc\u00edch pro koncov\u00e9 z\u00e1kazn\u00edky. Vzhledem k tomu, \u017ee zaji\u0161\u0165ov\u00e1n\u00ed energi\u00ed se d\u011bje dva a\u017e t\u0159i roky dop\u0159edu a podstatnou \u010d\u00e1st energi\u00ed na p\u0159\u00ed\u0161t\u00ed rok tak dodavatel\u00e9 m\u011bli m\u00edt nakoupenou u\u017e p\u0159ed eskalac\u00ed bl\u00edzkov\u00fdchodn\u00edho konfliktu, neo\u010dek\u00e1v\u00e1me dramatick\u00fd r\u016fst koncov\u00fdch cen,\u201c \u0159ekl pro CNN Prima NEWS Matou\u0161ek.<\/p>\n<p class=\"intro-title-mobile\">\n        \u010ct\u011bte tak\u00e9\n    <\/p>\n<p>        <a href=\"https:\/\/cnn.iprima.cz\/vysetrovani-turkovy-nehody-je-mi-ukradene-rekl-macinka-ocekava-navrat-zmocnence-na-resort-520965\" class=\"image-link\" rel=\"nofollow noopener\" target=\"_blank\"><\/p>\n<p>            <img decoding=\"async\" loading=\"lazy\" class=\"image\" src=\"https:\/\/www.europesays.com\/cz\/wp-content\/uploads\/2026\/09\/1788652869_434_e02abd73d5e2d8c7bd2f6b828086cb53.jpg\" alt=\"Filip Turek a Petr Macinka\"\/><\/p>\n<p>            <\/a><\/p>\n<p class=\"intro-title-desktop\">\n            \u010ct\u011bte tak\u00e9\n        <\/p>\n<p>                <a href=\"https:\/\/cnn.iprima.cz\/vysetrovani-turkovy-nehody-je-mi-ukradene-rekl-macinka-ocekava-navrat-zmocnence-na-resort-520965\" class=\"title-link\" rel=\"nofollow noopener\" target=\"_blank\"><\/p>\n<p class=\"title\">\n                Vy\u0161et\u0159ov\u00e1n\u00ed Turkovy nehody je mi ukraden\u00e9, \u0159ekl Macinka. Chce ho zp\u00e1tky jako zmocn\u011bnce\n            <\/p>\n<p>        <\/a><\/p>\n<p>                                                                                                4. z\u00e1\u0159 2026, 14:50<\/p>\n<p>                6 min \u010dten\u00ed<\/p>\n<p>Nov\u011b mus\u00ed dodavatel\u00e9 energi\u00ed m\u00edt ze z\u00e1kona nakoupeno minim\u00e1ln\u011b 70 procent energi\u00ed pro z\u00e1kazn\u00edky s fixovanou cenou dop\u0159edu. Na koncov\u00e9 z\u00e1kazn\u00edky proto podobn\u00e9 krize mohou dol\u00e9hat m\u00edrn\u011bji \u010di se zpo\u017ed\u011bn\u00edm. \u201eV\u00a0Centropolu st\u00e1le dr\u017e\u00edme ceny na \u00farovn\u00edch ze za\u010d\u00e1tku leto\u0161n\u00edho roku a \u017e\u00e1dn\u00e9 rozhodnut\u00ed o jejich zvy\u0161ov\u00e1n\u00ed jsme nep\u0159ijali. Konkr\u00e9tn\u00ed kroky jednotliv\u00fdch dodavatel\u016f budou z\u00e1rove\u0148 ovlivn\u011bny jejich obchodn\u00ed strategi\u00ed, jestli si sn\u00ed\u017e\u00ed obchodn\u00ed p\u0159ir\u00e1\u017eku, nebo budou cht\u00edt n\u00e1kupy za vy\u0161\u0161\u00ed ceny rovnom\u011brn\u011b prom\u00edtnout do cen\u00edk\u016f pro z\u00e1kazn\u00edky. Obecn\u011b predikujeme v\u011bt\u0161\u00ed r\u016fst cen u plynu ne\u017e u elekt\u0159iny, u cen\u00edk\u016f na dobu neur\u010ditou v\u00a0intervalu 150 a\u017e 200 korun bez DPH za MWh plynu,\u201c dodal Matou\u0161ek.<\/p>\n<p>Ke zdra\u017eov\u00e1n\u00ed u\u017e n\u011bkter\u00e9 velk\u00e9 spole\u010dnosti s\u00e1hly. Podle \u0159editele sekce Energo spole\u010dnosti <a target=\"_blank\" href=\"http:\/\/Kalkul\u00e1tor.cz\" rel=\"nofollow noopener\">Kalkul\u00e1tor.cz <\/a>Luk\u00e1\u0161e Ka\u0148oka se vy\u0161\u0161\u00ed cena projev\u00ed u nov\u00fdch v\u00edcelet\u00fdch smluv. \u201ePr\u00e1v\u011b jsme dostali nov\u00e9 cen\u00edky jednoho z velk\u00fdch dodavatel\u016f, kde se plyn pro nov\u00e9 z\u00e1kazn\u00edky zdra\u017eil o 15 procent u t\u0159\u00edlet\u00e9 varianty a dokonce o 26 procent u smlouvy na dva roky. O\u010dek\u00e1v\u00e1m, \u017ee podobn\u00e9 zm\u011bny budou muset postupn\u011b ud\u011blat v\u0161ichni dodavatel\u00e9 a budou se t\u00fdkat nejen plynu, ale i elekt\u0159iny. St\u00e1vaj\u00edc\u00ed smlouvy se snad zdra\u017eovat nebudou, jakmile n\u00e1m ale smlouva skon\u010d\u00ed, mus\u00edme po\u010d\u00edtat s v\u00fdrazn\u00fdm zdra\u017een\u00edm,\u201c \u0159ekl pro CNN Prima NEWS.<\/p>\n<p>Jako p\u0159\u00edklad uvedl d\u016fm, kter\u00fd m\u00e1 spot\u0159ebu 20 MWh plynu ro\u010dn\u011b. Pokud m\u00e1 dom\u00e1cnost dobr\u00fd produkt, tak plat\u00ed pouze za plyn \u010d\u00e1stku okolo 22 tis\u00edc za rok. V p\u0159\u00edpad\u011b sou\u010dasn\u00e9ho prodlou\u017een\u00ed smlouvy v\u0161ak mus\u00ed po\u010d\u00edtat s nav\u00fd\u0161en\u00edm okolo 10 tis\u00edc korun. Z\u00e1le\u017e\u00ed v\u0161ak na samotn\u00e9 nab\u00eddce a tak\u00e9 d\u00e9lce fixace.<\/p>\n<p class=\"intro-title-mobile\">\n        \u010ct\u011bte tak\u00e9\n    <\/p>\n<p>        <a href=\"https:\/\/cnn.iprima.cz\/migranti-v-ceute-zabili-delfini-mlade-nosili-ho-nad-hlavou-jako-trofej-ukazuje-video-520972\" class=\"image-link\" rel=\"nofollow noopener\" target=\"_blank\"><\/p>\n<p>            <img decoding=\"async\" loading=\"lazy\" class=\"image\" src=\"https:\/\/www.europesays.com\/cz\/wp-content\/uploads\/2026\/09\/93e9db63a48631fa1bb120f91527558a.jpg\" alt=\"Na \u00fazem\u00ed \u0161pan\u011blsk\u00e9 exkl\u00e1vy Ceuta pronikly z Maroka tis\u00edce migrant\u016f.\"\/><\/p>\n<p>            <\/a><\/p>\n<p class=\"intro-title-desktop\">\n            \u010ct\u011bte tak\u00e9\n        <\/p>\n<p>                <a href=\"https:\/\/cnn.iprima.cz\/migranti-v-ceute-zabili-delfini-mlade-nosili-ho-nad-hlavou-jako-trofej-ukazuje-video-520972\" class=\"title-link\" rel=\"nofollow noopener\" target=\"_blank\"><\/p>\n<p class=\"title\">\n                Migranti v Ceut\u011b uml\u00e1tili delf\u00edn\u00ed ml\u00e1d\u011b. Pak ho nosili nad hlavou jako trofej, ukazuje video\n            <\/p>\n<p>        <\/a><\/p>\n<p>                                                                                                4. z\u00e1\u0159 2026, 16:51<\/p>\n<p>                6 min \u010dten\u00ed<\/p>\n<p>Pr\u00e1v\u011b fixace cen jsou st\u00e1le obl\u00edben\u011bj\u0161\u00ed a tak\u00e9 v\u00fdhodn\u011bj\u0161\u00ed. Plat\u00ed to jak u plynu, tak i u elekt\u0159iny. Podle \u0159editele TEDOM energie Jakuba Odlo\u017eil\u00edka je situace na trz\u00edch nad\u00e1le napjat\u00e1 a mimo\u0159\u00e1dn\u011b citliv\u00e1. \u201eNap\u011bt\u00ed na trhu s plynem se p\u0159el\u00e9v\u00e1 tak\u00e9 do zvy\u0161ov\u00e1n\u00ed ceny elekt\u0159iny, co\u017e zp\u016fsobuje kombinace dra\u017e\u0161\u00edho plynu, vysok\u00e9 popt\u00e1vky kv\u016fli tepl\u00e9mu po\u010das\u00ed a slab\u0161\u00ed v\u00fdroby z n\u011bkter\u00fdch zdroj\u016f. V Evrop\u011b situaci komplikuje tak\u00e9 podneb\u00ed. Francie se vzhledem k suchu pot\u00fdk\u00e1 s n\u00edzkou v\u00fdrobou jadern\u00fdch elektr\u00e1ren a N\u011bmecko tr\u00e1p\u00ed ni\u017e\u0161\u00ed v\u00fdroba z v\u011btru, zat\u00edmco n\u00edzk\u00e9 pr\u016ftoky \u0159ek sou\u010dasn\u011b omezily b\u011bhem l\u00e9ta \u010d\u00e1st v\u00fdroby a chlazen\u00ed elektr\u00e1ren,\u201c uvedl Odlo\u017eil\u00edk.<\/p>\n<p>Spolu s ro\u010dn\u00edmi term\u00ednov\u00fdmi kontrakty tak\u00e9 doch\u00e1z\u00ed k n\u00e1r\u016fstu spotov\u00e9 ceny elekt\u0159iny. Ta v srpnu vzrostla meziro\u010dn\u011b o 25 procent. \u201eVzhledem k p\u0159etrv\u00e1vaj\u00edc\u00edmu nap\u011bt\u00ed na trz\u00edch z\u00e1kazn\u00edk\u016fm st\u00e1le doporu\u010duji p\u0159edev\u0161\u00edm dvoulet\u00e9 fixace u elekt\u0159iny i plynu. Vzhledem k bl\u00ed\u017e\u00edc\u00edmu se za\u010d\u00e1tku topn\u00e9 sezony bych toto rozhodnut\u00ed ji\u017e neodkl\u00e1dal,\u201c dodal \u0159editel spole\u010dnosti Tedom.<\/p>\n<p>Z\u00e1sobn\u00edky se pln\u00ed pomaleji<\/p>\n<p>Analytiky znerv\u00f3z\u0148uje tak\u00e9 situace u plynov\u00fdch z\u00e1sobn\u00edk\u016f. Podle <a target=\"_blank\" href=\"https:\/\/agsi.gie.eu\/#\/\" rel=\"nofollow noopener\">\u00fadaj\u016f<\/a> organizace Gas Infrastructure Europe (GIE) jsou evropsk\u00e9 z\u00e1soby pln\u00e9 z m\u00e9n\u011b ne\u017e 64 procent, zat\u00edmco loni ve stejnou dobu to bylo kolem 76 procent a o rok d\u0159\u00edve kolem 92 procent.<\/p>\n<p class=\"intro-title-mobile\">\n        \u010ct\u011bte tak\u00e9\n    <\/p>\n<p>        <a href=\"https:\/\/cnn.iprima.cz\/mestska-policie-zverejnila-novy-seznam-mist-kde-v-praze-muze-merit-rychlost-520921\" class=\"image-link\" rel=\"nofollow noopener\" target=\"_blank\"><\/p>\n<p>            <img decoding=\"async\" loading=\"lazy\" class=\"image\" src=\"https:\/\/www.europesays.com\/cz\/wp-content\/uploads\/2026\/09\/fa06dfb897a1ce3d43873c573cf0da60.jpg\" alt=\"M\u011bstsk\u00e1 policie hl. m. Prahy\"\/><\/p>\n<p>            <\/a><\/p>\n<p class=\"intro-title-desktop\">\n            \u010ct\u011bte tak\u00e9\n        <\/p>\n<p>                <a href=\"https:\/\/cnn.iprima.cz\/mestska-policie-zverejnila-novy-seznam-mist-kde-v-praze-muze-merit-rychlost-520921\" class=\"title-link\" rel=\"nofollow noopener\" target=\"_blank\"><\/p>\n<p class=\"title\">\n                Kde v Praze m\u011b\u0159\u00ed rychlost: M\u011bstsk\u00e1 policie zve\u0159ejnila nov\u00fd seznam m\u00edst, kam m\u016f\u017ee s radary\n            <\/p>\n<p>        <\/a><\/p>\n<p>                                                                                                4. z\u00e1\u0159 2026, 15:24<\/p>\n<p>                6 min \u010dten\u00ed<\/p>\n<p>Server <a target=\"_blank\" href=\"https:\/\/www.cnbc.com\/2026\/08\/27\/europe-gas-storage-prices-winter-lng.html\" rel=\"nofollow noopener\">CNBC<\/a> v t\u00e9to souvislosti upozor\u0148uje, \u017ee i kv\u016fli n\u00edzk\u00fdm z\u00e1sob\u00e1m by se mohla cena plynu vy\u0161plhat nad 100 eur za MWh. Nyn\u00ed je na t\u00e9m\u011b\u0159 70 eurech za MWh. \u201eV n\u011bkter\u00fdch \u010d\u00e1stech Evropy za\u010d\u00edn\u00e1 topn\u00e1 sezona u\u017e v z\u00e1\u0159\u00ed. Nemus\u00edme p\u0159itom chodit daleko, proto\u017ee tak\u00e9 v \u010desk\u00fdch horsk\u00fdch oblastech b\u00fdvaj\u00ed z\u00e1\u0159ijov\u00e1 r\u00e1na chladn\u00e1 a lid\u00e9 za\u010d\u00ednaj\u00ed p\u0159it\u00e1p\u011bt. Pokud by nav\u00edc p\u0159i\u0161la chladn\u011bj\u0161\u00ed zima nebo n\u011bkolik t\u00fddn\u016f extr\u00e9mn\u00edch mraz\u016f, spot\u0159eba plynu i jeho cena by rychle vzrostly. A proto\u017ee se z plynu vyr\u00e1b\u00ed tak\u00e9 elekt\u0159ina, prom\u00edtl by se tento v\u00fdvoj i do jej\u00ed ceny,\u201c dodal Ka\u0148ok.<\/p>\n<p>MOHLO BY V\u00c1S ZAJ\u00cdMAT: <a target=\"_blank\" href=\"https:\/\/cnn.iprima.cz\/medvedev-touzi-po-uderu-na-nemecko-v-blizke-budoucnosti-k-tomu-nedojde-rika-rusky-expert-520829\" rel=\"nofollow noopener\">Moskv\u011b m\u016f\u017ee doj\u00edt trp\u011blivost, \u0159\u00edk\u00e1 rusk\u00fd expert o N\u011bmecku. Medv\u011bd\u011bv pohrozil p\u0159\u00edm\u00fdm \u00faderem.<\/a><\/p>\n<p class=\"!text-semibold-14-14 !text-black mb-0 mt-2\">\n                V\u011bnuje se p\u0159ev\u00e1\u017en\u011b ekonomick\u00fdm t\u00e9mat\u016fm z oblasti bydlen\u00ed, energetiky a mobiln\u00edch oper\u00e1tor\u016f. Rovn\u011b\u017e sleduje politick\u00e9 d\u011bn\u00ed na tuzemsk\u00e9 sc\u00e9n\u011b. Vystudoval medi\u00e1ln\u00ed studia na Metropolitn\u00ed univerzit\u011b v Praze. Od roku 2016 p\u016fsobil jako redaktor v Echo24, T\u00fdden\u00edku Echo a Business Monitor 24. Do redakce CNN Prima NEWS nastoupil v polovin\u011b roku 2022. (Ladislav.Sustr@iprima.cz)\n            <\/p>\n","protected":false},"excerpt":{"rendered":"Ceny energi\u00ed na velkoobchodn\u00edch burz\u00e1ch prudce rostou. U elekt\u0159iny \u010din\u00ed meziro\u010dn\u00ed n\u00e1r\u016fst 47 procent, u plynu dokonce 89&hellip;\n","protected":false},"author":2,"featured_media":204182,"comment_status":"","ping_status":"","sticky":false,"template":"","format":"standard","meta":{"footnotes":"","_share_on_mastodon":"0"},"categories":[12],"tags":[623,67,68,13319,1517,708,1697,491,11138,106,686,11143,11137,2887,6751,2886,11141,6706,11142,2132],"class_list":["post-204181","post","type-post","status-publish","format-standard","has-post-thumbnail","category-byznys","tag-burza","tag-business","tag-byznys","tag-centropol-energy","tag-ceny","tag-ekonomika","tag-elektrina","tag-energie","tag-energie-a-zdroje","tag-evropa","tag-inflace","tag-komoditni-trh","tag-makroekonomie","tag-obchod-a-finance","tag-podzim","tag-produkty-a-sluzby","tag-ropa-a-plyn","tag-stredni-vychod","tag-trhy-a-burzy","tag-vyroba"],"share_on_mastodon":{"url":"https:\/\/pubeurope.com\/@cz\/117221162155068121","error":""},"_links":{"self":[{"href":"https:\/\/www.europesays.com\/cz\/wp-json\/wp\/v2\/posts\/204181","targetHints":{"allow":["GET"]}}],"collection":[{"href":"https:\/\/www.europesays.com\/cz\/wp-json\/wp\/v2\/posts"}],"about":[{"href":"https:\/\/www.europesays.com\/cz\/wp-json\/wp\/v2\/types\/post"}],"author":[{"embeddable":true,"href":"https:\/\/www.europesays.com\/cz\/wp-json\/wp\/v2\/users\/2"}],"replies":[{"embeddable":true,"href":"https:\/\/www.europesays.com\/cz\/wp-json\/wp\/v2\/comments?post=204181"}],"version-history":[{"count":0,"href":"https:\/\/www.europesays.com\/cz\/wp-json\/wp\/v2\/posts\/204181\/revisions"}],"wp:featuredmedia":[{"embeddable":true,"href":"https:\/\/www.europesays.com\/cz\/wp-json\/wp\/v2\/media\/204182"}],"wp:attachment":[{"href":"https:\/\/www.europesays.com\/cz\/wp-json\/wp\/v2\/media?parent=204181"}],"wp:term":[{"taxonomy":"category","embeddable":true,"href":"https:\/\/www.europesays.com\/cz\/wp-json\/wp\/v2\/categories?post=204181"},{"taxonomy":"post_tag","embeddable":true,"href":"https:\/\/www.europesays.com\/cz\/wp-json\/wp\/v2\/tags?post=204181"}],"curies":[{"name":"wp","href":"https:\/\/api.w.org\/{rel}","templated":true}]}}