{"id":204189,"date":"2026-09-06T00:12:18","date_gmt":"2026-09-06T00:12:18","guid":{"rendered":"https:\/\/www.europesays.com\/cz\/204189\/"},"modified":"2026-09-06T00:12:18","modified_gmt":"2026-09-06T00:12:18","slug":"pad-na-ture-v-rakouskych-alpach-skoncil-smrti-mlade-cesky-zritila-se-ze-skaly-idnes-cz","status":"publish","type":"post","link":"https:\/\/www.europesays.com\/cz\/204189\/","title":{"rendered":"P\u00e1d na t\u00fa\u0159e v rakousk\u00fdch Alp\u00e1ch skon\u010dil smrt\u00ed mlad\u00e9 \u010ce\u0161ky. Z\u0159\u00edtila se ze sk\u00e1ly &#8211; iDNES.cz"},"content":{"rendered":"<p><a href=\"https:\/\/news.google.com\/rss\/articles\/CBMiwAFBVV95cUxNdEtFZnhlQXhXdUI3T0pENFBtcnVMV1dNTHhyWmRJd1kwYmREVUpfT29oU1M5Q05HMWRlRjlvLVNFUExpOWZKQUJfZDljMldQYUlHelpkWC1ONmdObXJBdDkwWERfaVJiQVhwR2VkSlVaZEFUbXVQVmVGTS1zOUdDVWFieW9ISFBiQVBHZlFfeEhqOUktYnpNWVVjMUg2UFdja2wwS0lsTkpXRF8tYlVDQWFzVmJSOHlRR1Z1YTl2N3k?oc=5\" target=\"_blank\" rel=\"nofollow noopener\">P\u00e1d na t\u00fa\u0159e v rakousk\u00fdch Alp\u00e1ch skon\u010dil smrt\u00ed mlad\u00e9 \u010ce\u0161ky. Z\u0159\u00edtila se ze sk\u00e1ly<\/a>&nbsp;&nbsp;iDNES.cz<a href=\"https:\/\/news.google.com\/rss\/articles\/CBMi1AFBVV95cUxOTFZsVjB5WUs4c0RfeUg1UEY3Q2NTa3loeVBCeG9DR0d4X1FZTWJFcEZYQ0o5V241LS03YVJBR2tBTlFIbFV3TzVwc2taYldEcndnb0VuRUItZEF0SjMyekxWeVJ5VzZDUWQ2WWN5cjIzVGVCcndPVTlCakFuZVdZVTE4NWF6SFIydFI5Vk8wc0FzeEM2Y3FyaE54WUpFZF9PS0RWNGNWMmtXRC1RcVRpa2h3RTVNTWIzZkdvTWY4ZEVpYUVBOXVmR0UtRU82bktWc2VXUA?oc=5\" target=\"_blank\" rel=\"nofollow noopener\">Mlad\u00e1 \u010ce\u0161ka se na t\u00fa\u0159e s otcem v rakousk\u00fdch Alp\u00e1ch z\u0159\u00edtila ze sr\u00e1zu. P\u00e1d nep\u0159e\u017eila<\/a>&nbsp;&nbsp;Novinky<a href=\"https:\/\/news.google.com\/rss\/articles\/CBMimAFBVV95cUxOTU9PZDBNVF84NVBsdXV0c2RzdXJSLXBwX3JtdUVwckI4YkRVQ0xOb000RDhkODRTUXZKUHdzZ2JCNUVJeW16RERiNk1ZUjI0cEloWWw1R1paeDVyemEyaUpfMmdqNnZxTXpUeDFMSnc2N0s4ODJLQ3k5Q0VQdFVXT3BpTy13dHJYaTdDem5LTng0WHFLV3k3cQ?oc=5\" target=\"_blank\" rel=\"nofollow noopener\">V rakousk\u00fdch Alp\u00e1ch zahynula mlad\u00e1 \u010ce\u0161ka<\/a>&nbsp;&nbsp;Seznam Zpr\u00e1vy<a href=\"https:\/\/news.google.com\/rss\/articles\/CBMiyAFBVV95cUxQbmlDalFmdUJKVWs1Q1diQ0JSblJmbVVkZUZKb0h1M3dYVEUxM25sNlR0MHE4WlhGd3l3N25OMWFWUE1RUkE3SlBpaDUzeFVYOVEybkVXWjN0WVR1Qm5Xd1pTajBIOXptUHZfUlJueE9pUTRLSGRMYlphVEFhWnM4dFZuWXFRckxSUkJYZHI3MU5NbkduYWZsejdKdzc3OWdic041X3l3LUxxN1JXbXJjbW1Ca2UxbldxSzc0RnI3WUUxNndkU0xXdA?oc=5\" target=\"_blank\" rel=\"nofollow noopener\">Mlad\u00e1 \u010ce\u0161ka zem\u0159ela na dovolen\u00e9 v Alp\u00e1ch. Trag\u00e9die se stala p\u0159ed zrakem jej\u00edho otce<\/a>&nbsp;&nbsp;TN.cz<a href=\"https:\/\/news.google.com\/rss\/articles\/CBMisAFBVV95cUxQOFpLdjVyclR1UzlfMkVsRlJmZVFwOUpUdGZQVWo3TGx6QXd5T0gxbnBVNWxDbEhFUUJ0NjFGUjVOb3NOT2tpREExcFByTkxDZlA3TWxhQjZYckZaelJyMHFxenh0blhQNGVOWmpUaXZiNkdfeUR5T2tqWFFid19TWmVta1VRZ19TaW9wck1PWXZucndjNHZxekVKVmJoYTBfVVFHX2FnU0k3Q3JEUTVzeg?oc=5\" target=\"_blank\" rel=\"nofollow noopener\">Trag\u00e9die v rakousk\u00fdch Alp\u00e1ch: Mlad\u00e1 \u010ce\u0161ka se z\u0159\u00edtila ze svahu p\u0159ed zraky sv\u00e9ho otce<\/a>&nbsp;&nbsp;CNN Prima NEWS<\/p>\n","protected":false},"excerpt":{"rendered":"P\u00e1d na t\u00fa\u0159e v rakousk\u00fdch Alp\u00e1ch skon\u010dil smrt\u00ed mlad\u00e9 \u010ce\u0161ky. Z\u0159\u00edtila se ze sk\u00e1ly&nbsp;&nbsp;iDNES.czMlad\u00e1 \u010ce\u0161ka se na t\u00fa\u0159e&hellip;\n","protected":false},"author":2,"featured_media":204190,"comment_status":"","ping_status":"","sticky":false,"template":"","format":"standard","meta":{"footnotes":"","_share_on_mastodon":"0"},"categories":[7],"tags":[829,43,42,41,40,1176,256,25747],"class_list":["post-204189","post","type-post","status-publish","format-standard","has-post-thumbnail","category-cesko","tag-alpy","tag-ceska-republika","tag-cesko","tag-czech-republic","tag-czechia","tag-havarie","tag-rakousko","tag-styrsko"],"share_on_mastodon":{"url":"https:\/\/pubeurope.com\/@cz\/117221205306811302","error":""},"_links":{"self":[{"href":"https:\/\/www.europesays.com\/cz\/wp-json\/wp\/v2\/posts\/204189","targetHints":{"allow":["GET"]}}],"collection":[{"href":"https:\/\/www.europesays.com\/cz\/wp-json\/wp\/v2\/posts"}],"about":[{"href":"https:\/\/www.europesays.com\/cz\/wp-json\/wp\/v2\/types\/post"}],"author":[{"embeddable":true,"href":"https:\/\/www.europesays.com\/cz\/wp-json\/wp\/v2\/users\/2"}],"replies":[{"embeddable":true,"href":"https:\/\/www.europesays.com\/cz\/wp-json\/wp\/v2\/comments?post=204189"}],"version-history":[{"count":0,"href":"https:\/\/www.europesays.com\/cz\/wp-json\/wp\/v2\/posts\/204189\/revisions"}],"wp:featuredmedia":[{"embeddable":true,"href":"https:\/\/www.europesays.com\/cz\/wp-json\/wp\/v2\/media\/204190"}],"wp:attachment":[{"href":"https:\/\/www.europesays.com\/cz\/wp-json\/wp\/v2\/media?parent=204189"}],"wp:term":[{"taxonomy":"category","embeddable":true,"href":"https:\/\/www.europesays.com\/cz\/wp-json\/wp\/v2\/categories?post=204189"},{"taxonomy":"post_tag","embeddable":true,"href":"https:\/\/www.europesays.com\/cz\/wp-json\/wp\/v2\/tags?post=204189"}],"curies":[{"name":"wp","href":"https:\/\/api.w.org\/{rel}","templated":true}]}}