{"id":204235,"date":"2026-09-06T04:25:10","date_gmt":"2026-09-06T04:25:10","guid":{"rendered":"https:\/\/www.europesays.com\/cz\/204235\/"},"modified":"2026-09-06T04:25:10","modified_gmt":"2026-09-06T04:25:10","slug":"severni-korea-resi-nevidany-korupcni-skandal","status":"publish","type":"post","link":"https:\/\/www.europesays.com\/cz\/204235\/","title":{"rendered":"Severn\u00ed Korea \u0159e\u0161\u00ed nev\u00eddan\u00fd korup\u010dn\u00ed skand\u00e1l"},"content":{"rendered":"<p class=\"c_bB\">Srpnov\u00e9 zased\u00e1n\u00ed \u00dast\u0159edn\u00ed vojensk\u00e9 komise bylo u\u017e druh\u00e9 od \u00fanorov\u00e9ho 9.\u00a0kongresu Korejsk\u00e9 strany pr\u00e1ce. Tentokr\u00e1t se na n\u011bm neprob\u00edrala jen vojensk\u00e1 politika. Ozn\u00e1meny byly zm\u011bny ve veden\u00ed souvisej\u00edc\u00ed se \u201estruktur\u00e1ln\u00ed reorganizac\u00ed Korejsk\u00e9 lidov\u00e9 arm\u00e1dy\u201c, uvedl server <a data-dot=\"atm-link\" target=\"_blank\" rel=\"noopener nofollow\" href=\"https:\/\/www.38north.org\/2026\/09\/changes-in-the-kpa-high-command\/\" class=\"c_I\">38North<\/a>.<\/p>\n<p class=\"c_bB\">Ve veden\u00ed samotn\u00e9 komise i\u00a0arm\u00e1dy bylo vym\u011bn\u011bno p\u011bt lid\u00ed. Ve funkci skon\u010dil ministr n\u00e1rodn\u00ed obrany No Kwang-\u010dchol. Nov\u011b zast\u00e1v\u00e1 jen pozici n\u00e1m\u011bstka \u0159editele odboru strany pr\u00e1ce pro v\u00fdrobu munice. Sou\u010dasn\u011b p\u0159estal b\u00fdt \u010dlenem politbyra strany pr\u00e1ce.<\/p>\n<p class=\"c_bB\">Noa nahradil \u0159editel Politick\u00e9ho byra arm\u00e1dy Kim Song-ki, kter\u00fd si sou\u010dasn\u011b zachoval svou st\u00e1vaj\u00edc\u00ed pozici. Nov\u011b byl jmenov\u00e1n m\u00edstop\u0159edsedou vojensk\u00e9 komise Pak \u010cong-\u010dchong, kter\u00fd sou\u010dasn\u011b z\u016fstal poradcem ministra n\u00e1rodn\u00ed obrany. Ministerstvo n\u00e1rodn\u00ed obrany se tak dostalo pod v\u011bt\u0161\u00ed kontrolu politick\u00e9ho byra cel\u00e9 arm\u00e1dy.<\/p>\n<p><a data-dot=\"atm-link\" target=\"_self\" href=\"https:\/\/www.novinky.cz\/clanek\/zahranicni-svet-jezte-psi-polevku-radi-v-dobe-veder-severokorejcum-statni-media-40591792\" class=\"c_I\" rel=\"nofollow noopener\"><img fetchpriority=\"high\" height=\"1012\" width=\"1800\" src=\"https:\/\/www.europesays.com\/cz\/wp-content\/uploads\/2026\/09\/kldr-pchjongjang-psi-maso-psi-polevka.jpeg\" loading=\"eager\" decoding=\"sync\" class=\"c_t c_r\"\/><\/a><\/p>\n<p class=\"c_bB\">Dal\u0161\u00ed v\u00fdm\u011bny se t\u00fdkaly tak\u00e9 Vojensk\u00e9ho bezpe\u010dnostn\u00edho velitelstv\u00ed.<\/p>\n<p>Ob\u0159\u00ed korup\u010dn\u00ed skand\u00e1l<\/p>\n<p class=\"c_bB\">V\u00fdm\u011bny jsou spojov\u00e1ny s\u00a0nejv\u011bt\u0161\u00edm severokorejsk\u00fdm korup\u010dn\u00edm skand\u00e1lem za dek\u00e1du, st\u00e1l za n\u00edm b\u00fdval\u00fd \u0159editel Organiza\u010dn\u00edho odd\u011blen\u00ed Gener\u00e1ln\u00edho politick\u00e9ho byra arm\u00e1dy Pak Hui-\u010dol. Ve sv\u00e9 funkci, kterou z\u00edskal v\u00a0roce 2022, m\u011bl v\u00a0arm\u00e1d\u011b na starosti stranick\u00fd \u017eivot, politick\u00e9 \u0159\u00edzen\u00ed a\u00a0person\u00e1ln\u00ed ot\u00e1zky.<\/p>\n<p class=\"c_bB\">Sv\u00fdch pravomoc\u00ed zneu\u017eil k\u00a0od\u010derp\u00e1v\u00e1n\u00ed st\u00e1tn\u00edch prost\u0159edk\u016f pro sv\u00e9 pot\u0159eby. P\u0159\u00edbuzn\u00e9 a\u00a0komplice jmenoval do vysok\u00fdch funkc\u00ed v\u00a0arm\u00e1d\u011b i\u00a0na ministerstvu obrany, pop\u0159\u00edpad\u011b tyto pozice poskytoval za \u00faplatu. Korup\u010dn\u00ed s\u00ed\u0165 mu umo\u017e\u0148ovala z\u00edsk\u00e1vat \u00faplatky od podnik\u016f ve form\u011b pen\u011bz i\u00a0materi\u00e1l\u016f.<\/p>\n<p class=\"c_bB\">O korup\u010dn\u00edm sch\u00e9matu se poprv\u00e9 informovalo na \u010dervnov\u00e9m pl\u00e9nu \u00dast\u0159edn\u00edho v\u00fdboru vl\u00e1dnouc\u00ed Korejsk\u00e9 strany pr\u00e1ce. N\u00e1sledn\u011b se prob\u00edralo 10.\u00a0\u010dervence na velk\u00e9 sch\u016fzi severokorejsk\u00e9ho veden\u00ed, kter\u00e9 se \u00fa\u010dastnili stranick\u00e9 a\u00a0arm\u00e1dn\u00ed \u0161pi\u010dky.<\/p>\n<p class=\"c_bB\">Na n\u011bm severokorejsk\u00fd v\u016fdce Kim \u010cong-un podle listu <a data-dot=\"atm-link\" target=\"_blank\" rel=\"noopener nofollow\" href=\"https:\/\/www.koreatimes.co.kr\/foreignaffairs\/northkorea\/20260711\/nk-leader-denounces-corruption-in-military-at-rare-meeting\" class=\"c_I\">The Korea Times <\/a>ve\u0159ejn\u011b odsoudil Paka, kter\u00fd byl obvin\u011bn \u201ez \u00faplatk\u00e1\u0159stv\u00ed, zneu\u017eit\u00ed moci a\u00a0hromad\u011bn\u00ed neleg\u00e1ln\u011b z\u00edskan\u00e9ho majetku\u201c. V\u00a0t\u00e9to souvislosti hovo\u0159il i\u00a0o frakci. Odsouzen\u00ed jeho \u010din\u016f jako kontrarevolu\u010dn\u00edch, protisocialistick\u00fdch a\u00a0antilidov\u00fdch\u201c ozna\u010dil za varov\u00e1n\u00ed pro v\u0161echny. Jak\u00fd trest Paka potkal, ale nebylo nikde zve\u0159ejn\u011bno. <\/p>\n<p>Upev\u0148ov\u00e1n\u00ed kontroly a\u00a0moci<\/p>\n<p class=\"c_bB\">Po \u010dervencov\u00e9 sch\u016fzi p\u0159i\u0161la prvn\u00ed zm\u011bna. Do \u010dela kl\u00ed\u010dov\u00e9ho v\u00fdboru pro organizaci a\u00a0veden\u00ed \u00fast\u0159edn\u00edho v\u00fdboru strany pr\u00e1ce, kter\u00fd je odpov\u011bdn\u00fd za implementaci stranick\u00e9 politiky v\u00a0cel\u00e9 zemi, byl znovu dosazen \u010co Jong-wong. Stalo se tak jen t\u0159i m\u011bs\u00edce pot\u00e9, co stanul v\u00a0\u010dele Nejvy\u0161\u0161\u00edho lidov\u00e9ho shrom\u00e1\u017ed\u011bn\u00ed. To ukazuje na velikost probl\u00e9m\u016f s\u00a0korup\u010dn\u00ed skupinou.<\/p>\n<p class=\"c_bB\">Jmenov\u00e1n\u00ed nov\u00fdch vedouc\u00edch p\u0159edstavitel\u016f n\u011bkter\u00fdch org\u00e1n\u016f spjat\u00fdch s\u00a0arm\u00e1dou, kte\u0159\u00ed si zachovali st\u00e1vaj\u00edc\u00ed funkce, ukazuje na p\u0159esouv\u00e1n\u00ed moci a\u00a0pevn\u011bj\u0161\u00ed kontrolu \u00fast\u0159edn\u00edho v\u00fdboru nad Politick\u00fdm byrem arm\u00e1dy, kdy se op\u011bt vr\u00e1t\u00ed v\u011bt\u0161\u00ed moc nad arm\u00e1dou a\u00a0ministerstvem obrany kl\u00ed\u010dov\u00e9mu v\u00fdboru pro organizaci a\u00a0veden\u00ed.<\/p>\n<p class=\"c_bB\">O v\u00fdznamu cel\u00e9ho setk\u00e1n\u00ed sv\u011bd\u010d\u00ed i\u00a0to, \u017ee text o\u00a0p\u0159ed\u00e1n\u00ed st\u00e1tn\u00edch cen ud\u011blovan\u00fdch Nejvy\u0161\u0161\u00edm lidov\u00fdm shrom\u00e1\u017ed\u011bn\u00edm t\u0159em lidem, kte\u0159\u00ed nejv\u00edce p\u0159isp\u011bli k\u00a0\u0159e\u0161en\u00ed v\u011bdeck\u00fdch a\u00a0technick\u00fdch probl\u00e9m\u016f p\u0159i v\u00fdvoji nov\u00fdch zbran\u00ed, \u010detl nejvy\u0161\u0161\u00ed severokorejsk\u00fd v\u016fdce Kim \u010cong-un.<\/p>\n<p class=\"c_bB\">Dal tak najevo, \u017ee p\u0159eb\u00edr\u00e1 \u0159\u00edzen\u00ed do sv\u00fdch rukou a\u00a0utu\u017euje moc, i\u00a0kdy\u017e Pakovo korup\u010dn\u00ed sch\u00e9ma neohro\u017eovalo p\u0159\u00edmo pozici Kim \u010cong-una, ale oslabovalo jeho pozici v\u016fdce, kter\u00fd m\u00e1 v\u0161echno pod dozorem.<\/p>\n<p><a data-dot=\"atm-link\" target=\"_self\" href=\"https:\/\/www.novinky.cz\/clanek\/zahranicni-svet-mam-dobre-vztahy-s-kimem-trump-naridil-omezit-cviceni-americke-armady-s-jizni-koreou-40592994\" class=\"c_I\" rel=\"nofollow noopener\"><img height=\"293\" width=\"521\" src=\"https:\/\/www.europesays.com\/cz\/wp-content\/uploads\/2026\/09\/trump-kim-kim-cong-un.jpeg\" loading=\"eager\" decoding=\"sync\" class=\"c_t c_r\"\/><\/a><\/p>\n","protected":false},"excerpt":{"rendered":"Srpnov\u00e9 zased\u00e1n\u00ed \u00dast\u0159edn\u00ed vojensk\u00e9 komise bylo u\u017e druh\u00e9 od \u00fanorov\u00e9ho 9.\u00a0kongresu Korejsk\u00e9 strany pr\u00e1ce. Tentokr\u00e1t se na n\u011bm&hellip;\n","protected":false},"author":2,"featured_media":204236,"comment_status":"","ping_status":"","sticky":false,"template":"","format":"standard","meta":{"footnotes":"","_share_on_mastodon":"0"},"categories":[10],"tags":[17,21,2187,2321,1733,16,2186,18,19,22,20],"class_list":["post-204235","post","type-post","status-publish","format-standard","has-post-thumbnail","category-zpravy","tag-headlines","tag-hlavni-udalosti","tag-kim-cong-un","tag-korejska-lidove-demokraticka-republika-kldr","tag-korupce","tag-news","tag-severni-korea","tag-top-news","tag-top-stories","tag-udalosti-dne","tag-zpravy"],"share_on_mastodon":{"url":"https:\/\/pubeurope.com\/@cz\/117222200360675159","error":""},"_links":{"self":[{"href":"https:\/\/www.europesays.com\/cz\/wp-json\/wp\/v2\/posts\/204235","targetHints":{"allow":["GET"]}}],"collection":[{"href":"https:\/\/www.europesays.com\/cz\/wp-json\/wp\/v2\/posts"}],"about":[{"href":"https:\/\/www.europesays.com\/cz\/wp-json\/wp\/v2\/types\/post"}],"author":[{"embeddable":true,"href":"https:\/\/www.europesays.com\/cz\/wp-json\/wp\/v2\/users\/2"}],"replies":[{"embeddable":true,"href":"https:\/\/www.europesays.com\/cz\/wp-json\/wp\/v2\/comments?post=204235"}],"version-history":[{"count":0,"href":"https:\/\/www.europesays.com\/cz\/wp-json\/wp\/v2\/posts\/204235\/revisions"}],"wp:featuredmedia":[{"embeddable":true,"href":"https:\/\/www.europesays.com\/cz\/wp-json\/wp\/v2\/media\/204236"}],"wp:attachment":[{"href":"https:\/\/www.europesays.com\/cz\/wp-json\/wp\/v2\/media?parent=204235"}],"wp:term":[{"taxonomy":"category","embeddable":true,"href":"https:\/\/www.europesays.com\/cz\/wp-json\/wp\/v2\/categories?post=204235"},{"taxonomy":"post_tag","embeddable":true,"href":"https:\/\/www.europesays.com\/cz\/wp-json\/wp\/v2\/tags?post=204235"}],"curies":[{"name":"wp","href":"https:\/\/api.w.org\/{rel}","templated":true}]}}