{"id":204247,"date":"2026-09-06T04:59:11","date_gmt":"2026-09-06T04:59:11","guid":{"rendered":"https:\/\/www.europesays.com\/cz\/204247\/"},"modified":"2026-09-06T04:59:11","modified_gmt":"2026-09-06T04:59:11","slug":"utok-na-letadlo-v-lipsku-proc-vysetrovatele-vedou-stopy-do-kremlu","status":"publish","type":"post","link":"https:\/\/www.europesays.com\/cz\/204247\/","title":{"rendered":"\u00datok na letadlo v\u00a0Lipsku. Pro\u010d vy\u0161et\u0159ovatele vedou stopy do Kremlu"},"content":{"rendered":"<p class=\"c_bB\">Zd\u00e1 se, \u017ee m\u00edsto nebylo vybr\u00e1no n\u00e1hodn\u011b. Je bl\u00edzko leti\u0161t\u011b a\u00a0p\u0159esto sotva post\u0159ehnuteln\u00e9. Neobjevili ho ani lid\u00e9, kte\u0159\u00ed tam chod\u00ed pravideln\u011b ven\u010dit psy. Pe\u010dliv\u00e1 p\u0159\u00edprava, podrobn\u00e9 pl\u00e1nov\u00e1n\u00ed a\u00a0dobr\u00e1 znalost m\u00edstn\u00edch podm\u00ednek nasv\u011bd\u010duje extr\u00e9mn\u011b profesion\u00e1ln\u011b napl\u00e1novan\u00e9 operaci. Tak profesion\u00e1ln\u00ed, \u017ee za n\u00ed mohla st\u00e1t jen tajn\u00e1 slu\u017eba, <a data-dot=\"atm-link\" target=\"_blank\" rel=\"noopener nofollow\" href=\"https:\/\/www.zeit.de\/politik\/ausland\/2026-09\/drohne-anschlag-leipzig-flughafen-sprengstoff\" class=\"c_I\">p\u00ed\u0161e Die Zeit <\/a>ve sv\u00e9 anal\u00fdze.<\/p>\n<p class=\"c_bB\">N\u011bmeck\u00e1 vl\u00e1da je p\u0159esv\u011bd\u010dena, \u017ee za akc\u00ed, kdy se pachatel\u00e9 pokusili ve\u010der 4.\u00a0srpna za\u00fato\u010dit dronem nalo\u017een\u00fdm v\u00fdbu\u0161ninami na zaparkovan\u00e9 n\u00e1kladn\u00ed letadlo, stoj\u00ed Rusko. Byla to jen n\u00e1hoda, \u017ee v\u00fdbu\u0161n\u00e9 za\u0159\u00edzen\u00ed na dronu nevybuchlo. Dron l\u00e9tal nad leti\u0161t\u011bm 4.\u00a0srpna v\u00a019:29\u00a0a\u00a0jeho let nato\u010dila bezpe\u010dnostn\u00ed kamera leti\u0161t\u011b.<\/p>\n<p class=\"c_bB\">Zam\u00ed\u0159il k\u00a0odbavovac\u00ed plo\u0161e, kde od roku 2022\u00a0parkuj\u00ed ukrajinsk\u00e1 n\u00e1kladn\u00ed letadla Antonov.<\/p>\n<p class=\"c_bB\">K p\u0159eprav\u011b zbran\u00ed na Ukrajinu pou\u017e\u00edv\u00e1 letouny i\u00a0Severoatlantick\u00e1 aliance. Bezpe\u010dnostn\u00ed slo\u017eky ale dron neodhalily cel\u00e9 hodiny, p\u0159ipom\u00edn\u00e1 \u010dasopis. Teprve kdy\u017e ho kolem 23:40\u00a0spat\u0159il \u0159idi\u010d autobusu, letov\u00fd provoz se zastavil.<\/p>\n<p><a data-dot=\"atm-link\" target=\"_self\" href=\"https:\/\/www.novinky.cz\/clanek\/zahranicni-za-utokem-drony-v-lipsku-stal-kreml-nemecko-uzavre-rusky-konzulat-40595508\" class=\"c_I\" rel=\"nofollow noopener\"><img fetchpriority=\"high\" height=\"1080\" width=\"1920\" src=\"https:\/\/www.europesays.com\/cz\/wp-content\/uploads\/2026\/09\/1788670751_723_lipsko-halle-lipsko-nemecko-letadlo-letiste-dron.jpeg\" loading=\"eager\" decoding=\"sync\" class=\"c_t c_r\"\/><\/a><\/p>\n<p class=\"c_bB\">N\u011bkolik metr\u016f od dronu vy\u0161et\u0159ovatel\u00e9 nalezli v\u00fdbu\u0161ninu, sm\u011bs RDX a\u00a0PETN, b\u011b\u017en\u011b zn\u00e1mou jako Semtex. Dron byl pravd\u011bpodobn\u011b ovl\u00e1d\u00e1n prost\u0159ednictv\u00edm rel\u00e9ov\u00e9 stanice, tu pachatel\u00e9 z\u0159\u00eddili v\u00a0obci Kursdorf, kter\u00e1 se nach\u00e1z\u00ed strategicky mezi severn\u00ed a\u00a0ji\u017en\u00ed ranvej\u00ed leti\u0161t\u011b. Vy\u0161et\u0159ovatel\u00e9 tam objevili ant\u00e9nn\u00ed syst\u00e9m p\u0159ipevn\u011bn\u00fd ke stromu lepic\u00ed p\u00e1skou. Dosah m\u011bl v\u00edce ne\u017e deset kilometr\u016f a\u00a0z\u0159ejm\u011b slou\u017eil k\u00a0p\u0159enosu video sign\u00e1lu dronu.<\/p>\n<p class=\"c_bB\">Kdy\u017e se t\u00e9ho\u017e ve\u010dera srazilo n\u00e1kladn\u00ed letadlo DHL s\u00a0neidentifikovan\u00fdm objektem, p\u016fvodn\u00ed podez\u0159en\u00ed bylo, \u017ee se do nehody zapojil dal\u0161\u00ed dron. Vy\u0161et\u0159ovatel\u00e9 ale tuto teorii opustili, p\u00ed\u0161e den\u00edk s\u00a0odkazem na sv\u00e9 zdroje. Letadlo bylo po\u0161kozen\u00e9, ale vy\u0161et\u0159ov\u00e1n\u00ed odhalilo pouze organick\u00e9 stopy po pt\u00e1kovi. Sr\u00e1\u017eku s\u00a0dronem vylou\u010dili.<\/p>\n<p class=\"c_bB\">O n\u011bkolik dn\u00ed pozd\u011bji v\u0161ak vy\u0161et\u0159ovatel\u00e9 objevili druh\u00fd dron na poli v\u00a0obci Kabelsketal, kter\u00e1 p\u0159\u00edmo hrani\u010d\u00ed se z\u00e1padn\u00edm okrajem leti\u0161t\u011b v\u00a0Lipsku, spolu se stopou po sp\u00e1lenin\u011b. Je mo\u017en\u00e9, \u017ee oba drony vzl\u00e9tly odtamtud. Vy\u0161et\u0159ovatel\u00e9 tam na\u0161li stopy po vojensk\u00e9 v\u00fdbu\u0161nin\u011b.<\/p>\n<p>Pachatel\u016f bylo v\u00edc<\/p>\n<p class=\"c_bB\">V\u00fdbu\u0161n\u00e9 za\u0159\u00edzen\u00ed, kter\u00e9 se na leti\u0161ti na\u0161lo, m\u011blo detona\u010dn\u00ed mechanismus podobn\u00fd tomu, kter\u00fd maj\u00ed rusk\u00e9 drony u\u017e\u00edvan\u00e9 ve v\u00e1lce na Ukrajin\u011b. Podrobn\u00e1 anal\u00fdza uk\u00e1zala, \u017ee dron byl vyroben\u00fd na zak\u00e1zku a\u00a0profesion\u00e1ln\u011b sestaven\u00fd, nebyl ani p\u0159\u00edli\u0161 drah\u00fd. Podle informac\u00ed den\u00edku Die Zeit vy\u0161et\u0159ovatel\u00e9 odhaduj\u00ed n\u00e1klady na materi\u00e1l na n\u011bkolik stovek eur.<\/p>\n<p class=\"c_bB\">Z\u00e1kladn\u00ed model je z\u0159ejm\u011b k\u00a0dispozici i\u00a0jako stavebnice. Pachatel\u00e9 \u00fadajn\u011b pou\u017eili 3D tisk\u00e1rnu k\u00a0sestaven\u00ed za\u0159\u00edzen\u00ed, kter\u00fdm byla v\u00fdbu\u0161nina obsa\u017een\u00e1 v\u00a0plechovce p\u0159ipevn\u011bna k\u00a0dronu.<\/p>\n<p class=\"c_bB\">Bezpe\u010dnostn\u00ed org\u00e1ny na p\u0159\u00edpadu pracuj\u00ed u\u017e t\u00fddny a\u00a0v\u00fdsledky jsou utajovan\u00e9. Stopa podle nich vede do Moskvy. Podporuj\u00ed to skute\u010dnosti, jako je konfigurace dronu, v\u00fdbu\u0161nina a\u00a0detona\u010dn\u00ed technologie. Vy\u0161et\u0159ovatel\u00e9 jsou p\u0159esv\u011bd\u010deni, \u017ee \u00fatok p\u0159ipravili profesion\u00e1lov\u00e9, ale jeho proveden\u00ed je p\u0159ipisov\u00e1no tzv. agent\u016fm n\u00edzk\u00e9 \u00farovn\u011b.<\/p>\n<p class=\"c_bB\">Pachatel\u016f bylo podle nich v\u00edce. Zat\u00edm se od poloviny srpna vy\u0161et\u0159uj\u00ed dva podez\u0159el\u00ed. Zaji\u0161t\u011bn\u00e9 d\u016fkazy DNA vedou do Litvy, Finska a\u00a0Polska. Kdokoli byl podle jejich n\u00e1zoru zapojen do \u00fatoku, hodn\u011b cestoval.<\/p>\n<p><a data-dot=\"atm-link\" target=\"_self\" href=\"https:\/\/www.novinky.cz\/clanek\/zahranicni-evropa-nemecti-vysetrovatele-identifikovali-podezrele-z-utoku-na-letiste-v-lipsku-40595688\" class=\"c_I\" rel=\"nofollow noopener\"><img fetchpriority=\"high\" height=\"1080\" width=\"1920\" src=\"https:\/\/www.europesays.com\/cz\/wp-content\/uploads\/2026\/09\/1788670751_723_lipsko-halle-lipsko-nemecko-letadlo-letiste-dron.jpeg\" loading=\"eager\" decoding=\"sync\" class=\"c_t c_r\"\/><\/a><\/p>\n","protected":false},"excerpt":{"rendered":"Zd\u00e1 se, \u017ee m\u00edsto nebylo vybr\u00e1no n\u00e1hodn\u011b. Je bl\u00edzko leti\u0161t\u011b a\u00a0p\u0159esto sotva post\u0159ehnuteln\u00e9. Neobjevili ho ani lid\u00e9, kte\u0159\u00ed&hellip;\n","protected":false},"author":2,"featured_media":204248,"comment_status":"","ping_status":"","sticky":false,"template":"","format":"standard","meta":{"footnotes":"","_share_on_mastodon":"0"},"categories":[11],"tags":[1367,13390,375,54,897,398,53,52],"class_list":["post-204247","post","type-post","status-publish","format-standard","has-post-thumbnail","category-svet","tag-analyza","tag-lipsko","tag-nemecko","tag-svet","tag-utok","tag-vysetrovani","tag-world","tag-world-news"],"share_on_mastodon":{"url":"https:\/\/pubeurope.com\/@cz\/117222333973085211","error":""},"_links":{"self":[{"href":"https:\/\/www.europesays.com\/cz\/wp-json\/wp\/v2\/posts\/204247","targetHints":{"allow":["GET"]}}],"collection":[{"href":"https:\/\/www.europesays.com\/cz\/wp-json\/wp\/v2\/posts"}],"about":[{"href":"https:\/\/www.europesays.com\/cz\/wp-json\/wp\/v2\/types\/post"}],"author":[{"embeddable":true,"href":"https:\/\/www.europesays.com\/cz\/wp-json\/wp\/v2\/users\/2"}],"replies":[{"embeddable":true,"href":"https:\/\/www.europesays.com\/cz\/wp-json\/wp\/v2\/comments?post=204247"}],"version-history":[{"count":0,"href":"https:\/\/www.europesays.com\/cz\/wp-json\/wp\/v2\/posts\/204247\/revisions"}],"wp:featuredmedia":[{"embeddable":true,"href":"https:\/\/www.europesays.com\/cz\/wp-json\/wp\/v2\/media\/204248"}],"wp:attachment":[{"href":"https:\/\/www.europesays.com\/cz\/wp-json\/wp\/v2\/media?parent=204247"}],"wp:term":[{"taxonomy":"category","embeddable":true,"href":"https:\/\/www.europesays.com\/cz\/wp-json\/wp\/v2\/categories?post=204247"},{"taxonomy":"post_tag","embeddable":true,"href":"https:\/\/www.europesays.com\/cz\/wp-json\/wp\/v2\/tags?post=204247"}],"curies":[{"name":"wp","href":"https:\/\/api.w.org\/{rel}","templated":true}]}}