{"id":204253,"date":"2026-09-06T05:20:20","date_gmt":"2026-09-06T05:20:20","guid":{"rendered":"https:\/\/www.europesays.com\/cz\/204253\/"},"modified":"2026-09-06T05:20:20","modified_gmt":"2026-09-06T05:20:20","slug":"babis-skolstvi-nerozumi-rika-predseda-ucitelske-platformy-kaderka","status":"publish","type":"post","link":"https:\/\/www.europesays.com\/cz\/204253\/","title":{"rendered":"Babi\u0161 \u0161kolstv\u00ed nerozum\u00ed, \u0159\u00edk\u00e1 p\u0159edseda U\u010ditelsk\u00e9 platformy Kaderka"},"content":{"rendered":"<p>Podle n\u00e1vrhu rozpo\u010dtu m\u00e1 \u0161kolstv\u00ed v\u00a0p\u0159\u00ed\u0161t\u00edm roce dostat 287,9\u00a0miliardy korun, ministr Robert Plaga (za ANO) p\u0159itom je\u0161t\u011b na konci srpna mluvil o\u00a0292\u00a0miliard\u00e1ch. Jen na povinn\u00e9 v\u00fddaje v\u00a0rozpo\u010dtu chyb\u00ed asi \u0161est miliard. Co to o\u00a0vl\u00e1d\u011b, kter\u00e1 slibuje nav\u00fd\u0161en\u00ed v\u00fddaj\u016f na \u00farove\u0148 zem\u00ed OECD, vypov\u00edd\u00e1?<\/p>\n<p class=\"c_bB\">Je to zklam\u00e1n\u00ed, proto\u017ee n\u00e1vrh jde proti tomu, co vl\u00e1dn\u00ed strany p\u0159ed volbami i\u00a0po nich slibovaly. Hnut\u00ed ANO mluvilo o\u00a0\u0161kolstv\u00ed jako o\u00a0priorit\u011b, odm\u00edtalo \u0161krty a\u00a0kabinet se zav\u00e1zal p\u0159ibli\u017eovat v\u00fddaje na vzd\u011bl\u00e1v\u00e1n\u00ed k\u00a0pr\u016fm\u011bru zem\u00ed OECD \u010di Evropsk\u00e9 unie. Jen\u017ee n\u00e1vrh na rok 2027\u00a0znamen\u00e1, \u017ee pod\u00edl v\u00fddaj\u016f na \u0161kolstv\u00ed na HDP znovu klesne, p\u0159ibli\u017en\u011b z\u00a03,52\u00a0na 3,38\u00a0procenta. Ekonomika i\u00a0mzdy maj\u00ed r\u016fst rychleji ne\u017e pen\u00edze pro \u0161kolstv\u00ed. <\/p>\n<p class=\"c_bB\">Je f\u00e9r \u0159\u00edct, \u017ee probl\u00e9m neza\u010dal se sou\u010dasnou vl\u00e1dou. Relativn\u00ed financov\u00e1n\u00ed \u0161kolstv\u00ed klesalo u\u017e za p\u0159edchoz\u00edho kabinetu. O\u00a0to v\u00edce ale u\u010ditel\u00e9 \u010dekali, \u017ee se nyn\u00ed trend obr\u00e1t\u00ed. Pokud chce Babi\u0161ova vl\u00e1da sv\u00e9 vlastn\u00ed z\u00e1vazky skute\u010dn\u011b naplnit a\u00a0za\u010d\u00edt \u010cesko p\u0159ibli\u017eovat k\u00a0zem\u00edm OECD, m\u011bl by se rozpo\u010det ministerstva \u0161kolstv\u00ed pro rok 2027\u00a0pohybovat kolem 334\u00a0miliard korun. Aktu\u00e1ln\u00ed n\u00e1vrh je p\u0159ibli\u017en\u011b o\u00a046\u00a0miliard ni\u017e\u0161\u00ed.<\/p>\n<p><a data-dot=\"atm-link\" target=\"_self\" href=\"https:\/\/www.novinky.cz\/clanek\/domaci-zruseni-devatych-trid-i-zmeny-letnich-prazdnin-cesi-odmitaji-40595668\" class=\"c_I\" rel=\"nofollow noopener\"><img fetchpriority=\"high\" height=\"720\" width=\"1280\" src=\"https:\/\/www.europesays.com\/cz\/wp-content\/uploads\/2026\/09\/1788672016_109_graf.jpeg\" loading=\"eager\" decoding=\"sync\" class=\"c_t c_r\"\/><\/a>V\u011b\u0159\u00edte slibu vl\u00e1dy, \u017ee v\u00a0roce 2029\u00a0bude pr\u016fm\u011brn\u00fd u\u010ditelsk\u00fd plat 75\u00a0tis\u00edc korun? <\/p>\n<p class=\"c_bB\">V tuhle chv\u00edli tomu nic nenasv\u011bd\u010duje. Kdyby se m\u011bly platy do t\u0159\u00ed let zvednout a\u017e na tuto \u010d\u00e1stku, musely by p\u0159\u00ed\u0161t\u00ed rok vyr\u016fst asi o\u00a012\u00a0procent. V\u00a0pl\u00e1nu je v\u0161ak zv\u00fd\u0161en\u00ed zhruba jen o\u00a0t\u0159i a\u017e \u010dty\u0159i procenta. Pro \u0161koly je to \u0161patn\u00e1 zpr\u00e1va, u\u017e jednou jsme vid\u011bli, \u017ee p\u0159i zvy\u0161ov\u00e1n\u00ed plat\u016f m\u011bli lid\u00e9 o\u00a0u\u010ditelstv\u00ed v\u011bt\u0161\u00ed z\u00e1jem, p\u0159i jejich sni\u017eov\u00e1n\u00ed za\u010dnou naopak odch\u00e1zet. <\/p>\n<p>Podle st\u0159edn\u011bdob\u00e9ho rozpo\u010dtov\u00e9ho v\u00fdhledu, kter\u00fd ministerstvo financ\u00ed p\u0159edlo\u017eilo spolu s\u00a0rozpo\u010dtem, maj\u00ed ale v\u00fddaje na \u0161kolstv\u00ed naopak postupn\u011b klesat a\u017e k\u00a0\u010d\u00e1stce 269,6\u00a0miliardy korun v\u00a0roce 2029.\u00a0Co to se \u0161kolami ud\u011bl\u00e1? <\/p>\n<p class=\"c_bB\">Pokud by se st\u0159edn\u011bdob\u00fd v\u00fdhled skute\u010dn\u011b naplnil, \u0161kolstv\u00ed by d\u00e1le zaost\u00e1valo. Nejde jen o\u00a0platy u\u010ditel\u016f, pen\u00edze pot\u0159ebuj\u00ed i\u00a0dal\u0161\u00ed pracovn\u00edci, od speci\u00e1ln\u00edch pedagog\u016f po psychology. \u0160kol\u00e1m rostou n\u00e1klady a\u00a0z\u00e1rove\u0148 se po nich po\u017eaduje st\u00e1le v\u00edce, a\u00a0to od podpory \u017e\u00e1k\u016f se speci\u00e1ln\u00edmi pot\u0159ebami p\u0159es \u0161koln\u00ed psychology a\u017e po \u0159e\u0161en\u00ed vzd\u011bl\u00e1vac\u00edch nerovnost\u00ed.<\/p>\n<p class=\"c_bB\">Velk\u00fdm probl\u00e9mem je tak\u00e9 nejistota. To, s\u00a0jak\u00fdmi prost\u0159edky mohou po\u010d\u00edtat, pot\u0159ebuj\u00ed \u0161koly v\u011bd\u011bt n\u011bkolik let dop\u0159edu. A\u00a0my dnes st\u00e1le nem\u00e1me zaji\u0161t\u011bno nap\u0159\u00edklad ani financov\u00e1n\u00ed podp\u016frn\u00fdch profes\u00ed, \u0161koln\u00edch psycholog\u016f nebo c\u00edlen\u00e9 podpory \u0161kol s\u00a0vy\u0161\u0161\u00edm pod\u00edlem znev\u00fdhodn\u011bn\u00fdch \u017e\u00e1k\u016f. Pokud m\u00e1 b\u00fdt \u0161kolstv\u00ed prioritou, nesta\u010d\u00ed to opakovat v\u00a0programov\u00fdch dokumentech. Mus\u00ed to b\u00fdt vid\u011bt ve st\u00e1tn\u00edm rozpo\u010dtu.<\/p>\n<p>Michal Kaderka St\u0159edo\u0161kolsk\u00fd u\u010ditel medi\u00e1ln\u00ed v\u00fdchovy, d\u011bjepisu a z\u00e1klad\u016f spole\u010densk\u00fdch v\u011bd, z\u00e1rove\u0148 u\u010d\u00ed o um\u011bl\u00e9 inteligenci.V roce 2017 spoluzakl\u00e1dal U\u010ditelskou platformu, kter\u00e1 v sou\u010dasnosti sdru\u017euje p\u0159es 400 aktivn\u00edch u\u010ditel\u016f, upozor\u0148uje na probl\u00e9my v \u010desk\u00e9m \u0161kolstv\u00ed a napom\u00e1h\u00e1 v jejich \u0159e\u0161en\u00ed.Od leto\u0161n\u00edho kv\u011btna platform\u011b p\u0159edsed\u00e1, post p\u0159evzal po Pet\u0159e Mazancov\u00e9.Kdy\u017e mluv\u00edte o\u00a0nejistot\u011b\u2026 Ministr Plaga za\u010dal hned po sv\u00e9m n\u00e1stupu do funkce d\u011blat rychl\u00e9 zm\u011bny. Odlo\u017eil zah\u00e1jen\u00ed v\u00fduky podle upraven\u00e9ho r\u00e1mcov\u00e9ho vzd\u011bl\u00e1vac\u00edho programu na z\u00e1kladn\u00edch a\u00a0mate\u0159sk\u00fdch \u0161kol\u00e1ch a\u00a0chce tento program je\u0161t\u011b revidovat, mluv\u00ed o\u00a0zm\u011bn\u00e1ch v\u00a0odkladech \u0161koln\u00ed doch\u00e1zky, ru\u0161\u00ed a\u00a0op\u011bt se zav\u00e1d\u011bj\u00ed p\u0159\u00edpravn\u00e9 t\u0159\u00eddy a\u00a0dal\u0161\u00ed. Jak to u\u010ditel\u00e9 vn\u00edmaj\u00ed? <\/p>\n<p class=\"c_bB\">Nejde jenom o\u00a0sou\u010dasnou vl\u00e1du, ale mezi u\u010diteli obecn\u011b panuje extr\u00e9mn\u011b velk\u00e1 ned\u016fv\u011bra v\u016f\u010di st\u00e1tu. Zp\u016fsobuj\u00ed to pr\u00e1v\u011b neust\u00e1l\u00e9 zm\u011bny. Vid\u00edm to u\u00a0p\u0159\u00edpravn\u00fdch t\u0159\u00edd. V\u00a0jejich p\u0159\u00edpad\u011b se loni rozhodlo, \u017ee od roku 2029\u00a0nemaj\u00ed existovat. Hnut\u00ed ANO se na tomto rozhodnut\u00ed ve Sn\u011bmovn\u011b pod\u00edlelo, a\u00a0p\u0159esto je te\u010f zase vrac\u00ed. Za m\u011b je sice dobr\u00e9, \u017ee budou, proto\u017ee jsem toho n\u00e1zoru, \u017ee jsou pot\u0159eba, ale rozhodn\u011b by to nem\u011blo b\u00fdt tak, \u017ee \u0161koly budou po\u0159\u00e1d dokola n\u011bco zav\u00e1d\u011bt, ru\u0161it a\u00a0zav\u00e1d\u011bt. <\/p>\n<p><a data-dot=\"atm-link\" target=\"_self\" href=\"https:\/\/www.novinky.cz\/clanek\/domaci-pripravne-tridy-se-rusit-nebudou-oznamil-plaga-chaos-reaguji-reditele-40593131\" class=\"c_I\" rel=\"nofollow noopener\"><img height=\"2304\" width=\"4096\" src=\"https:\/\/www.europesays.com\/cz\/wp-content\/uploads\/2026\/09\/8ef5.jpeg\" loading=\"eager\" decoding=\"sync\" class=\"c_t c_r\"\/><\/a>Tu\u0161\u00edte, pro\u010d se to v\u00a0politice d\u011bje? <\/p>\n<p class=\"c_bB\">Je to zp\u016fsoben\u00e9 t\u00edm, \u017ee se politika d\u011bl\u00e1 na soci\u00e1ln\u00edch s\u00edt\u00edch. Smrsk\u00e1v\u00e1 se do tiktokov\u00fdch vide\u00ed, do hur\u00f3nsk\u00fdch prohl\u00e1\u0161en\u00ed, a\u00a0to potom dopad\u00e1 na vzd\u011bl\u00e1v\u00e1n\u00ed. Najednou se situace zm\u011bnila, tak to prost\u011b zru\u0161\u00edme. A\u00a0voli\u010d\u016fm to nevad\u00ed, \u010d\u00e1sti z\u00a0nich nep\u0159ek\u00e1\u017e\u00ed, \u017ee se jimi volen\u00e1 strana chov\u00e1 nep\u0159edv\u00eddateln\u011b. <\/p>\n<p>Co ale tyto v\u0161emo\u017en\u00e9 oto\u010dky d\u011blaj\u00ed s\u00a0u\u010diteli a\u00a0dal\u0161\u00edmi pracovn\u00edky ve \u0161kol\u00e1ch? <\/p>\n<p class=\"c_bB\">Ve chv\u00edli, kdy jste ve \u0161kole a\u00a0po\u0159\u00e1d v\u00e1m n\u011bkdo \u0159\u00edk\u00e1, \u017ee se bude n\u011bco m\u011bnit, za\u010dnete b\u00fdt v\u016f\u010di tomu odoln\u00fd. P\u0159estanete to br\u00e1t v\u00e1\u017en\u011b, proto\u017ee v\u016fbec nev\u00edte, jestli se v\u011bc dot\u00e1hne do konce a\u00a0jestli m\u00e1 smysl vyd\u00e1vat na ni energii. Efekt je mnohem v\u00edce devasta\u010dn\u00ed, ne\u017e kdy\u017e ud\u011bl\u00e1te \u0161patnou reformu. <\/p>\n<p>M\u016f\u017eete popsat, jak se to projevuje? <\/p>\n<p class=\"c_bB\">V \u010cesku m\u00e1me obrovsk\u00fd formalismus. Kdy\u017e se n\u00e1m n\u011bco nel\u00edb\u00ed, tak nest\u00e1vkujeme jako t\u0159eba v\u00a0zahrani\u010d\u00ed, ale vykazujeme, \u017ee to d\u011bl\u00e1me, i\u00a0kdy\u017e ve skute\u010dnosti se t\u00edm ne\u0159\u00edd\u00edme. Nap\u0159\u00edklad 90\u00a0procent \u0161kol m\u00e1 ve sv\u00e9m vzd\u011bl\u00e1vac\u00edm programu, \u017ee se v\u011bnuj\u00ed medi\u00e1ln\u00edmu vzd\u011bl\u00e1v\u00e1n\u00ed, ale ve skute\u010dnosti to ned\u011blaj\u00ed. <\/p>\n<p>N\u00e1m\u011bstek ministryn\u011b financ\u00ed Petr Mach (SPD) p\u0159i\u0161el s\u00a0t\u00edm, \u017ee \u0161krtnut\u00ed 9.\u00a0ro\u010dn\u00edku z\u00e1kladn\u00ed \u0161koly m\u016f\u017ee st\u00e1tu u\u0161et\u0159it 50\u00a0miliard korun ro\u010dn\u011b. P\u0159edsedovi Sn\u011bmovny Tomio Okamurovi (SPD) a\u00a0premi\u00e9rovi Babi\u0161ovi se n\u00e1pad natolik l\u00edbil, \u017ee ho ve\u0159ejn\u011b podpo\u0159ili. Nakonec musel zas\u00e1hnout ministr \u0161kolstv\u00ed a\u00a0vysv\u011btlit sv\u00fdm koleg\u016fm, \u017ee nic takov\u00e9ho nen\u00ed pravda. Co v\u00e1m takov\u00e1 diskuze o\u00a0budoucnosti \u0161kol \u0159\u00edk\u00e1? <\/p>\n<p class=\"c_bB\">Samoz\u0159ejm\u011b to nen\u00ed dobr\u00e9! Nen\u00ed to kvalitn\u00ed vl\u00e1dnut\u00ed, kdy\u017e p\u0159ijde premi\u00e9r a\u00a0p\u0159edseda sn\u011bmovny, kte\u0159\u00ed o\u00a0vzd\u011bl\u00e1v\u00e1n\u00ed nev\u00ed v\u016fbec nic, s\u00a0t\u00edm, \u017ee jejich c\u00edlem je na n\u011bm u\u0161et\u0159it. Berou to pouze jako \u00fa\u010detn\u00ed polo\u017eku. Kdy\u017e cht\u011bj\u00ed u\u0161et\u0159it, m\u016f\u017eeme zru\u0161it cel\u00e9 \u0161kolstv\u00ed. To je dokonal\u00e1 uk\u00e1zka toho, jak bychom se o\u00a0vzd\u011bl\u00e1v\u00e1n\u00ed bavit nem\u011bli. Z\u00e1rove\u0148 tu\u0161\u00edm, jak\u00e1 je vize premi\u00e9ra pro vzd\u011bl\u00e1v\u00e1n\u00ed. <\/p>\n<p><a data-dot=\"atm-link\" target=\"_self\" href=\"https:\/\/www.novinky.cz\/clanek\/domaci-setreni-na-detech-spd-a-babis-mluvi-o-zruseni-9-rocniku-zakladni-skoly-40589264\" class=\"c_I\" rel=\"nofollow noopener\"><img height=\"2304\" width=\"4096\" src=\"https:\/\/www.europesays.com\/cz\/wp-content\/uploads\/2026\/09\/1788672018_833_9ce1.jpeg\" loading=\"eager\" decoding=\"sync\" class=\"c_t c_r\"\/><\/a>Jak\u00e1? <\/p>\n<p class=\"c_bB\">\u017d\u00e1dn\u00e1. Andrej Babi\u0161 nem\u00e1 naprosto \u017e\u00e1dnou vizi, jak by m\u011blo vypadat vzd\u011bl\u00e1v\u00e1n\u00ed, proto\u017ee je to n\u011bco, co ho v\u016fbec nezaj\u00edm\u00e1. Kdy\u017e byl ministrem financ\u00ed, tak tvrdil, \u017ee m\u00e1me p\u0159\u00edli\u0161 mnoho maturant\u016f, \u017ee nepot\u0159ebujeme vzd\u011bl\u00e1vat d\u011bti digit\u00e1ln\u011b pro pr\u016fmysl 4.0, proto\u017ee jemu chyb\u00ed pracovn\u00edci v\u00a0dr\u016fbe\u017e\u00e1rn\u011b. D\u00edv\u00e1 se pohledem \u010dlov\u011bka, kter\u00fd zam\u011bstn\u00e1v\u00e1 lidi. Kdy\u017e maj\u00ed maturitu, maj\u00ed hned jin\u00e9 ambice a\u00a0po\u017eadavky. On nepot\u0159ebuje lidi s\u00a0maturitou. <\/p>\n<p class=\"c_bB\">Pro syst\u00e9m je hrozn\u011b nebezpe\u010dn\u00e9, kdy\u017e se k\u00a0segment\u016fm, jako je vzd\u011bl\u00e1v\u00e1n\u00ed, ale i\u00a0t\u0159eba zdravotnictv\u00ed nebo bezpe\u010dnost, vyjad\u0159uj\u00ed lid\u00e9, u\u00a0kter\u00fdch se to m\u00edj\u00ed s\u00a0jejich kvalifikac\u00ed. <\/p>\n<p>Tak\u017ee by se sou\u010dasn\u00fd premi\u00e9r a\u00a0p\u0159edseda Sn\u011bmovny nem\u011bli ve \u0161kolstv\u00ed anga\u017eovat? <\/p>\n<p class=\"c_bB\">Nejd\u016fle\u017eit\u011bj\u0161\u00ed je nechat \u0161kolstv\u00ed odborn\u00e9 debat\u011b. Premi\u00e9r s\u00a0p\u0159edsedou Sn\u011bmovny by si mohli v\u00e1\u017eit toho, \u017ee maj\u00ed ve vl\u00e1d\u011b odborn\u00edka, ministra Plagu, a\u00a0nechat to na n\u011bm. M\u00edsto v\u00fdk\u0159ik\u016f na soci\u00e1ln\u00edch s\u00edt\u00edch se m\u00e1me sna\u017eit o\u00a0ucelen\u00e9 reformy, kter\u00e9 jsou promy\u0161len\u00e9 a\u00a0na kter\u00fdch se v\u00a0ide\u00e1ln\u00edm p\u0159\u00edpad\u011b shodnou v\u0161echny strany. Koncepce je hrozn\u011b d\u016fle\u017eit\u00e1 pro navr\u00e1cen\u00ed d\u016fv\u011bry do \u0161kol. Je to dlouhodob\u00fd proces, jinak d\u016fv\u011bru lid\u00ed ve \u0161kol\u00e1ch nez\u00edsk\u00e1me. Nyn\u00ed je to tak, \u017ee \u010d\u00edm d\u00e9le v\u00a0oboru pracujete, t\u00edm m\u00e9n\u011b v\u011b\u0159\u00edte, \u017ee nastane n\u011bjak\u00e1 dobr\u00e1 zm\u011bna. <\/p>\n<p>Pom\u016f\u017ee \u0161kol\u00e1m a\u00a0u\u010ditel\u016fm z\u00e1kon zakazuj\u00edc\u00ed d\u011btem v\u00a0povinn\u00e9 \u0161koln\u00ed doch\u00e1zce pou\u017e\u00edv\u00e1n\u00ed telefon\u016f? <\/p>\n<p class=\"c_bB\">V\u011bt\u0161ina \u0161kol pou\u017e\u00edv\u00e1n\u00ed telefon\u016f reguluje, a\u00a0je to opravdu velice t\u011b\u017ek\u00e9. S\u00e1m u\u010d\u00edm st\u0159edo\u0161kol\u00e1ky a\u00a0ve v\u00fduce se vrac\u00edm k\u00a0pap\u00edru. \u017d\u00e1k\u016fm n\u011bkter\u00e9 materi\u00e1ly rad\u011bji tisknu, proto\u017ee jsem zjistil, \u017ee kdy\u017e pracuj\u00ed s\u00a0digit\u00e1ln\u00edmi technologiemi, maj\u00ed tendenci se nejprve pod\u00edvat na zpr\u00e1vy a\u00a0upozorn\u011bn\u00ed, a\u00a0pr\u00e1ce pak trv\u00e1 d\u00e9le. <\/p>\n<p class=\"c_bB\">\u0160kol\u00e1m ale plo\u0161n\u00fd z\u00e1kaz nepom\u016f\u017ee, proto\u017ee ony to u\u017e dnes omezuj\u00ed a\u00a0dal\u0161\u00ed z\u00e1kon vynucov\u00e1n\u00ed nezlep\u0161\u00ed. Mo\u017en\u00e1 \u017ee u\u010ditel\u00e9 se budou c\u00edtit siln\u011bj\u0161\u00ed, kdy\u017e d\u011btem \u0159eknou, \u017ee maj\u00ed telefon schovat, proto\u017ee jinak poru\u0161uj\u00ed z\u00e1kon. Pro d\u011bti ale u\u017e t\u0159eba nen\u00ed probl\u00e9m m\u00edt telefony dva, jeden odevzdat a\u00a0na druh\u00fd koukat t\u0159eba na toalet\u011b. To se d\u011bje v\u00a0zem\u00edch, kde jsou telefony u\u017e zak\u00e1zan\u00e9. <\/p>\n<p><a data-dot=\"atm-link\" target=\"_self\" href=\"https:\/\/www.novinky.cz\/clanek\/domaci-vlada-schvalila-zakaz-telefonu-ve-skolach-40588892\" class=\"c_I\" rel=\"nofollow noopener\"><img height=\"1080\" width=\"1920\" src=\"https:\/\/www.europesays.com\/cz\/wp-content\/uploads\/2026\/09\/plaga-zakaz-mobil-skola-vlada.jpeg\" loading=\"eager\" decoding=\"sync\" class=\"c_t c_r\"\/><\/a>Existuje n\u011bjak\u00e1 lep\u0161\u00ed cesta? <\/p>\n<p class=\"c_bB\">Ur\u010dit\u011b je pot\u0159eba, aby se zapojili rodi\u010de. Jak m\u00e1 \u0161kola zajistit dobr\u00e9 podm\u00ednky pro rozvoj d\u011bt\u00ed, kter\u00e9 maj\u00ed z\u00e1vislostn\u00ed chov\u00e1n\u00ed, proto\u017ee v\u00a0rodin\u011b nemaj\u00ed technologie regulovan\u00e9 a\u00a0jsou na telefonech bez omezen\u00ed? \u0160kola nem\u00e1 \u0161anci to zachr\u00e1nit. <\/p>\n<p class=\"c_bB\">Pak je tu Evropskou komis\u00ed p\u0159ipravovan\u00e1 zm\u011bna pravidel, kter\u00e1 maj\u00ed opravit n\u00e1vykov\u00e9 mechanismy soci\u00e1ln\u00edch s\u00edt\u00ed. Nem\u011bl by nap\u0159\u00edklad fungovat nekone\u010dn\u00fd proud obsahu, neust\u00e1l\u00e1 upozorn\u011bn\u00ed a\u00a0dal\u0161\u00ed. O\u00a0tom, \u017ee platformy jsou ud\u011blan\u00e9 tak, aby zp\u016fsobovaly z\u00e1vislost, mluv\u00ed i\u00a0ministr Plaga. <\/p>\n<p>To zn\u00ed, jako \u017ee \u0161kola m\u00e1 vy\u0159e\u0161it probl\u00e9m, kter\u00fd vznik\u00e1 jinde. <\/p>\n<p class=\"c_bB\">Na \u0161koln\u00ed syst\u00e9m je obecn\u011b velk\u00e1 fronta po\u017eadavk\u016f. Ve spole\u010dnosti toti\u017e st\u00e1le panuje n\u00e1zor, \u017ee spole\u010densk\u00e9 probl\u00e9my bude \u0159e\u0161it \u0161kola. Nap\u0159\u00edklad \u017ee kdy\u017e m\u00e1me hodn\u011b exekuc\u00ed, tak s\u00a0t\u00edm pom\u016f\u017ee finan\u010dn\u00ed gramotnost ve \u0161kol\u00e1ch. Probl\u00e9m ale nen\u00ed, \u017ee by lid\u00e9 byli finan\u010dn\u011b negramotn\u00ed, pot\u00ed\u017e je v\u00a0jejich soci\u00e1ln\u00ed situaci. Mus\u00edme pracovat s\u00a0lidmi a\u00a0rodi\u010di, v\u00fduka finan\u010dn\u00ed gramotnosti ve \u0161kole to nezachr\u00e1n\u00ed. Tot\u00e9\u017e u\u00a0t\u011blocviku. Kdy\u017e roste d\u011btsk\u00e1 obezita, m\u00e1me ho p\u0159id\u00e1vat. Hor\u0161\u00ed se v\u00fdsledky u\u00a0matematiky, m\u00e1me ji u\u010dit v\u00edce hodin. <\/p>\n<p class=\"c_bB\">My se o\u00a0tom, \u010demu se v\u00edce v\u011bnovat, samoz\u0159ejm\u011b m\u016f\u017eeme bavit, ale mus\u00edme \u0159\u00edct, na \u00fakor \u010deho to bude. Budeme p\u0159id\u00e1vat hodiny modern\u00edch d\u011bjin na \u00fakor t\u011blocviku nebo v\u00fdtvarn\u00e9 v\u00fdchovy? <\/p>\n<p>Co pova\u017eujete za aktu\u00e1ln\u011b nejpal\u010div\u011bj\u0161\u00ed probl\u00e9m \u010desk\u00fdch \u0161kol? <\/p>\n<p class=\"c_bB\">Opravdu to nejsp\u00ed\u0161 bude nedostatek u\u010ditel\u016f, zvl\u00e1\u0161t\u011b v\u00a0n\u011bkter\u00fdch regionech a\u00a0v ur\u010dit\u00fdch aprobac\u00edch. Obecn\u011b chyb\u00ed hlavn\u011b prvostup\u0148ov\u00ed u\u010ditel\u00e9. \u0160kolstv\u00ed neust\u00e1le \u0159e\u0161\u00ed chyb\u011bj\u00edc\u00ed u\u010ditele, ale\u00a0j\u00e1 si nemysl\u00edm, \u017ee by to bylo proto, \u017ee lid\u00e9 necht\u011bj\u00ed u\u010dit. Lid\u00e9 samoz\u0159ejm\u011b chyb\u00ed i\u00a0v jin\u00fdch odv\u011btv\u00edch, ale pokud nedok\u00e1\u017eeme zajistit kvalitn\u00ed vzd\u011bl\u00e1v\u00e1n\u00ed, tak to m\u00e1 velk\u00e9 dopady na celou ekonomiku. <\/p>\n<p class=\"c_bB\">R\u00e1d bych zm\u00ednil i\u00a0to, \u017ee m\u00e1me hodn\u011b podce\u0148ovan\u00fd a\u00a0zanedb\u00e1van\u00fd segment mate\u0159sk\u00fdch \u0161kol. \u0158ada lid\u00ed je st\u00e1le pova\u017euje jen za \u201ehl\u00edd\u00e1rny\u201c a\u00a0d\u00e1v\u00e1 se do nich velmi m\u00e1lo pen\u011bz. Kdy\u017e se bav\u00edm s\u00a0u\u010diteli, hodn\u011b \u0159e\u0161\u00edme i\u00a0du\u0161evn\u00ed zdrav\u00ed d\u011bt\u00ed, kter\u00e9 je \u010d\u00edm d\u00e1l hor\u0161\u00ed. <\/p>\n<p><a data-dot=\"atm-link\" target=\"_self\" href=\"https:\/\/www.novinky.cz\/clanek\/domaci-vladni-paradox-sliby-politiku-plati-penize-na-jejich-splneni-ale-skolstvi-nedostane-40595717\" class=\"c_I\" rel=\"nofollow noopener\"><img height=\"2304\" width=\"4096\" src=\"https:\/\/www.europesays.com\/cz\/wp-content\/uploads\/2026\/09\/1788672020_140_alena-schillerova.jpeg\" loading=\"eager\" decoding=\"sync\" class=\"c_t c_r\"\/><\/a><\/p>\n","protected":false},"excerpt":{"rendered":"Podle n\u00e1vrhu rozpo\u010dtu m\u00e1 \u0161kolstv\u00ed v\u00a0p\u0159\u00ed\u0161t\u00edm roce dostat 287,9\u00a0miliardy korun, ministr Robert Plaga (za ANO) p\u0159itom je\u0161t\u011b na&hellip;\n","protected":false},"author":2,"featured_media":204254,"comment_status":"","ping_status":"","sticky":false,"template":"","format":"standard","meta":{"footnotes":"","_share_on_mastodon":"0"},"categories":[10],"tags":[266,17,21,46436,16,5416,442,1838,18,19,29019,22,1717,20],"class_list":["post-204253","post","type-post","status-publish","format-standard","has-post-thumbnail","category-zpravy","tag-andrej-babis","tag-headlines","tag-hlavni-udalosti","tag-michal-kaderka","tag-news","tag-robert-plaga","tag-skolstvi","tag-tomio-okamura","tag-top-news","tag-top-stories","tag-ucitelska-platforma","tag-udalosti-dne","tag-vzdelavani","tag-zpravy"],"share_on_mastodon":{"url":"https:\/\/pubeurope.com\/@cz\/117222416663989283","error":""},"_links":{"self":[{"href":"https:\/\/www.europesays.com\/cz\/wp-json\/wp\/v2\/posts\/204253","targetHints":{"allow":["GET"]}}],"collection":[{"href":"https:\/\/www.europesays.com\/cz\/wp-json\/wp\/v2\/posts"}],"about":[{"href":"https:\/\/www.europesays.com\/cz\/wp-json\/wp\/v2\/types\/post"}],"author":[{"embeddable":true,"href":"https:\/\/www.europesays.com\/cz\/wp-json\/wp\/v2\/users\/2"}],"replies":[{"embeddable":true,"href":"https:\/\/www.europesays.com\/cz\/wp-json\/wp\/v2\/comments?post=204253"}],"version-history":[{"count":0,"href":"https:\/\/www.europesays.com\/cz\/wp-json\/wp\/v2\/posts\/204253\/revisions"}],"wp:featuredmedia":[{"embeddable":true,"href":"https:\/\/www.europesays.com\/cz\/wp-json\/wp\/v2\/media\/204254"}],"wp:attachment":[{"href":"https:\/\/www.europesays.com\/cz\/wp-json\/wp\/v2\/media?parent=204253"}],"wp:term":[{"taxonomy":"category","embeddable":true,"href":"https:\/\/www.europesays.com\/cz\/wp-json\/wp\/v2\/categories?post=204253"},{"taxonomy":"post_tag","embeddable":true,"href":"https:\/\/www.europesays.com\/cz\/wp-json\/wp\/v2\/tags?post=204253"}],"curies":[{"name":"wp","href":"https:\/\/api.w.org\/{rel}","templated":true}]}}