{"id":204289,"date":"2026-09-06T06:30:20","date_gmt":"2026-09-06T06:30:20","guid":{"rendered":"https:\/\/www.europesays.com\/cz\/204289\/"},"modified":"2026-09-06T06:30:20","modified_gmt":"2026-09-06T06:30:20","slug":"skola-v-utajeni-a-varovny-dopis-pro-rodice-z-okoli-harry-a-meghan-se-usazuji-v-britanii","status":"publish","type":"post","link":"https:\/\/www.europesays.com\/cz\/204289\/","title":{"rendered":"\u0160kola v utajen\u00ed a varovn\u00fd dopis pro rodi\u010de z okol\u00ed. Harry a Meghan se usazuj\u00ed v Brit\u00e1nii"},"content":{"rendered":"<p>\n                        Bez svolen\u00ed nefotografovat, nenat\u00e1\u010det a u\u017e v\u016fbec nic nesd\u00edlet na soci\u00e1ln\u00edch s\u00edt\u00edch. Meghan a Harry o sob\u011b po n\u00e1vratu do Brit\u00e1nie op\u011bt dali v\u011bd\u011bt. \u0160koly v celebritami vyhled\u00e1van\u00e9 oblasti rozeslaly rodi\u010d\u016fm varovn\u00e9 dopisy. D\u016fvod? Aby se mohli p\u0159ipravit na p\u0159\u00edjezd \u201ed\u011bt\u00ed z vysoce postaven\u00e9 rodiny\u201c. Meghan a Harry p\u0159itom v\u0161echny nap\u00ednaj\u00ed, \u0161kol oslovili n\u011bkolik a zat\u00edm nen\u00ed jasn\u00e9, kterou si vybrali.\n                    <\/p>\n<p>Meghan a Harry se na konci srpna vr\u00e1tili do Velk\u00e9 Brit\u00e1nie. Krom\u011b kr\u00e1le pot\u011b\u0161ili i Donalda Trumpa, kter\u00fd americk\u00fdm m\u00e9di\u00edm \u0159ekl, \u017ee z\u00a0jejich odjezdu m\u00e1 radost, nebo\u0165 nen\u00ed jejich velk\u00fdm fanou\u0161kem.<\/p>\n<p>\u010cT\u011aTE TAK\u00c9: <a target=\"_blank\" href=\"https:\/\/cnn.iprima.cz\/vasnive-vyroky-britske-kralovny-o-meghan-vymyla-harrymu-mozek-rekla-camilla-506746\" rel=\"nofollow noopener\">Meghan mu vymyla mozek, \u0159ekla Camilla o Harrym. Autor odkryl utajovan\u00e9 boje v kr\u00e1lovsk\u00e9 rodin\u011b<\/a><\/p>\n<p>V\u00e9voda a v\u00e9vodkyn\u011b ze Sussexu si k bydlen\u00ed vybrali malebn\u00e9 Cotswolds, kde Harry vyr\u016fstal. Jejich d\u011bti tam maj\u00ed p\u0159\u00ed\u0161t\u00ed t\u00fdden za\u010d\u00edt chodit do priv\u00e1tn\u00ed \u0161koly. Do kter\u00e9 konkr\u00e9tn\u011b v\u0161ak zat\u00edm ve\u0159ejnosti taj\u00ed, \u0161koly jsou ale i tak v pozoru a na p\u0159\u00edjezd \u010dlen\u016f kr\u00e1lovsk\u00e9 rodiny a jejich d\u011bt\u00ed Archieho a Lilibet se p\u0159ipravuj\u00ed. Rozeslaly proto rodi\u010d\u016fm dopis, jak se chovat.<\/p>\n<p>Podle webu <a target=\"_blank\" href=\"https:\/\/pagesix.com\/2026\/09\/01\/royal-family\/warning-letters-sent-to-parents-in-prince-harry-and-meghan-markles-uk-area-over-new-school-rules\/\" rel=\"nofollow noopener\">Page Six<\/a> m\u011bla b\u00fdt obsahem t\u011bchto dopis\u016f tak\u00e9 v\u00fdzva, \u201eaby bez svolen\u00ed nefotografovali ani nenat\u00e1\u010deli jin\u00e9 d\u011bti, ani nesd\u00edleli fotografie, informace nebo podrobnosti o \u017e\u00e1c\u00edch nebo jejich rodin\u00e1ch na soci\u00e1ln\u00edch s\u00edt\u00edch\u201c.<\/p>\n<p>Jde o jednu z m\u00e1la informac\u00ed, kter\u00e1 o Sussexech unikla. Zat\u00edm se na ve\u0159ejnosti neobjevilo \u017e\u00e1dn\u00e9 foto, ani video. Zp\u00e1tky se dr\u017e\u00ed Harry, Meghan i m\u00e9dia. \u201eJestli se pou\u010dil, bude ml\u010det. Je to p\u0159\u00edle\u017eitost v\u011bnovat se d\u011btem, jejich vzd\u011bl\u00e1v\u00e1n\u00ed a do ni\u010deho se nezapojovat. Ale v\u00edte, tito lid\u00e9 pot\u0159ebuj\u00ed pozornost,\u201c uvedl kr\u00e1lovsk\u00fd historik Andrew Lownie.<\/p>\n<p>Nedostatek informac\u00ed o tom, jak se rodina usazuje zp\u011bt v Brit\u00e1nii, m\u016f\u017ee souviset s \u00fadajn\u00fdm slibem nezast\u00ednit n\u00e1stup prince George na presti\u017en\u00ed Eton, <a target=\"_blank\" href=\"https:\/\/www.foxnews.com\/entertainment\/prince-harry-meghan-markle-accused-seeking-best-both-worlds-uk-move-expert\" rel=\"nofollow noopener\">informuje stanice Fox News<\/a>.<\/p>\n<p>Rodinn\u00e9 vztahy m\u00e1 urovnat Kate<\/p>\n<p>Harry s\u00a0Meghan pot\u0159ebuj\u00ed krom\u011b pozornosti tak\u00e9 pen\u00edze, kter\u00e9 jim m\u016f\u017ee obnoven\u00e9 spojen\u00ed s britskou monarchi\u00ed nep\u0159\u00edmo p\u0159in\u00e9st. Jsou zvykl\u00ed na vysok\u00fd standard. Nechali si d\u016fm v kalifornsk\u00e9m Montecitu i v Portugalsku a Cotswolds tak\u00e9 nejsou levnou adresou. \u017dij\u00ed tu mimo jin\u00e9 Beckhamovi, Kate Moss, ale m\u00e1 tu soukrom\u00e9 s\u00eddlo Highgrove i kr\u00e1l Karel III. Tomu chce b\u00fdt Harry nabl\u00edzku.<\/p>\n<p>S Williamem to m\u016f\u017ee b\u00fdt hor\u0161\u00ed. Spekuluje se ale, \u017ee by Harrymu a Meghan m\u011bla pomoci nejobl\u00edben\u011bj\u0161\u00ed \u010dlenka kr\u00e1lovsk\u00e9 rodiny. \u201eWilliamova man\u017eelka Catherine sv\u00e9ho mu\u017ee nab\u00e1d\u00e1, aby se sna\u017eil o narovn\u00e1n\u00ed t\u011bch vztah\u016f,\u201c \u0159ekl pro CNN Prima NEWS odborn\u00edk na kr\u00e1lovskou rodinu Ond\u0159ej Kub\u00e1\u010dek.<\/p>\n<p>MOHLO BY V\u00c1S ZAJ\u00cdMAT: <a target=\"_blank\" href=\"https:\/\/cnn.iprima.cz\/skryti-sourozenci-britskych-princu-williama-sestra-slovne-napadla-jeji-bratr-poblaznil-narod-520590\" rel=\"nofollow noopener\">Skryt\u00ed sourozenci britsk\u00fdch princ\u016f. Williama sestra slovn\u011b napadla, jej\u00ed bratr pobl\u00e1znil n\u00e1rod<\/a><\/p>\n","protected":false},"excerpt":{"rendered":"Bez svolen\u00ed nefotografovat, nenat\u00e1\u010det a u\u017e v\u016fbec nic nesd\u00edlet na soci\u00e1ln\u00edch s\u00edt\u00edch. Meghan a Harry o sob\u011b po&hellip;\n","protected":false},"author":2,"featured_media":204290,"comment_status":"","ping_status":"","sticky":false,"template":"","format":"standard","meta":{"footnotes":"","_share_on_mastodon":"0"},"categories":[14],"tags":[366,14445,46444,212,79,46443,365,9829,6019,36238,651,8511,8397,1136,35989,80],"class_list":["post-204289","post","type-post","status-publish","format-standard","has-post-thumbnail","category-zabava","tag-britska-kralovska-rodina","tag-celebrita","tag-cotswolds","tag-donald-trump","tag-entertainment","tag-harry-a-meghan","tag-kralovska-rodina","tag-meghan-markle","tag-princ-harry","tag-prominenti","tag-rodina","tag-socialni-sit","tag-spolecenska-rubrika","tag-velka-britanie","tag-vevodkyne-meghan","tag-zabava"],"share_on_mastodon":{"url":"https:\/\/pubeurope.com\/@cz\/117222691523862192","error":""},"_links":{"self":[{"href":"https:\/\/www.europesays.com\/cz\/wp-json\/wp\/v2\/posts\/204289","targetHints":{"allow":["GET"]}}],"collection":[{"href":"https:\/\/www.europesays.com\/cz\/wp-json\/wp\/v2\/posts"}],"about":[{"href":"https:\/\/www.europesays.com\/cz\/wp-json\/wp\/v2\/types\/post"}],"author":[{"embeddable":true,"href":"https:\/\/www.europesays.com\/cz\/wp-json\/wp\/v2\/users\/2"}],"replies":[{"embeddable":true,"href":"https:\/\/www.europesays.com\/cz\/wp-json\/wp\/v2\/comments?post=204289"}],"version-history":[{"count":0,"href":"https:\/\/www.europesays.com\/cz\/wp-json\/wp\/v2\/posts\/204289\/revisions"}],"wp:featuredmedia":[{"embeddable":true,"href":"https:\/\/www.europesays.com\/cz\/wp-json\/wp\/v2\/media\/204290"}],"wp:attachment":[{"href":"https:\/\/www.europesays.com\/cz\/wp-json\/wp\/v2\/media?parent=204289"}],"wp:term":[{"taxonomy":"category","embeddable":true,"href":"https:\/\/www.europesays.com\/cz\/wp-json\/wp\/v2\/categories?post=204289"},{"taxonomy":"post_tag","embeddable":true,"href":"https:\/\/www.europesays.com\/cz\/wp-json\/wp\/v2\/tags?post=204289"}],"curies":[{"name":"wp","href":"https:\/\/api.w.org\/{rel}","templated":true}]}}