{"id":204341,"date":"2026-09-06T07:32:12","date_gmt":"2026-09-06T07:32:12","guid":{"rendered":"https:\/\/www.europesays.com\/cz\/204341\/"},"modified":"2026-09-06T07:32:12","modified_gmt":"2026-09-06T07:32:12","slug":"praha-nakoupila-pro-naplavku-25-lavicek-za-5-milionu-korun","status":"publish","type":"post","link":"https:\/\/www.europesays.com\/cz\/204341\/","title":{"rendered":"Praha nakoupila pro n\u00e1plavku 25\u00a0lavi\u010dek za 5\u00a0milion\u016f korun"},"content":{"rendered":"<p class=\"c_bB\">\u201eNecht\u011bli jsme jen vym\u011bnit star\u00e9 lavi\u010dky za nov\u00e9. D\u016fle\u017eit\u00e9 bylo tak\u00e9 nab\u00eddnout r\u016fzn\u00e9 typy m\u00edst k\u00a0odpo\u010dinku a\u00a0l\u00e9pe vyu\u017e\u00edt prostor, kter\u00fd n\u00e1plavky poskytuj\u00ed,\u201c uvedla Marta Pra\u017e\u00e1kov\u00e1, m\u00edstop\u0159edsedkyn\u011b p\u0159edstavenstva m\u011bstsk\u00e9 spole\u010dnosti Trade Centre Praha (TCP).<\/p>\n<p class=\"c_bB\">\u201eProto jsou sou\u010d\u00e1st\u00ed n\u00e1vrhu i\u00a0v\u011bt\u0161\u00ed sestavy, kter\u00e9 mohou fungovat jako m\u00edsto pro del\u0161\u00ed posezen\u00ed nebo odpo\u010dinek,\u201c podotkla s\u00a0t\u00edm, \u017ee nov\u00fd mobili\u00e1\u0159 nab\u00eddne v\u00edce m\u00edst k\u00a0sezen\u00ed a\u00a0z\u00e1rove\u0148 bude odoln\u011bj\u0161\u00ed a\u00a0l\u00e9pe odpov\u00eddat charakteru n\u00e1plavek.<\/p>\n<p><a data-dot=\"atm-link\" target=\"_self\" href=\"https:\/\/www.novinky.cz\/clanek\/krimi-pripad-mizejicich-labuti-z-centra-prahy-nema-konec-ani-po-peti-mesicich-40586739\" class=\"c_I\" rel=\"nofollow noopener\"><img fetchpriority=\"high\" height=\"1080\" width=\"1920\" src=\"https:\/\/www.europesays.com\/cz\/wp-content\/uploads\/2026\/09\/labute-praha.jpeg\" loading=\"eager\" decoding=\"sync\" class=\"c_t c_r\"\/><\/a><\/p>\n<p class=\"c_bB\">Podle informac\u00ed TCP bude u\u00a0Vltavy instalov\u00e1no celkem p\u011btadvacet nov\u00fdch sestav\u00a0\u2013 od samostatn\u00e9 lavice p\u0159es dvoud\u00edln\u00e9 a\u00a0t\u0159\u00edd\u00edln\u00e9 sestavy a\u017e po dv\u011b velk\u00e1 dev\u00edtim\u00edstn\u00e1 \u201ehn\u00edzda\u201c. Dohromady sest\u00e1vaj\u00ed ze sedmdes\u00e1ti prvk\u016f.<\/p>\n<p class=\"c_bB\">\u201eN\u00e1plavky nejsou jen dopravn\u00ed komunikac\u00ed nebo m\u00edstem pro po\u0159\u00e1d\u00e1n\u00ed akc\u00ed. Jsou to p\u0159edev\u0161\u00edm ve\u0159ejn\u00e9 prostranstv\u00ed u\u00a0\u0159eky, kde maj\u00ed lid\u00e9 mo\u017enost zastavit se, posed\u011bt a\u00a0odpo\u010dinout si,\u201c tvrd\u00ed Pra\u017e\u00e1kov\u00e1.<\/p>\n<p class=\"c_bB\">Nov\u00fd mobili\u00e1\u0159 postupn\u011b nahrad\u00ed 21\u00a0p\u016fvodn\u00edch d\u0159ev\u011bn\u00fdch lavi\u010dek, kter\u00e9 jsou na \u0159ad\u011b m\u00edst ji\u017e v\u00fdrazn\u011b opot\u0159ebovan\u00e9. D\u00edky nov\u00e9mu uspo\u0159\u00e1d\u00e1n\u00ed z\u00e1rove\u0148 vzroste celkov\u00fd po\u010det m\u00edst k\u00a0sezen\u00ed.<\/p>\n<p class=\"c_bB\">Lavice tvo\u0159\u00ed masivn\u00ed dubov\u00e9 tr\u00e1my. Jejich n\u00e1vrh p\u0159ipravila spole\u010dnost Projektil architekti. \u201ePrvn\u00ed \u010d\u00e1st p\u016fvodn\u00edch lavi\u010dek byla odstran\u011bna v\u00a0pr\u016fb\u011bhu l\u00e9ta. Zah\u00e1jen\u00ed samotn\u00e9 instalace nov\u00e9ho mobili\u00e1\u0159e si vy\u017e\u00e1dalo koordinaci s\u00a0p\u0159\u00edslu\u0161n\u00fdmi org\u00e1ny a\u00a0dopravn\u00edmi opat\u0159en\u00edmi,\u201c podotkl vedouc\u00ed spr\u00e1vy n\u00e1plavek TCP Martin Hab\u0159insk\u00fd.<\/p>\n<p class=\"c_bB\">Celkov\u00e1 cena kompletn\u00ed dod\u00e1vky je p\u0159ibli\u017en\u011b 5\u00a0milion\u016f korun. Z\u00e1kladn\u00ed modul s\u00a0podno\u017e\u00ed, beton\u00e1\u017e\u00ed z\u00e1klad\u016f a\u00a0mont\u00e1\u017e\u00ed vyjde zhruba na 72\u00a0500\u00a0korun. Z\u00e1klady se ji\u017e betonuj\u00ed a\u00a0prvn\u00ed lavice budou osazeny v\u00a0n\u00e1sleduj\u00edc\u00edm t\u00fddnu. Lid\u00e9 na internetu p\u0159ekvapuje cena, ob\u00e1vaj\u00ed se tak\u00e9 zabr\u00e1n\u00ed lavi\u010dek bezdomovci.<\/p>\n<p><a data-dot=\"atm-link\" target=\"_self\" href=\"https:\/\/www.novinky.cz\/clanek\/domaci-zpravy-hlavni-mesto-praha-jako-ruske-sane-lide-kritizuji-nove-lavicky-na-namesti-jiriho-z-podebrad-40583547\" class=\"c_I\" rel=\"nofollow noopener\"><img height=\"905\" width=\"1608\" src=\"https:\/\/www.europesays.com\/cz\/wp-content\/uploads\/2026\/09\/namesti-jiriho-z-podebrad-lavicky.jpeg\" loading=\"eager\" decoding=\"sync\" class=\"c_t c_r\"\/><\/a><\/p>\n","protected":false},"excerpt":{"rendered":"\u201eNecht\u011bli jsme jen vym\u011bnit star\u00e9 lavi\u010dky za nov\u00e9. D\u016fle\u017eit\u00e9 bylo tak\u00e9 nab\u00eddnout r\u016fzn\u00e9 typy m\u00edst k\u00a0odpo\u010dinku a\u00a0l\u00e9pe vyu\u017e\u00edt&hellip;\n","protected":false},"author":2,"featured_media":204342,"comment_status":"","ping_status":"","sticky":false,"template":"","format":"standard","meta":{"footnotes":"","_share_on_mastodon":"0"},"categories":[7],"tags":[5315,5450,2184,43,42,41,40,3074,5253,8263,5256,7616,11417,336,5440,10240],"class_list":["post-204341","post","type-post","status-publish","format-standard","has-post-thumbnail","category-cesko","tag-bezdomovci","tag-bezdomovectvi","tag-cena","tag-ceska-republika","tag-cesko","tag-czech-republic","tag-czechia","tag-drevo","tag-lavicky","tag-masiv","tag-miliony","tag-nabrezi","tag-naplavka","tag-obavy","tag-trade-centre-praha","tag-vltava"],"share_on_mastodon":{"url":"https:\/\/pubeurope.com\/@cz\/117222936315173071","error":""},"_links":{"self":[{"href":"https:\/\/www.europesays.com\/cz\/wp-json\/wp\/v2\/posts\/204341","targetHints":{"allow":["GET"]}}],"collection":[{"href":"https:\/\/www.europesays.com\/cz\/wp-json\/wp\/v2\/posts"}],"about":[{"href":"https:\/\/www.europesays.com\/cz\/wp-json\/wp\/v2\/types\/post"}],"author":[{"embeddable":true,"href":"https:\/\/www.europesays.com\/cz\/wp-json\/wp\/v2\/users\/2"}],"replies":[{"embeddable":true,"href":"https:\/\/www.europesays.com\/cz\/wp-json\/wp\/v2\/comments?post=204341"}],"version-history":[{"count":0,"href":"https:\/\/www.europesays.com\/cz\/wp-json\/wp\/v2\/posts\/204341\/revisions"}],"wp:featuredmedia":[{"embeddable":true,"href":"https:\/\/www.europesays.com\/cz\/wp-json\/wp\/v2\/media\/204342"}],"wp:attachment":[{"href":"https:\/\/www.europesays.com\/cz\/wp-json\/wp\/v2\/media?parent=204341"}],"wp:term":[{"taxonomy":"category","embeddable":true,"href":"https:\/\/www.europesays.com\/cz\/wp-json\/wp\/v2\/categories?post=204341"},{"taxonomy":"post_tag","embeddable":true,"href":"https:\/\/www.europesays.com\/cz\/wp-json\/wp\/v2\/tags?post=204341"}],"curies":[{"name":"wp","href":"https:\/\/api.w.org\/{rel}","templated":true}]}}