{"id":204343,"date":"2026-09-06T07:33:21","date_gmt":"2026-09-06T07:33:21","guid":{"rendered":"https:\/\/www.europesays.com\/cz\/204343\/"},"modified":"2026-09-06T07:33:21","modified_gmt":"2026-09-06T07:33:21","slug":"tata-kvuli-fotbalu-zastavil-i-barak-ja-chci-prodat-cecha-do-premier-league","status":"publish","type":"post","link":"https:\/\/www.europesays.com\/cz\/204343\/","title":{"rendered":"T\u00e1ta kv\u016fli fotbalu zastavil i\u00a0bar\u00e1k. J\u00e1 chci prodat \u010cecha do Premier League"},"content":{"rendered":"<p class=\"e_bX\">T\u00e1tovi Franti\u0161kovi, kter\u00fd z\u00a0porevolu\u010dn\u00edch trosek vybudoval v\u00a0<a data-dot=\"atm-tag-link\" href=\"https:\/\/www.seznamzpravy.cz\/tag\/fk-teplice-75355\" class=\"e_n atm-tag-link\" rel=\"nofollow noopener\" target=\"_blank\">Teplic\u00edch<\/a> modern\u00ed <a data-dot=\"atm-tag-link\" href=\"https:\/\/www.seznamzpravy.cz\/tag\/fotbal-30487\" class=\"e_n atm-tag-link\" rel=\"nofollow noopener\" target=\"_blank\">fotbalov\u00fd<\/a> klub, o\u00a0pr\u00e1zdnin\u00e1ch nestihl zap\u00e1lit sv\u00ed\u010dku k\u00a0nedo\u017eit\u00fdm 70.\u00a0narozenin\u00e1m. P\u0159es sv\u00e9 \u010dty\u0159i d\u011bti, kter\u00e9 p\u0159i\u0161ly na h\u0159bitov, ho aspo\u0148 pozdravil na d\u00e1lku, proto\u017ee dojedn\u00e1val obchod, kter\u00fd nevy\u0161el. \u201eZrovna t\u00e1ta by to jist\u011b pochopil. V\u011bd\u011bl, \u017ee fotbal, pokud ho chcete d\u011blat po\u0159\u00e1dn\u011b, je nonstop pr\u00e1ce. Z\u00e1rove\u0148 by mi vynadal, \u017ee jsem tolik rozt\u011bkan\u00fd a\u00a0ned\u011bl\u00e1m jednu v\u011bc po\u0159\u00e1dn\u011b,\u201c pov\u00ed fotbalov\u00fd agent Martin Hrdli\u010dka, kdy\u017e si doleje mangov\u00fd d\u017eus z\u00a0karafy.<\/p>\n<p class=\"e_bX\">V l\u00e9t\u011b chyb\u011bl kr\u016f\u010dek k\u00a0tomu, aby prodal sl\u00e1vistick\u00e9ho stopera <a data-dot=\"atm-tag-link\" href=\"https:\/\/www.seznamzpravy.cz\/tag\/stepan-chaloupek-102622\" class=\"e_n atm-tag-link\" rel=\"nofollow noopener\" target=\"_blank\">\u0160t\u011bp\u00e1na Chaloupka<\/a> do <a data-dot=\"atm-tag-link\" href=\"https:\/\/www.seznamzpravy.cz\/tag\/benfica-lisabon-56059\" class=\"e_n atm-tag-link\" rel=\"nofollow noopener\" target=\"_blank\">Benfiky<\/a> Lisabon za 300\u00a0milion\u016f korun. Sta\u010dilo k\u00fdvnout, ale v\u0161ichni \u010dekali je\u0161t\u011b trochu v\u00fdrazn\u011bj\u0161\u00ed nab\u00eddku. Kdy\u017e p\u0159ilet\u011bla z\u00a0Lazia \u0158\u00edm, skoro o\u00a070\u00a0milion\u016f vy\u0161\u0161\u00ed, nepro\u0161la nekompromisn\u00ed finan\u010dn\u00ed kontrolou v\u00a0It\u00e1lii, kter\u00e1 u\u00a0Lazia registruje a\u00a0schvaluje p\u0159estupy.<\/p>\n<p class=\"e_bX\">\u201eCo se d\u00e1 d\u011blat. Mak\u00e1me d\u00e1l. \u00dapln\u011b sly\u0161\u00edm t\u00e1tu, jak by mi zd\u016fraznil: Hochu, hlavn\u011b ne\u010dekej \u017e\u00e1dn\u00fd vd\u011bk,\u201c usm\u011bje se Hrdli\u010dka nad telefonem, kter\u00fd ka\u017edou chv\u00edli nech\u00e1v\u00e1 vybzu\u010det, proto\u017ee se chce soust\u0159edit na rozhovor pro <a data-dot=\"atm-tag-link\" href=\"https:\/\/www.seznamzpravy.cz\/tag\/seznam-zpravy-48463\" class=\"e_n atm-tag-link\" rel=\"nofollow noopener\" target=\"_blank\">Seznam Zpr\u00e1vy<\/a>.<\/p>\n<p><a data-dot=\"mol-article-card-media\" aria-hidden=\"true\" tabindex=\"-1\" href=\"https:\/\/www.seznamzpravy.cz\/clanek\/sport-fotbal-cislo-17-neni-na-prodej-slavia-si-hycka-lukase-provoda-mvp-ceske-ligy-311270\" class=\"e_n f_l8\" rel=\"nofollow noopener\" target=\"_blank\"><img height=\"1687\"   width=\"3000\" src=\"https:\/\/www.europesays.com\/cz\/wp-content\/uploads\/2026\/09\/4825.jpeg\" loading=\"lazy\" decoding=\"async\" class=\"e_aa e_Z e_T\"\/><\/a><\/p>\n<p class=\"e_bX\">M\u00e1 \u010dty\u0159i d\u011bti, star\u0161\u00ed br\u00e1cha na vedlej\u0161\u00ed parcele dokonce p\u011bt. Na dom\u00e1c\u00ed farm\u011b je 80\u00a0slepic, t\u0159i kon\u011b, v\u010del\u00ed \u00faly, plno ovocn\u00fdch strom\u016f. Hrdli\u010dka junior krom\u011b jin\u00e9ho s\u00a0kamar\u00e1dy v\u00a0Teplic\u00edch provozuje z\u00e1bavn\u00ed centrum Metropole, vlastn\u00ed reklamn\u00ed agenturu AD Studio a\u00a0ve sv\u00e9 fotbalov\u00e9 st\u00e1ji zastupuje p\u0159es 100\u00a0hr\u00e1\u010d\u016f, v\u010detn\u011b ligov\u00e9 hv\u011bzdy <a data-dot=\"atm-tag-link\" href=\"https:\/\/www.seznamzpravy.cz\/tag\/lukas-provod-94162\" class=\"e_n atm-tag-link\" rel=\"nofollow noopener\" target=\"_blank\">Luk\u00e1\u0161e Provoda<\/a>. A\u00a0to je\u0161t\u011b \u0161\u00e9fuje Ban\u00edku Modlany v\u00a0krajsk\u00e9m p\u0159eboru.<\/p>\n<p class=\"e_bX\">Zrovna objednal pro modlansk\u00fd t\u00fdm nov\u00e9 \u010dern\u00e9 dresy a\u00a0t\u011b\u0161\u00ed se, jak odpoledne stihne tr\u00e9nink p\u0159\u00edpravky a\u00a0nejmlad\u0161\u00edch d\u011bt\u00ed pod zkratkou bambini. Jeho p\u011btilet\u00e1 dvoj\u010data Jakub se \u0160t\u011bp\u00e1nem za\u010d\u00ednaj\u00ed kopat a\u00a0dcera B\u00e1ra je tr\u00e9nuje. Man\u017eelka Zuzana se krom\u011b jin\u00e9ho star\u00e1 o\u00a0\u00fa\u010detnictv\u00ed ve firm\u011b. \u201eKdy\u017e se vrac\u00edm dom\u016f, sna\u017e\u00edm se respektovat man\u017eel\u010dino p\u0159\u00e1n\u00ed, abych rodinu zdravil bez mobilu na uchu. I\u00a0d\u011bti, kdy\u017e byly mal\u00e9, se m\u011b nau\u010dily peskovat: T\u00e1ta, n\u00e9\u00e9\u00e9, telef\u00f3n, n\u00e9\u00e9\u00e9.\u201c<\/p>\n<p class=\"e_bX\">Ale jde to? V\u00a0Evrop\u011b pr\u00e1v\u011b skon\u010dil p\u0159estupn\u00ed term\u00edn, dost\u00e1v\u00e1te jednu zpr\u00e1vu za druhou.<\/p>\n<p class=\"e_bX\">\u010casto si vzpomenu na t\u00e1tu, kter\u00fd odnepam\u011bti vehementn\u011b sh\u00e1n\u011bl pen\u00edze a\u00a0sponzory pro Teplice. Posledn\u00edho prosince si dal chv\u00edli pauzu, od prvn\u00edho ledna pokra\u010doval. V\u0161ichni, kdo mluv\u00ed o\u00a0tom, jak se ve fotbale kr\u00e1sn\u011b \u017eije, by si m\u011bli osahat, jak chutn\u00e1 realita.<\/p>\n<p class=\"e_bX\">Vyr\u016fstal jsem v\u00a0Byst\u0159anech na h\u0159i\u0161ti, ka\u017ed\u00fd den jsem kopal do m\u00ed\u010de. Kdy\u017e t\u00e1ta z\u00a0mal\u00e9ho klubu, kter\u00fd zvelebil, pov\u00fd\u0161il a\u00a0za\u010dal \u0161\u00e9fovat <a data-dot=\"atm-tag-link\" href=\"https:\/\/www.seznamzpravy.cz\/tag\/fk-teplice-75355\" class=\"e_n atm-tag-link\" rel=\"nofollow noopener\" target=\"_blank\">Teplic\u00edm<\/a>, \u0161el jsem za n\u00edm. Jako mlad\u00fd fotbalista a\u00a0pak jako pozorovatel. Nic jin\u00e9ho ne\u017e fotbal neum\u00edm.<\/p>\n<p class=\"e_bX\">Trochu. D\u011bl\u00e1m pr\u00e1ci, kter\u00e1 m\u011b bav\u00ed, co\u017e pova\u017euju za svoji nejv\u011bt\u0161\u00ed v\u00fdhodu. Napl\u0148uje m\u011b, \u017ee kluci, kter\u00fdm pom\u00e1h\u00e1me, m\u016f\u017eou r\u016fst. A\u00a0z\u00e1rove\u0148 je to skv\u011bl\u00e1 ob\u017eiva, co\u017e t\u011b\u017eko budu pop\u00edrat.<\/p>\n<p class=\"e_bX\">V\u00e1\u0161 mana\u017eersk\u00fd sen je jak\u00fd, kdy\u017e nevy\u0161el Chaloupek do Lazia \u0158\u00edm?<\/p>\n<p class=\"e_bX\">Dostat hr\u00e1\u010de do <a data-dot=\"atm-tag-link\" href=\"https:\/\/www.seznamzpravy.cz\/tag\/premier-league-57172\" class=\"e_n atm-tag-link\" rel=\"nofollow noopener\" target=\"_blank\">Premier League<\/a>. Nejenom kv\u016fli pen\u011bz\u016fm, ale cht\u011bl bych to za\u017e\u00edt.<\/p>\n<p class=\"e_bX\">Je\u0161t\u011b na posledn\u00ed chv\u00edli se na Chaloupka ptala <a data-dot=\"atm-tag-link\" href=\"https:\/\/www.seznamzpravy.cz\/tag\/atalanta-bergamasca-calcio-56044\" class=\"e_n atm-tag-link\" rel=\"nofollow noopener\" target=\"_blank\">Atalanta<\/a> Bergamo. Zase jste vy\u0159izoval formality a\u00a0hovory, kter\u00e9 nikam nevedly. Kdy naposledy jste str\u00e1vil den bez telefonu?<\/p>\n<p class=\"e_bX\">P\u011btadvac\u00e1t\u00e9ho prosince b\u00fdv\u00e1 nejv\u011bt\u0161\u00ed klid. Je\u0161t\u011b na <a data-dot=\"atm-tag-link\" href=\"https:\/\/www.seznamzpravy.cz\/tag\/stedry-den-57262\" class=\"e_n atm-tag-link\" rel=\"nofollow noopener\" target=\"_blank\">\u0160t\u011bdr\u00fd den<\/a> sem tam n\u011bkdo p\u00ed\u0161e, vypt\u00e1vaj\u00ed se, zaj\u00edmaj\u00ed se. Nevolaj\u00ed, aby neru\u0161ili ve sv\u00e1te\u010dn\u00ed \u010das. Na <a data-dot=\"atm-tag-link\" href=\"https:\/\/www.seznamzpravy.cz\/tag\/bozi-hod-vanocni-79435\" class=\"e_n atm-tag-link\" rel=\"nofollow noopener\" target=\"_blank\">Bo\u017e\u00ed hod<\/a> si d\u00e1me chvilku pokoj, v\u00a0klidu se pod\u00edv\u00e1me, jak se hraje pov\u00e1no\u010dn\u00ed fotbal v\u00a0Anglii, pro\u017eijeme nejklidn\u011bj\u0161\u00ed den v\u00a0roce a\u00a0pak to zase jede naplno.<\/p>\n<p>Martin Hrdli\u010dka | Sport SZNarodil se 5.\u00a0\u0159\u00edjna 1981\u00a0v\u00a0Teplic\u00edch, je synem funkcion\u00e1\u0159e Franti\u0161ka Hrdli\u010dky.Fotbalov\u00fd mana\u017eer, jeho\u017e agentura TopSport Management zastupuje t\u0159eba \u0160t\u011bp\u00e1na Chaloupku, Luk\u00e1\u0161e Provoda, V\u00e1clava Sejka, Jakuba Martince, Denise Halinsk\u00e9ho \u010di Daniela Filu.M\u00e1 \u010dty\u0159i d\u011bti. Nejstar\u0161\u00ed Barbora (16) tr\u00e9nuje v\u00a0Modlanech mal\u00e9 d\u011bti, Mat\u011bj (14) zkou\u0161\u00ed \u0161t\u011bst\u00ed v\u00a0teplick\u00fdch \u017e\u00e1c\u00edch, p\u011btilet\u00e1 dvoj\u010data Jakub a\u00a0\u0160t\u011bp\u00e1n za\u010d\u00ednaj\u00ed v\u00a0p\u0159\u00edpravce.Se star\u0161\u00edm bratrem provozuje reklamn\u00ed agenturu, investoval do nemovitost\u00ed v\u00a0Praze a\u00a0Teplic\u00edch, s\u00a0p\u011bti kamar\u00e1dy provozuje z\u00e1bavn\u00ed centrum Metropole.Je p\u0159edsedou \u00daKFS a\u00a0fotbalov\u00fdch Modlan, kter\u00e9 maj\u00ed p\u0159es 200\u00a0\u010dlen\u016f a\u00a0prvn\u00ed t\u00fdm hraje krajsk\u00fd p\u0159ebor.<\/p>\n<p class=\"e_bX\">Nevy\u010d\u00edtal v\u00e1m t\u00e1ta, \u017ee jste p\u0159\u00edli\u0161 vst\u0159\u00edcn\u00fd?<\/p>\n<p class=\"e_bX\">Ani ne. Hlavn\u011b mu vadilo, \u017ee d\u011bl\u00e1m hodn\u011b v\u011bc\u00ed najednou.<\/p>\n<p class=\"e_bX\">No, s\u00a0br\u00e1chou, kter\u00fd se \u017eiv\u00ed jako mal\u00ed\u0159, m\u00e1te dohromady dev\u011bt d\u011bt\u00ed.<\/p>\n<p class=\"e_bX\">Pravda, sexu\u00e1ln\u00ed v\u00fdchovu nejsp\u00ed\u0161 lehce zanedbal (\u00fasm\u011bv). Ale my si nest\u011b\u017eujeme ani v\u00a0nejmen\u0161\u00edm, d\u011bti jsou to nejd\u016fle\u017eit\u011bj\u0161\u00ed.<\/p>\n<p class=\"e_bX\">V\u011bt\u0161ina z\u00a0na\u0161ich d\u011bt\u00ed jde v\u00a0t\u00e1tov\u00fdch stop\u00e1ch a\u00a0n\u00e1\u0161 nejstar\u0161\u00ed syn Mat\u011bj te\u010f zkou\u0161\u00ed \u0161t\u011bst\u00ed v\u00a0Teplic\u00edch. V\u00a0rodin\u011b je to trochu diagn\u00f3za.<\/p>\n<p><img height=\"1600\"   width=\"899\" src=\"https:\/\/www.europesays.com\/cz\/wp-content\/uploads\/2026\/09\/fotbal-hrdlicka.jpeg\" loading=\"lazy\" decoding=\"async\" class=\"e_aa e_Z e_T\"\/>Foto: Archiv<\/p>\n<p class=\"e_bX\">Se synem na posledn\u00edm fin\u00e1le Ligy mistr\u016f.<\/p>\n<p class=\"e_bX\">Otev\u00edralo v\u00e1m to jm\u00e9no dve\u0159e?<\/p>\n<p class=\"e_bX\">V \u010cech\u00e1ch ano. U\u017e t\u00edm, \u017ee jsme s\u00a0t\u00e1tou od klukovsk\u00fdch let jezdili po z\u00e1pasech. On p\u0159ivezl svoje Teplice, my mu s\u00a0br\u00e1chou kr\u00e1\u010deli za z\u00e1dy a\u00a0s otev\u0159enou pusou koukali, jak se chov\u00e1 a\u00a0s k\u00fdm si zrovna pod\u00e1v\u00e1 ruku. V\u00a0P\u0159\u00edbrami se pozdravil s\u00a0Jardou <a data-dot=\"atm-tag-link\" href=\"https:\/\/www.seznamzpravy.cz\/tag\/jaroslav-starka-15124\" class=\"e_n atm-tag-link\" rel=\"nofollow noopener\" target=\"_blank\">Starkou<\/a>, v\u00a0Drnovic\u00edch s\u00a0Honzou Gottvaldem, v\u00a0Jablonci zase s\u00a0M\u00edrou <a data-dot=\"atm-tag-link\" href=\"https:\/\/www.seznamzpravy.cz\/tag\/miroslav-pelta-19213\" class=\"e_n atm-tag-link\" rel=\"nofollow noopener\" target=\"_blank\">Peltou<\/a>. Na \u017di\u017ekov\u011b s\u00a0Ivanem Horn\u00edkem. Nezapomenu, jak v\u00a0Bl\u0161anech u\u00a0Franti\u0161ka Chvalovsk\u00e9ho p\u0159i z\u00e1pasech von\u011bly ope\u010den\u00e9 bu\u0159ty a\u00a0klob\u00e1sy. Vn\u00edmal jsem to jako privilegium, \u017ee pozn\u00e1v\u00e1m tak v\u00fdrazn\u00e9 osobnosti.<\/p>\n<p class=\"e_bX\">Pot\u0159\u00edsn\u011bn\u00e9 korupc\u00ed. Nebo rovnou odsouzen\u00e9. Nejen v\u00a0devades\u00e1t\u00fdch letech vl\u00e1dla ve fotbale po\u0159\u00e1dn\u00e1 divo\u010dina.<\/p>\n<p class=\"e_bX\">To jsem samoz\u0159ejm\u011b nev\u011bd\u011bl. Ale i\u00a0te\u010f &#8211; na jednu stranu &#8211; maj\u00ed m\u016fj velk\u00fd obdiv, jak pro fotbal \u017eili a\u00a0\u017eij\u00ed st\u00e1le. Jsou to absolutn\u00ed srdca\u0159i, kte\u0159\u00ed by se pro fotbal rozkr\u00e1jeli. By\u0165 z\u00a0n\u011bj ur\u010dit\u00fdm zp\u016fsobem m\u011bli i\u00a0sami profit. Vzpom\u00edn\u00e1m si, \u017ee t\u00e1ta kdysi zastavil i\u00a0bar\u00e1k, aby m\u011bl pro Teplice pen\u00edze. Snad nep\u0159eh\u00e1n\u00edm, kdy\u017e \u0159eknu, \u017ee n\u011bkte\u0159\u00ed majitel\u00e9 by klidn\u011b okradli rodinu, aby zachr\u00e1nili sv\u016fj klub. Kdy\u017e si pak podali ruku, platilo to nad z\u00e1kon. T\u00e1ta mi n\u011bkolikr\u00e1t opakoval: Jestli chce\u0161 ve fotbale z\u016fstat cel\u00fd \u017eivot, tak mus\u00ed\u0161 dr\u017eet slovo a\u00a0b\u00fdt f\u00e9r.<\/p>\n<p><a data-dot=\"mol-article-card-media\" aria-hidden=\"true\" tabindex=\"-1\" href=\"https:\/\/www.seznamzpravy.cz\/clanek\/audio-podcast-mvp-schick-prodlouzil-blbou-naladu-hvezda-sepsula-cesko-za-fotbalove-ms-314343\" class=\"e_n f_l8\" rel=\"nofollow noopener\" target=\"_blank\"><img height=\"1080\"   width=\"1920\" src=\"https:\/\/www.europesays.com\/cz\/wp-content\/uploads\/2026\/09\/1788680000_945_patrik-schick-ceska-fotbalova-reprezentace-mvp.jpeg\" loading=\"lazy\" decoding=\"async\" class=\"e_aa e_Z e_T\"\/><\/a><\/p>\n<p class=\"e_bX\">Taky nem\u00e1m nad hlavou svatoz\u00e1\u0159, ka\u017ed\u00fd d\u011bl\u00e1me v\u011bci, kter\u00e9 jsou minim\u00e1ln\u011b z\u00a0mor\u00e1ln\u00edho hlediska n\u011bkdy na hran\u011b. Ale mus\u00edme fungovat. Platilo to tehdy, plat\u00ed to te\u010f. T\u00e1ta poch\u00e1zel z\u00a0chud\u00e9 d\u011blnick\u00e9 rodiny. Kari\u00e9ru a\u00a0majetek si vybudoval s\u00e1m, proto\u017ee byl n\u00e1ro\u010dn\u00fd na lidi kolem a\u00a0hlavn\u011b s\u00e1m na sebe.<\/p>\n<p class=\"e_bX\">Um\u011bl pohladit, ale vybavuju si i\u00a0chv\u00edle, kdy se nespokojen\u011b ohnal s\u00a0nap\u0159a\u017eenou dlan\u00ed. Ka\u017edop\u00e1dn\u011b ve srovn\u00e1n\u00ed s\u00a0t\u00edm, jak tvrd\u011b vychov\u00e1vali jeho, u\u017e jsem byl docela zh\u00fd\u010dkan\u00e9 d\u00edt\u011b. T\u00e1tu dop\u0159edu hnaly vzpom\u00ednky na d\u011btstv\u00ed. M\u011bl sny a\u00a0vize. Cht\u011bl Teplice vid\u011bt naho\u0159e, i\u00a0kdy\u017e si uv\u011bdomoval, \u017ee je to skoro nemo\u017en\u00e9. \u0158\u00edkal mi p\u0159ed lety: Te\u010f mi nad\u00e1vaj\u00ed, \u017ee hrajeme o\u00a0p\u00e1t\u00fd flek v\u00a0lize, ale vzpome\u0148 si, \u017ee na to budou s\u00a0l\u00e1skou vzpom\u00ednat.<\/p>\n<p class=\"e_bX\">Jednozna\u010dn\u011b. Te\u010f d\u00edky nov\u00e9mu majiteli, podnikateli <a data-dot=\"atm-tag-link\" href=\"https:\/\/www.seznamzpravy.cz\/tag\/milan-kratina-63766\" class=\"e_n atm-tag-link\" rel=\"nofollow noopener\" target=\"_blank\">Milanu Kratinovi<\/a>, kter\u00fd Teplice koupil, zav\u00e1l nov\u00fd v\u00edtr a\u00a0energie, ale dlouh\u00e9 roky to byl prakticky jen boj o\u00a0p\u0159e\u017eit\u00ed v\u00a0lize.<\/p>\n<p class=\"e_bX\">Zvl\u00e1\u0161\u0165 kdy\u017e se Teplice vyhranily proti man\u00fdr\u016fm, kter\u00e9 s\u00a0nasazov\u00e1n\u00edm rozhod\u010d\u00edch na zak\u00e1zku prosazoval b\u00fdval\u00fd m\u00edstop\u0159edseda svazu <a data-dot=\"atm-tag-link\" href=\"https:\/\/www.seznamzpravy.cz\/tag\/roman-berbr-20626\" class=\"e_n atm-tag-link\" rel=\"nofollow noopener\" target=\"_blank\">Roman Berbr<\/a>.<\/p>\n<p class=\"e_bX\">Bylo to pro Teplice t\u011b\u017ek\u00e9 obdob\u00ed. T\u00e1ta nebyl svat\u00fd, ale z\u00e1da nikdy neohnul.<\/p>\n<p class=\"e_bX\">Zem\u0159el n\u00e1hle p\u0159ed dvan\u00e1cti lety po mozkov\u00e9 p\u0159\u00edhod\u011b.<\/p>\n<p class=\"e_bX\">Fotbal mu p\u0159in\u00e1\u0161el p\u0159\u00edli\u0161 velk\u00fd stres.<\/p>\n<p><img height=\"751\"   width=\"1800\" src=\"https:\/\/www.europesays.com\/cz\/wp-content\/uploads\/2026\/09\/1788680000_479_fotbal-hrdlicka.jpeg\" loading=\"lazy\" decoding=\"async\" class=\"e_aa e_Z e_T\"\/>Foto: Profimedia.cz<\/p>\n<p class=\"e_bX\">Poh\u0159eb Franti\u0161ka Hrdli\u010dky. P\u0159\u00edmo na stadionu v\u00a0Teplic\u00edch. V\u00a0\u010dele \u010destn\u00e9 str\u00e1\u017ee st\u00e1l b\u00fdval\u00fd fotbalov\u00fd p\u0159edseda Franti\u0161ek Chvalovsk\u00fd (vpravo). Vlevo se mu ukl\u00e1n\u00ed zp\u011bv\u00e1k Josef Vojtek, teplick\u00fd patriot.<\/p>\n<p class=\"e_bX\">I vy jste m\u011bl loni v\u00e1\u017en\u00e9 trable.<\/p>\n<p class=\"e_bX\">Boreli\u00f3zu a\u00a0z\u00e1n\u011bt slinivky b\u0159i\u0161n\u00ed. Vystra\u0161ilo m\u011b to a\u00a0m\u011bs\u00edc jsem musel vypnout. Man\u017eelka by si p\u0159\u00e1la, abych zvolnil je\u0161t\u011b v\u00edc a\u00a0tr\u00e1vil v\u00edc \u010dasu s\u00a0rodinou, ale je to slo\u017eit\u00e9.<\/p>\n<p class=\"e_bX\">I proto jste mohl b\u00fdt u\u00a0jednoho z\u00a0nejdra\u017e\u0161\u00edch obchod\u016f \u010desk\u00e9 ligy. Co sch\u00e1zelo, aby \u0160t\u011bp\u00e1n Chaloupek p\u0159estoupil ze <a data-dot=\"atm-tag-link\" href=\"https:\/\/www.seznamzpravy.cz\/tag\/sk-slavia-praha-56401\" class=\"e_n atm-tag-link\" rel=\"nofollow noopener\" target=\"_blank\">Slavie<\/a>?<\/p>\n<p class=\"e_bX\">M\u00e1m-li b\u00fdt up\u0159\u00edmn\u00fd, tak n\u011bkdy jen dobr\u00e1 v\u016fle nebo trp\u011blivost. T\u00e1hlo se to cel\u00e9 l\u00e9to, kdy\u017e se \u0160t\u011bp\u00e1n vr\u00e1til z\u00a0<a data-dot=\"atm-tag-link\" href=\"https:\/\/www.seznamzpravy.cz\/tag\/mistrovstvi-sveta-ve-fotbale-37105\" class=\"e_n atm-tag-link\" rel=\"nofollow noopener\" target=\"_blank\">mistrovstv\u00ed sv\u011bta<\/a>. N\u011bkdy cht\u011bla Slavia asi p\u0159\u00edli\u0161 a\u00a0klub\u016fm se necht\u011blo p\u0159ihodit. N\u011bkdy jsme m\u011bli velk\u00e9 o\u010di v\u0161ichni. U\u00a0Lazia byl nakonec nejv\u011bt\u0161\u00ed probl\u00e9m asi Italsk\u00e1 federace, kter\u00e1 v\u00a0It\u00e1lii p\u0159estupy a\u00a0hostov\u00e1n\u00ed schvaluje. P\u0159estupy u\u00a0\u010desk\u00fdch klub\u016f se ka\u017edop\u00e1dn\u011b utrhly ze \u0159et\u011bzu. Prodejn\u00ed ceny vylet\u011bly \u0161\u00edlen\u011b a\u00a0v\u0161ichni nyn\u00ed maj\u00ed velk\u00e1 o\u010dek\u00e1v\u00e1n\u00ed.<\/p>\n<p>Franti\u0161ek Hrdli\u010dka | Sport SZ20. srpna 1955 \u2013 2. srpna 2014Jedna z nejv\u011bt\u0161\u00edch funkcion\u00e1\u0159sk\u00fdch osobnost\u00ed \u010desk\u00e9ho fotbalu, otec Martina Hrdli\u010dky.Za\u010d\u00ednal v Byst\u0159anech, odkud poch\u00e1zel, v sedmat\u0159iceti se stal \u0161\u00e9fem Teplic, kter\u00e9 je\u0161t\u011b v roce 1996 hr\u00e1ly druhou ligu.Po postupu Teplice nikdy nesestoupily, za Hrdli\u010dkovy \u00e9ry skon\u010dily nejl\u00e9pe st\u0159\u00edbrn\u00e9 v roce 1999. Hr\u00e1ly p\u0159edkolo Ligy mistr\u016f, n\u011bkolikr\u00e1t evropsk\u00e9 poh\u00e1ry, na podzim 2003 t\u0159et\u00ed kolo Poh\u00e1ru UEFA.Nejv\u011bt\u0161\u00ed byznys ud\u011blaly s Edinem D\u017eekem a odchovancem Martinem Feninem. Mezi nejslavn\u011bj\u0161\u00ed hr\u00e1\u010de pat\u0159ili Pavel Verb\u00ed\u0159, Radek Diveck\u00fd, \u0160t\u011bp\u00e1n Vachou\u0161ek, Pavel Horv\u00e1th, Tom\u00e1\u0161 Po\u0161tulka nebo Lud\u011bk Zelenka.Hrdli\u010dkovi nebylo ani 58 let, kdy\u017e zem\u0159el na mozkovou p\u0159\u00edhodu. \u010cestnou str\u00e1\u017e u rakve na stadionu st\u00e1li n\u011bkdej\u0161\u00ed svazov\u00fd p\u0159edseda Franti\u0161ek Chvalovsk\u00fd, tren\u00e9\u0159i Petr Rada, Josef Pe\u0161ice, Zdenko Fr\u0165ala a Michal B\u00edlek nebo legend\u00e1rn\u00ed \u00fato\u010dn\u00edk Pavel Verb\u00ed\u0159.<\/p>\n<p class=\"e_bX\">Jak byste si to p\u0159edstavoval vy?<\/p>\n<p class=\"e_bX\">Ide\u00e1ln\u00edm p\u0159\u00edkladem je pro m\u011b d\u00e1nsk\u00fd Nordsj\u00e6lland. P\u0159\u00e1l bych si, aby u\u00a0n\u00e1s n\u011bkdo vytvo\u0159il podobn\u00fd projekt. Skautovat mlad\u00e9 fotbalisty po cel\u00e9m sv\u011bt\u011b nejen podle dat, vytvo\u0159it z\u00a0nich t\u00fdm, konkurovat v\u00a0evropsk\u00fdch poh\u00e1rech, \u0161ikovn\u011b prod\u00e1vat, prosperovat. K\u00e9\u017e by to byly Teplice, \u0159\u00edk\u00e1m si ob\u010das, ale te\u010f se tomu podob\u00e1 asi nejv\u00edce Liberec se sportovn\u00edm \u0159editelem\u00a0Honzou Nezmarem.<\/p>\n<p><a data-dot=\"mol-article-card-media\" aria-hidden=\"true\" tabindex=\"-1\" href=\"https:\/\/www.seznamzpravy.cz\/clanek\/sport-fotbal-byl-outsider-a-trapil-se-ted-chce-slavista-chaloupek-na-mistrovstvi-sveta-302277\" class=\"e_n f_l8\" rel=\"nofollow noopener\" target=\"_blank\"><img height=\"1012\"   width=\"1800\" src=\"https:\/\/www.europesays.com\/cz\/wp-content\/uploads\/2026\/09\/slavia-fotbal.jpeg\" loading=\"lazy\" decoding=\"async\" class=\"e_aa e_Z e_T\"\/><\/a><\/p>\n<p class=\"e_bX\">Jak moc v\u00e1s \u0161tve, \u017ee Chaloupek nakonec z\u016fstal ve Slavii?<\/p>\n<p class=\"e_bX\">V\u016fbec. \u010cek\u00e1 ho <a data-dot=\"atm-tag-link\" href=\"https:\/\/www.seznamzpravy.cz\/tag\/liga-mistru-uefa-57040\" class=\"e_n atm-tag-link\" rel=\"nofollow noopener\" target=\"_blank\">Liga mistr\u016f<\/a>, bude se d\u00e1l u\u010dit v\u00a0nejlep\u0161\u00edm klubu u\u00a0n\u00e1s, pod nejlep\u0161\u00edmi tren\u00e9ry. \u017de se nepovedl p\u011bkn\u00fd byznys, to se n\u011bkdy st\u00e1v\u00e1. D\u016fle\u017eit\u00e9 je, \u017ee m\u00e1m zdrav\u00e9 d\u011bti, \u017eenu a\u00a0jsem finan\u010dn\u011b nez\u00e1visl\u00fd. Asi bych m\u011bl p\u0159iznat, \u017ee jsem v\u00a0t\u00e9hle bran\u017ei pracovat p\u016fvodn\u011b necht\u011bl. To teprve t\u00e1ta m\u011b povolal do slu\u017eby, ne\u017e zem\u0159el.<\/p>\n<p class=\"e_bX\">Studoval jsem ve Skotsku jazyky, t\u00e1ta toho m\u011bl moc a\u00a0st\u011b\u017eoval si, \u017ee ho u\u017e nebav\u00ed jedn\u00e1n\u00ed s\u00a0fotbalov\u00fdmi agenty. Zavolal mi a\u00a0rovnou ve druh\u00e9 v\u011bt\u011b ozn\u00e1mil: Um\u00ed\u0161 anglicky, fotbalu rozum\u00ed\u0161, bude\u0161 agent a\u00a0pohl\u00edd\u00e1\u0161 mi teplick\u00e9 kluky. To byl rok 2008.\u00a0P\u0159ekvapiv\u011b m\u011b to chytlo, za\u010dal jsem zastupovat teplick\u00e9 odchovance a\u00a0rozkouk\u00e1val se.<\/p>\n<p class=\"e_bX\">Prvn\u00ed z\u00e1sadn\u00ed p\u0159estupy jste ud\u011blal do Kazachst\u00e1nu a\u00a0Izraele. Jakub Chleboun, Pavel \u010cern\u00fd, <a data-dot=\"atm-tag-link\" href=\"https:\/\/www.seznamzpravy.cz\/tag\/ondrej-kudela-21397\" class=\"e_n atm-tag-link\" rel=\"nofollow noopener\" target=\"_blank\">Ond\u0159ej K\u00fadela<\/a>, P\u0159emysl Kov\u00e1\u0159\u2026<\/p>\n<p class=\"e_bX\">Ano &#8211; a\u00a0t\u00e1ta dva m\u011bs\u00edce nato zem\u0159el.<\/p>\n<p class=\"e_bX\">V\u011bd\u011bl jsem, \u017ee u\u00a0toho z\u016fstanu a\u00a0budu d\u00e1l hledat dal\u0161\u00ed hr\u00e1\u010de, kte\u0159\u00ed budou na podobn\u00e9 vln\u011b jako j\u00e1.<\/p>\n<p class=\"e_bX\">U patn\u00e1ctilet\u00e9ho kluka se p\u0159ece m\u016f\u017eete spl\u00e9st.<\/p>\n<p class=\"e_bX\">To je riziko povol\u00e1n\u00ed. I\u00a0proto nikdy nebudu nejlep\u0161\u00ed a\u00a0nejchyt\u0159ej\u0161\u00ed podnikatel na sv\u011bt\u011b. Sna\u017e\u00edm se pracovat na kamar\u00e1dsk\u00e9 b\u00e1zi, jsem d\u016fv\u011b\u0159iv\u00fd a\u00a0n\u011bkdy na to prost\u011b doplat\u00edm.<\/p>\n<p class=\"e_bX\">U Chaloupka v\u00a0l\u00e9t\u011b taky?<\/p>\n<p class=\"e_bX\">Ne. M\u011bl jsem sice stresy do posledn\u00ed minuty p\u0159estupn\u00edho obdob\u00ed, ale tu cestu jsem si vybral s\u00e1m. U\u017e p\u0159i prvn\u00edm na\u0165uknut\u00ed mus\u00edte po\u010d\u00edtat s\u00a0t\u00edm, \u017ee to t\u0159eba skon\u010d\u00ed dv\u011bma informa\u010dn\u00edmi telefon\u00e1ty nebo jedn\u00edm poslan\u00fdm mailem. Tady u\u017e jsme byli ve fin\u00e1ln\u00ed f\u00e1zi, p\u0159esto p\u0159estup neklapl. Ale to v\u00e1s nem\u016f\u017ee odradit. Kdy\u017e \u0160t\u011bp\u00e1n nav\u00e1\u017ee na minulou sezonu, kdy dal dev\u011bt ligov\u00fdch g\u00f3l\u016f a\u00a0dostal se do n\u00e1rodn\u00edho t\u00fdmu, o\u00a0nab\u00eddky nebude m\u00edt nouzi.<\/p>\n<p class=\"e_bX\">Co Luk\u00e1\u0161 Provod, v\u00e1\u0161 dal\u0161\u00ed prominentn\u00ed klient? O\u00a0kolik jste p\u0159i\u0161el, \u017ee ho Slavia nikdy neprodala?<\/p>\n<p class=\"e_bX\">Neum\u00edm \u0159\u00edct a\u00a0po\u010d\u00edtat to ani nelze. Jsem nad\u0161en\u00fd z\u00a0toho, jak se Luk\u00e1\u0161 dostal z\u00a0t\u011b\u017ek\u00e9ho zran\u011bn\u00ed kolene a\u00a0jak\u00fd spolu m\u00e1me vztah. Je to extr\u00e9mn\u011b chytr\u00fd a\u00a0pokorn\u00fd kluk s\u00a0obdivuhodnou kari\u00e9rou. Jeden z\u00a0nejv\u011bt\u0161\u00edch profesion\u00e1l\u016f, kter\u00e9 jsem v\u00a0\u017eivot\u011b potkal. Pat\u0159\u00ed mezi z\u00e1sadn\u00ed faktory, pro\u010d Slavia podruh\u00e9 za sebou z\u00edskala titul a\u00a0znovu hraje Ligu mistr\u016f. Ano, p\u0159\u00e1l jsem si, aby hr\u00e1l Premier League, ptala se na n\u011bho spousta klub\u016f z\u00a0Anglie, N\u011bmecka a\u00a0It\u00e1lie, ale \u010dlov\u011bk nem\u016f\u017ee m\u00edt v\u0161echno. Sv\u00e9ho \u010dasu byl neprodejn\u00fd a\u00a0te\u010f je pro Slavii st\u00e1le nepostradateln\u00fd.<\/p>\n","protected":false},"excerpt":{"rendered":"T\u00e1tovi Franti\u0161kovi, kter\u00fd z\u00a0porevolu\u010dn\u00edch trosek vybudoval v\u00a0Teplic\u00edch modern\u00ed fotbalov\u00fd klub, o\u00a0pr\u00e1zdnin\u00e1ch nestihl zap\u00e1lit sv\u00ed\u010dku k\u00a0nedo\u017eit\u00fdm 70.\u00a0narozenin\u00e1m. P\u0159es sv\u00e9&hellip;\n","protected":false},"author":2,"featured_media":204344,"comment_status":"","ping_status":"","sticky":false,"template":"","format":"standard","meta":{"footnotes":"","_share_on_mastodon":"0"},"categories":[10],"tags":[46458,2746,326,46457,17,21,1190,868,12115,16,7645,1149,864,46459,5894,18,19,22,20],"class_list":["post-204343","post","type-post","status-publish","format-standard","has-post-thumbnail","category-zpravy","tag-bozi-hod-vanocni","tag-fk-teplice","tag-fotbal","tag-frantisek-chvalovsky","tag-headlines","tag-hlavni-udalosti","tag-liga-mistru-uefa","tag-lukas-provod","tag-michal-bilek","tag-news","tag-ondrej-kudela","tag-premier-league","tag-sk-slavia-praha","tag-stedry-den","tag-stepan-chaloupek","tag-top-news","tag-top-stories","tag-udalosti-dne","tag-zpravy"],"share_on_mastodon":{"url":"https:\/\/pubeurope.com\/@cz\/117222939686696239","error":""},"_links":{"self":[{"href":"https:\/\/www.europesays.com\/cz\/wp-json\/wp\/v2\/posts\/204343","targetHints":{"allow":["GET"]}}],"collection":[{"href":"https:\/\/www.europesays.com\/cz\/wp-json\/wp\/v2\/posts"}],"about":[{"href":"https:\/\/www.europesays.com\/cz\/wp-json\/wp\/v2\/types\/post"}],"author":[{"embeddable":true,"href":"https:\/\/www.europesays.com\/cz\/wp-json\/wp\/v2\/users\/2"}],"replies":[{"embeddable":true,"href":"https:\/\/www.europesays.com\/cz\/wp-json\/wp\/v2\/comments?post=204343"}],"version-history":[{"count":0,"href":"https:\/\/www.europesays.com\/cz\/wp-json\/wp\/v2\/posts\/204343\/revisions"}],"wp:featuredmedia":[{"embeddable":true,"href":"https:\/\/www.europesays.com\/cz\/wp-json\/wp\/v2\/media\/204344"}],"wp:attachment":[{"href":"https:\/\/www.europesays.com\/cz\/wp-json\/wp\/v2\/media?parent=204343"}],"wp:term":[{"taxonomy":"category","embeddable":true,"href":"https:\/\/www.europesays.com\/cz\/wp-json\/wp\/v2\/categories?post=204343"},{"taxonomy":"post_tag","embeddable":true,"href":"https:\/\/www.europesays.com\/cz\/wp-json\/wp\/v2\/tags?post=204343"}],"curies":[{"name":"wp","href":"https:\/\/api.w.org\/{rel}","templated":true}]}}