{"id":204359,"date":"2026-09-06T07:51:18","date_gmt":"2026-09-06T07:51:18","guid":{"rendered":"https:\/\/www.europesays.com\/cz\/204359\/"},"modified":"2026-09-06T07:51:18","modified_gmt":"2026-09-06T07:51:18","slug":"dyji-pod-novymi-mlyny-znovu-dusi-sinice","status":"publish","type":"post","link":"https:\/\/www.europesays.com\/cz\/204359\/","title":{"rendered":"Dyji pod Nov\u00fdmi Ml\u00fdny znovu dus\u00ed sinice"},"content":{"rendered":"<p class=\"c_bB\">\u201eOd p\u00e1te\u010dn\u00edho odpoledne byla v\u00a0cel\u00e9m toku Dyje od B\u0159eclavi po Nov\u00e9 Ml\u00fdny obrovsk\u00e1 vrstva sinic. N\u00e1sledn\u011b byla operativn\u011b pozastavena mal\u00e1 vodn\u00ed elektr\u00e1rna v\u00a0Bulharech s\u00a0odtokem p\u0159es st\u0159edn\u00ed segment a\u00a0sou\u010dasn\u011b byl omezen n\u00e1tok do Z\u00e1meck\u00e9 Dyje,\u201c informovala v\u00a0sobotu mluv\u010d\u00ed Povod\u00ed Moravy Jana Ku\u010derov\u00e1.<\/p>\n<p class=\"c_bB\">Nad jezem v\u00a0Bulharech a\u00a0na Z\u00e1meck\u00e9 Dyji provzdu\u0161\u0148ovaly vodu aer\u00e1tory, ve 14\u00a0hodin v\u0161ak ji\u017e podle mluv\u010d\u00ed mohly b\u00fdt vypnuty.<\/p>\n<p class=\"c_bB\">P\u0159itom hodnoty kysl\u00edku byly v\u00a0sobotu r\u00e1no v\u00a0t\u011bchto m\u00edstech nulov\u00e9. A\u00a0vodohospod\u00e1\u0159i na situaci reagovali. \u201eV deset hodin bylo domluveno odstaven\u00ed mal\u00e9 vodn\u00ed elektr\u00e1rny B\u0159eclav, byl informov\u00e1n vodopr\u00e1vn\u00ed \u00fa\u0159ad v\u00a0B\u0159eclavi. Vlna hust\u00e9 p\u011bny bez kysl\u00edku se b\u011bhem dne bl\u00ed\u017e\u00ed do B\u0159eclavi,\u201c uvedla mluv\u010d\u00ed.<\/p>\n<p><a data-dot=\"atm-link\" target=\"_self\" href=\"https:\/\/www.novinky.cz\/clanek\/domaci-zpravy-jihomoravsky-kraj-lekle-ryby-v-okoli-lednickeho-zamku-rybari-posbirali-jeden-a-pul-tuny-40588638\" class=\"c_I\" rel=\"nofollow noopener\"><img fetchpriority=\"high\" height=\"1080\" width=\"1920\" src=\"https:\/\/www.europesays.com\/cz\/wp-content\/uploads\/2026\/09\/dyje-kyslik-hasici.jpeg\" loading=\"eager\" decoding=\"sync\" class=\"c_t c_r\"\/><\/a><\/p>\n<p class=\"c_bB\">Podle Ku\u010derov\u00e9 nebyly do sobotn\u00edho odpoledne zaznamen\u00e1ny \u017e\u00e1dn\u00e9 v\u011bt\u0161\u00ed \u00fahyny ryb a\u00a0hodnoty rozpu\u0161t\u011bn\u00e9ho kysl\u00edku se zvedly nad 4\u00a0mg\/l. <\/p>\n<p>Voda bez kysl\u00edku<\/p>\n<p class=\"c_bB\">Podle Moravsk\u00e9ho ryb\u00e1\u0159sk\u00e9ho svazu je situace nep\u0159ehledn\u00e1 a\u00a0komplikovan\u00e1. \u201eKysl\u00edk v\u00a0Dyji pod Nov\u00fdmi Ml\u00fdny za\u010dal padat u\u017e v\u00a0p\u00e1tek odpoledne. V\u00a0dev\u011bt hodin ve\u010der jsme u\u00a0mostu v\u00a0Bulharech nam\u011b\u0159ili nulu, co\u017e vydr\u017eelo a\u017e do r\u00e1na,\u201c \u0159ekl Novink\u00e1m p\u0159edseda svazu Miroslav L\u00e1n\u00ed\u010dek. <\/p>\n<p class=\"c_bB\">V\u00fd\u0161i \u0161kod zat\u00edm nechce p\u0159edj\u00edmat. Hodn\u011b bude z\u00e1le\u017eet na tom, kolik ryb po d\u0159\u00edv\u011bj\u0161\u00edch probl\u00e9mech v\u00a0\u0159ece v\u016fbec z\u016fstalo, p\u0159\u00edpadn\u011b zda se zdr\u017eely v\u00a0okol\u00ed aer\u00e1toru. <\/p>\n<p class=\"c_bB\">\u201eK \u00fahynu pravd\u011bpodobn\u011b do\u0161lo, ale uvid\u00edme a\u017e v\u00a0ned\u011bli, kolik kus\u016f se zvedne k\u00a0hladin\u011b. Zat\u00edm to nevypad\u00e1 tak nep\u0159\u00edzniv\u011b jako v\u00a0prvn\u00ed p\u016flce \u010dervence. Jde sp\u00ed\u0161e o\u00a0men\u0161\u00ed ryby, p\u00e1r kus\u016f u\u017e v\u00a0bulharsk\u00e9m nadjez\u00ed bylo vid\u011bt,\u201c z\u016fst\u00e1v\u00e1 opatrn\u00fd \u0161\u00e9f ryb\u00e1\u0159\u016f. Ti situaci i\u00a0nad\u00e1le monitoruj\u00ed na hlavn\u00edm toku i\u00a0bo\u010dn\u00edch ramenech Dyje. <\/p>\n<p>\u0158ece pomohou hasi\u010di<\/p>\n<p class=\"c_bB\">Sou\u010d\u00e1st\u00ed nastaven\u00fdch opat\u0159en\u00ed je i\u00a0to, \u017ee hasi\u010di b\u011bhem soboty instaluj\u00ed nornou st\u011bnu v\u00a0B\u0159eclavi. \u201eRozst\u0159ik nad jezem B\u0159eclav a\u00a0Po\u0161torn\u00e1 je domluven dnes okolo 22.\u00a0hodiny. P\u0159edpokl\u00e1d\u00e1me ni\u017e\u0161\u00ed hodnoty kysl\u00edku v\u00a0Dyji v\u00a0B\u0159eclavi dnes kolem p\u016flnoci, pokud se situace bude vyv\u00edjet obdobn\u011b jako v\u00a0p\u016flce \u010dervence,\u201c ozn\u00e1mila mluv\u010d\u00ed Povod\u00ed Moravy.<\/p>\n<p class=\"c_bB\">K probl\u00e9m\u016fm se sinicemi a\u00a0\u00fahynu ryb doch\u00e1z\u00ed v\u00a0\u00faseku pod Nov\u00fdmi Ml\u00fdny v\u00a0posledn\u00edch letech opakovan\u011b. Ryby se dus\u00ed kv\u016fli nedostatku kysl\u00edku, kter\u00fd spot\u0159ebov\u00e1vaj\u00ed p\u0159emno\u017een\u00e9 sinice. Ty se dost\u00e1vaj\u00ed do toku pr\u00e1v\u011b z\u00a0n\u00e1dr\u017e\u00ed, kde maj\u00ed ke sv\u00e9mu rozvoji ide\u00e1ln\u00ed podm\u00ednky.<\/p>\n<p class=\"c_bB\">Graduj\u00edc\u00ed probl\u00e9my v\u00a0leto\u0161n\u00edm hork\u00e9m a\u00a0such\u00e9m l\u00e9t\u011b rozproudily debatu ekolog\u016f a\u00a0vodohospod\u00e1\u0159\u016f o\u00a0vypu\u0161t\u011bn\u00ed alespo\u0148 doln\u00ed ze t\u0159\u00ed Novoml\u00fdnsk\u00fdch n\u00e1dr\u017e\u00ed.<\/p>\n<p><a data-dot=\"atm-link\" target=\"_self\" href=\"https:\/\/www.novinky.cz\/clanek\/domaci-zpravy-jihomoravsky-kraj-vypusteni-a-zruseni-novych-mlynu-nesmysl-rikaji-k-navrhum-ekologu-vodohospodari-40589404\" class=\"c_I\" rel=\"nofollow noopener\"><img height=\"2268\" width=\"4032\" src=\"https:\/\/www.europesays.com\/cz\/wp-content\/uploads\/2026\/09\/nove-mlyny-sinice-novomlynska.mpo.jpeg\" loading=\"eager\" decoding=\"sync\" class=\"c_t c_r\"\/><\/a><\/p>\n","protected":false},"excerpt":{"rendered":"\u201eOd p\u00e1te\u010dn\u00edho odpoledne byla v\u00a0cel\u00e9m toku Dyje od B\u0159eclavi po Nov\u00e9 Ml\u00fdny obrovsk\u00e1 vrstva sinic. N\u00e1sledn\u011b byla operativn\u011b&hellip;\n","protected":false},"author":2,"featured_media":204360,"comment_status":"","ping_status":"","sticky":false,"template":"","format":"standard","meta":{"footnotes":"","_share_on_mastodon":"0"},"categories":[7],"tags":[6921,43,42,41,40,36466,1162,12674,6632,21887,7784],"class_list":["post-204359","post","type-post","status-publish","format-standard","has-post-thumbnail","category-cesko","tag-breclav","tag-ceska-republika","tag-cesko","tag-czech-republic","tag-czechia","tag-dyje","tag-jihomoravsky-kraj","tag-nove-mlyny","tag-povodi-moravy","tag-ryby","tag-sinice"],"share_on_mastodon":{"url":"https:\/\/pubeurope.com\/@cz\/117223010470287969","error":""},"_links":{"self":[{"href":"https:\/\/www.europesays.com\/cz\/wp-json\/wp\/v2\/posts\/204359","targetHints":{"allow":["GET"]}}],"collection":[{"href":"https:\/\/www.europesays.com\/cz\/wp-json\/wp\/v2\/posts"}],"about":[{"href":"https:\/\/www.europesays.com\/cz\/wp-json\/wp\/v2\/types\/post"}],"author":[{"embeddable":true,"href":"https:\/\/www.europesays.com\/cz\/wp-json\/wp\/v2\/users\/2"}],"replies":[{"embeddable":true,"href":"https:\/\/www.europesays.com\/cz\/wp-json\/wp\/v2\/comments?post=204359"}],"version-history":[{"count":0,"href":"https:\/\/www.europesays.com\/cz\/wp-json\/wp\/v2\/posts\/204359\/revisions"}],"wp:featuredmedia":[{"embeddable":true,"href":"https:\/\/www.europesays.com\/cz\/wp-json\/wp\/v2\/media\/204360"}],"wp:attachment":[{"href":"https:\/\/www.europesays.com\/cz\/wp-json\/wp\/v2\/media?parent=204359"}],"wp:term":[{"taxonomy":"category","embeddable":true,"href":"https:\/\/www.europesays.com\/cz\/wp-json\/wp\/v2\/categories?post=204359"},{"taxonomy":"post_tag","embeddable":true,"href":"https:\/\/www.europesays.com\/cz\/wp-json\/wp\/v2\/tags?post=204359"}],"curies":[{"name":"wp","href":"https:\/\/api.w.org\/{rel}","templated":true}]}}