{"id":204373,"date":"2026-09-06T08:00:22","date_gmt":"2026-09-06T08:00:22","guid":{"rendered":"https:\/\/www.europesays.com\/cz\/204373\/"},"modified":"2026-09-06T08:00:22","modified_gmt":"2026-09-06T08:00:22","slug":"vyrostla-zde-nejvetsi-drevena-skola-u-nas-sazi-na-mene-chodeb","status":"publish","type":"post","link":"https:\/\/www.europesays.com\/cz\/204373\/","title":{"rendered":"Vyrostla zde nejv\u011bt\u0161\u00ed d\u0159ev\u011bn\u00e1 \u0161kola u n\u00e1s. S\u00e1z\u00ed na m\u00e9n\u011b chodeb"},"content":{"rendered":"<p class=\"b-google-follow__title\">Bav\u00ed v\u00e1s CzechCrunch?<\/p>\n<p class=\"b-google-follow__desc\">V\u00eddejte ho na Googlu \u010dast\u011bji.<\/p>\n<p>T\u00e9m\u011b\u0159 deset let trvalo, ne\u017e se v\u00edt\u011bzn\u00fd n\u00e1vrh architektonick\u00e9 sout\u011b\u017ee z roku 2017 prom\u011bnil ve skute\u010dnou stavbu. Za\u010d\u00e1tkem z\u00e1\u0159\u00ed se v \u0158\u00ed\u010danech otev\u0159ela nov\u00e1 z\u00e1kladn\u00ed \u0161kola na Komensk\u00e9ho n\u00e1m\u011bst\u00ed pro 540 \u017e\u00e1k\u016f, kter\u00e1 je z\u00e1rove\u0148 nejv\u011bt\u0161\u00ed d\u0159ev\u011bnou \u0161koln\u00ed budovou v \u010cesku. Od b\u011b\u017en\u00fdch \u0161koln\u00edch are\u00e1l\u016f se ale li\u0161\u00ed u\u017e na prvn\u00ed pohled \u2013 m\u00edsto nekone\u010dn\u00fdch chodeb nab\u00edz\u00ed d\u011btem prostory, kde mohou tr\u00e1vit \u010das i po vyu\u010dov\u00e1n\u00ed.<\/p>\n<p>\u0160kolu tvo\u0159\u00ed d\u0159ev\u011bn\u00fd skelet, kter\u00fd architekti p\u0159iznali tak\u00e9 uvnit\u0159. Venku ho dopl\u0148uje nenat\u0159en\u00e1 mod\u0159\u00ednov\u00e1 fas\u00e1da, kter\u00e1 bude \u010dasem p\u0159irozen\u011b tmavnout. D\u0159evo tak nen\u00ed jen stavebn\u00edm prvkem, ale v\u00fdrazn\u011b ur\u010duje podobu cel\u00e9ho objektu.<\/p>\n<p>Je\u0161t\u011b zaj\u00edmav\u011bj\u0161\u00ed je ov\u0161em samotn\u00e9 uspo\u0159\u00e1d\u00e1n\u00ed. Klasick\u00e9 chodby jsou na \u0159ad\u011b m\u00edst nahrazeny pobytov\u00fdmi halami, kter\u00e9 slou\u017e\u00ed k setk\u00e1v\u00e1n\u00ed, odpo\u010dinku i neform\u00e1ln\u00edmu u\u010den\u00ed. Uprost\u0159ed \u0161koly je velk\u00e1 vstupn\u00ed hala se schodi\u0161t\u011bm a j\u00eddelna s v\u00fdhledem do parku a \u0161koln\u00edho dvora. \u201eD\u011bti budou m\u00edt k dispozici tak\u00e9 dva chr\u00e1n\u011bn\u00e9 dvory a zahradu na st\u0159e\u0161n\u00ed terase,\u201c popisuj\u00ed architekti Martin Rusina a Martin Frei z ateli\u00e9ru Rusina Frei.<\/p>\n<p>Vedle \u0161koly stoj\u00ed samostatn\u00e1 t\u011blocvi\u010dna, \u010d\u00e1ste\u010dn\u011b zapu\u0161t\u011bn\u00e1 do svahu. Navazuje na venkovn\u00ed sportovi\u0161t\u011b s krytou tribunou a se \u0161kolou ji spojuje podzemn\u00ed chodba. Pod t\u011blocvi\u010dnou je tak\u00e9 43 parkovac\u00edch m\u00edst. N\u011bkter\u00e9 \u010d\u00e1sti are\u00e1lu tak nebudou slou\u017eit jen \u017e\u00e1k\u016fm, ale vyu\u017eije je i m\u011bsto.<\/p>\n<p>Stavba spl\u0148uje pasivn\u00ed standard a spol\u00e9h\u00e1 na tepeln\u00e1 \u010derpadla, rekuperaci i fotovoltaick\u00e9 panely. De\u0161\u0165ov\u00e1 voda se zachyt\u00e1v\u00e1 na zelen\u00fdch st\u0159ech\u00e1ch a n\u00e1sledn\u011b slou\u017e\u00ed k zal\u00e9v\u00e1n\u00ed. Cel\u00fd projekt vy\u0161el na 726 milion\u016f korun, p\u0159i\u010dem\u017e dotace pokryly 481 milion\u016f korun z t\u00e9to \u010d\u00e1stky.<\/p>\n","protected":false},"excerpt":{"rendered":"Bav\u00ed v\u00e1s CzechCrunch? V\u00eddejte ho na Googlu \u010dast\u011bji. T\u00e9m\u011b\u0159 deset let trvalo, ne\u017e se v\u00edt\u011bzn\u00fd n\u00e1vrh architektonick\u00e9 sout\u011b\u017ee&hellip;\n","protected":false},"author":2,"featured_media":204374,"comment_status":"","ping_status":"","sticky":false,"template":"","format":"standard","meta":{"footnotes":"","_share_on_mastodon":"0"},"categories":[7],"tags":[43,42,41,40],"class_list":["post-204373","post","type-post","status-publish","format-standard","has-post-thumbnail","category-cesko","tag-ceska-republika","tag-cesko","tag-czech-republic","tag-czechia"],"share_on_mastodon":{"url":"https:\/\/pubeurope.com\/@cz\/117223045707527444","error":""},"_links":{"self":[{"href":"https:\/\/www.europesays.com\/cz\/wp-json\/wp\/v2\/posts\/204373","targetHints":{"allow":["GET"]}}],"collection":[{"href":"https:\/\/www.europesays.com\/cz\/wp-json\/wp\/v2\/posts"}],"about":[{"href":"https:\/\/www.europesays.com\/cz\/wp-json\/wp\/v2\/types\/post"}],"author":[{"embeddable":true,"href":"https:\/\/www.europesays.com\/cz\/wp-json\/wp\/v2\/users\/2"}],"replies":[{"embeddable":true,"href":"https:\/\/www.europesays.com\/cz\/wp-json\/wp\/v2\/comments?post=204373"}],"version-history":[{"count":0,"href":"https:\/\/www.europesays.com\/cz\/wp-json\/wp\/v2\/posts\/204373\/revisions"}],"wp:featuredmedia":[{"embeddable":true,"href":"https:\/\/www.europesays.com\/cz\/wp-json\/wp\/v2\/media\/204374"}],"wp:attachment":[{"href":"https:\/\/www.europesays.com\/cz\/wp-json\/wp\/v2\/media?parent=204373"}],"wp:term":[{"taxonomy":"category","embeddable":true,"href":"https:\/\/www.europesays.com\/cz\/wp-json\/wp\/v2\/categories?post=204373"},{"taxonomy":"post_tag","embeddable":true,"href":"https:\/\/www.europesays.com\/cz\/wp-json\/wp\/v2\/tags?post=204373"}],"curies":[{"name":"wp","href":"https:\/\/api.w.org\/{rel}","templated":true}]}}