{"id":204427,"date":"2026-09-06T09:14:12","date_gmt":"2026-09-06T09:14:12","guid":{"rendered":"https:\/\/www.europesays.com\/cz\/204427\/"},"modified":"2026-09-06T09:14:12","modified_gmt":"2026-09-06T09:14:12","slug":"tezce-zraneny-motorkar-z-pisecka-zemrel-v-nemocnici","status":"publish","type":"post","link":"https:\/\/www.europesays.com\/cz\/204427\/","title":{"rendered":"T\u011b\u017ece zran\u011bn\u00fd motork\u00e1\u0159 z\u00a0P\u00edsecka zem\u0159el v\u00a0nemocnici"},"content":{"rendered":"<p class=\"c_bB\">Nehoda se stala v\u00a0sobotu odpoledne na silnici I\/29\u00a0a\u00a0zcela uzav\u0159ela Podolsk\u00fd most p\u0159es Orl\u00edk. \u201eDopravn\u00ed nehoda m\u00e1 bohu\u017eel tragick\u00e9 n\u00e1sledky. \u0158idi\u010d motocyklu v\u00a0nemocnici sv\u00fdm zran\u011bn\u00edm podlehl,\u201c sd\u011blil Novink\u00e1m \u0160up\u00edk. P\u0159i hromadn\u00e9 nehod\u011b se st\u0159etlo p\u011bt automobil\u016f a\u00a0jeden motocykl.<\/p>\n<p class=\"c_bB\">Motork\u00e1\u0159 utrp\u011bl v\u00e1\u017en\u00e1 zran\u011bn\u00ed a\u00a0siln\u011b krv\u00e1cel z\u00a0doln\u00ed kon\u010detiny. Je\u0161t\u011b p\u0159ed p\u0159\u00edjezdem z\u00e1chran\u00e1\u0159\u016f mu sv\u011bdci krv\u00e1cen\u00ed provizorn\u011b zastavili pomoc\u00ed p\u00e1sku, zdravotn\u00edci n\u00e1sledn\u011b pou\u017eili \u0161krtidlo. Mu\u017ei podali l\u00e9ky proti bolesti a\u00a0l\u00e9ka\u0159 jej napojil na um\u011blou plicn\u00ed ventilaci. Vrtuln\u00edk ho pot\u00e9 transportoval do \u010deskobud\u011bjovick\u00e9 nemocnice, kde v\u0161ak pozd\u011bji zem\u0159el.<\/p>\n<p><a data-dot=\"atm-link\" target=\"_self\" href=\"https:\/\/www.novinky.cz\/clanek\/krimi-tragicka-nehoda-na-rakovnicku-pri-prejizdeni-zemrel-ridic-trikolky-40596238\" class=\"c_I\" rel=\"nofollow noopener\"><img fetchpriority=\"high\" height=\"623\" width=\"1108\" src=\"https:\/\/www.europesays.com\/cz\/wp-content\/uploads\/2026\/09\/1788686052_548_trikolka-nehoda-umrti-rakovnicko.jpeg\" loading=\"eager\" decoding=\"sync\" class=\"c_t c_r\"\/><\/a><\/p>\n","protected":false},"excerpt":{"rendered":"Nehoda se stala v\u00a0sobotu odpoledne na silnici I\/29\u00a0a\u00a0zcela uzav\u0159ela Podolsk\u00fd most p\u0159es Orl\u00edk. \u201eDopravn\u00ed nehoda m\u00e1 bohu\u017eel tragick\u00e9&hellip;\n","protected":false},"author":2,"featured_media":204428,"comment_status":"","ping_status":"","sticky":false,"template":"","format":"standard","meta":{"footnotes":"","_share_on_mastodon":"0"},"categories":[7],"tags":[43,42,41,40,6038,17184,2625],"class_list":["post-204427","post","type-post","status-publish","format-standard","has-post-thumbnail","category-cesko","tag-ceska-republika","tag-cesko","tag-czech-republic","tag-czechia","tag-motorkari","tag-pisecko","tag-tragicke-nehody"],"share_on_mastodon":{"url":"https:\/\/pubeurope.com\/@cz\/117223336833985695","error":""},"_links":{"self":[{"href":"https:\/\/www.europesays.com\/cz\/wp-json\/wp\/v2\/posts\/204427","targetHints":{"allow":["GET"]}}],"collection":[{"href":"https:\/\/www.europesays.com\/cz\/wp-json\/wp\/v2\/posts"}],"about":[{"href":"https:\/\/www.europesays.com\/cz\/wp-json\/wp\/v2\/types\/post"}],"author":[{"embeddable":true,"href":"https:\/\/www.europesays.com\/cz\/wp-json\/wp\/v2\/users\/2"}],"replies":[{"embeddable":true,"href":"https:\/\/www.europesays.com\/cz\/wp-json\/wp\/v2\/comments?post=204427"}],"version-history":[{"count":0,"href":"https:\/\/www.europesays.com\/cz\/wp-json\/wp\/v2\/posts\/204427\/revisions"}],"wp:featuredmedia":[{"embeddable":true,"href":"https:\/\/www.europesays.com\/cz\/wp-json\/wp\/v2\/media\/204428"}],"wp:attachment":[{"href":"https:\/\/www.europesays.com\/cz\/wp-json\/wp\/v2\/media?parent=204427"}],"wp:term":[{"taxonomy":"category","embeddable":true,"href":"https:\/\/www.europesays.com\/cz\/wp-json\/wp\/v2\/categories?post=204427"},{"taxonomy":"post_tag","embeddable":true,"href":"https:\/\/www.europesays.com\/cz\/wp-json\/wp\/v2\/tags?post=204427"}],"curies":[{"name":"wp","href":"https:\/\/api.w.org\/{rel}","templated":true}]}}