{"id":204435,"date":"2026-09-06T09:23:11","date_gmt":"2026-09-06T09:23:11","guid":{"rendered":"https:\/\/www.europesays.com\/cz\/204435\/"},"modified":"2026-09-06T09:23:11","modified_gmt":"2026-09-06T09:23:11","slug":"babisovi-se-vysoky-deficit-rozpoctu-nelibi","status":"publish","type":"post","link":"https:\/\/www.europesays.com\/cz\/204435\/","title":{"rendered":"Babi\u0161ovi se vysok\u00fd deficit rozpo\u010dtu nel\u00edb\u00ed"},"content":{"rendered":"<p class=\"c_bB\">\u201eNev\u011b\u0159te t\u011bm, co v\u00e1s stra\u0161\u00ed s\u00a0deficitem rozpo\u010dtu. \u017de je deficit vysok\u00fd? Je, mn\u011b se taky nel\u00edb\u00ed,\u201c p\u0159ipustil Babi\u0161, aby n\u00e1sledn\u011b zpochyb\u0148oval erudici ekonom\u016f, kte\u0159\u00ed na nebezpe\u010dnou rychlost a\u00a0v\u00fd\u0161i zadlu\u017eov\u00e1n\u00ed upozornili.<\/p>\n<p class=\"c_bB\">\u201eTe\u010f jsme ud\u011blali stavebn\u00ed z\u00e1kon, bude se rychle stav\u011bt a\u00a0potom p\u0159ijde \u010das, kdy to budeme \u0159e\u0161it. Ale hlavn\u011b by to m\u011bla \u0159e\u0161it \u010cNB,\u201c tvrd\u00ed premi\u00e9r, kter\u00fd nerozum\u00ed tomu, pro\u010d je tuzemsk\u00e1 \u00farokov\u00e1 sazba vy\u0161\u0161\u00ed ne\u017e v\u00a0euroz\u00f3n\u011b. <\/p>\n<p class=\"c_bB\">\u201eM\u00e1te v\u0161echno levn\u011bj\u0161\u00ed,\u201c sna\u017eil se Babi\u0161 p\u0159esv\u011bd\u010dit sv\u00e9 sleduj\u00edc\u00ed s\u00a0poukazem na n\u00edzkou inflaci. <\/p>\n<p><a data-dot=\"atm-link\" target=\"_self\" href=\"https:\/\/www.novinky.cz\/clanek\/ekonomika-nafta-uz-stoji-pres-46-korun-stat-o-nove-regulaci-cen-zatim-nerozhodl-40595678\" class=\"c_I\" rel=\"nofollow noopener\"><img fetchpriority=\"high\" height=\"1080\" width=\"1920\" src=\"https:\/\/www.europesays.com\/cz\/wp-content\/uploads\/2026\/09\/phm-nafta-benzin-graf.png\" loading=\"eager\" decoding=\"sync\" class=\"c_t c_r\"\/><\/a><\/p>\n<p class=\"c_bB\">Starobn\u00ed d\u016fchodce, kte\u0159\u00ed tvo\u0159\u00ed voli\u010dsk\u00e9 j\u00e1dro hnut\u00ed ANO, Babi\u0161 pro zm\u011bnu uklid\u0148oval, \u017ee predikce, kter\u00e9 nazna\u010duj\u00ed v\u00a0p\u0159\u00ed\u0161t\u00edm roce valorizaci d\u016fchod\u016f o\u00a0300\u00a0korun, nemus\u00ed b\u00fdt kone\u010dn\u00e9. \u201eMy o\u00a0tom je\u0161t\u011b budeme rozhodovat,\u201c dodal s\u00a0t\u00edm, \u017ee r\u016fst by mohl dos\u00e1hnout a\u017e 590\u00a0korun m\u011bs\u00ed\u010dn\u011b. \u201eD\u016fchody v\u00a0roce 2028\u00a0a\u00a02029\u00a0budou podstatn\u011b vy\u0161\u0161\u00ed,\u201c tvrd\u00ed Babi\u0161.<\/p>\n<p>Mus\u00edte mi v\u011b\u0159it<\/p>\n<p class=\"c_bB\">V r\u00e1mci tradi\u010dn\u011b nesouvisl\u00e9ho <a data-dot=\"atm-link\" target=\"_blank\" rel=\"noopener nofollow\" href=\"https:\/\/www.facebook.com\/reel\/2899951690351875?locale=cs_CZ\" class=\"c_I\">\u010dtvrthodinov\u00e9ho proslovu<\/a> dopln\u011bn\u00e9ho o\u00a0p\u0159ehrabov\u00e1n\u00ed pap\u00edr\u016f Babi\u0161 mimo jin\u00e9 zm\u00ednil, \u017ee si pov\u0161iml kolon na d\u00e1lnici D1\u00a0a\u00a0mno\u017estv\u00ed kamion\u016f. \u201eMus\u00edme nav\u00fd\u0161it to m\u00fdto, ni\u010d\u00ed n\u00e1m silnice, tak jsem volal ministra (Ivana) Bedn\u00e1rika (za SPD),\u201c dodal.<\/p>\n<p class=\"c_bB\">Babi\u0161 se vr\u00e1til rovn\u011b\u017e ke kulturn\u00ed politice, kterou m\u011bla vl\u00e1da projedn\u00e1vat na minul\u00e9m zased\u00e1n\u00ed a\u00a0z jedn\u00e1n\u00ed byla sta\u017eena. \u201eNecht\u011bl jsem projedn\u00e1vat tu koncepci na vl\u00e1d\u011b,\u201c \u0159ekl Babi\u0161 s\u00a0t\u00edm, \u017ee jednal s\u00a0ministrem Otou Klemp\u00ed\u0159em (Motorist\u00e9 sob\u011b) a\u00a0zjistil, \u017ee \u201ekultura je \u00fapln\u011b v\u00a0pohod\u011b\u201c.<\/p>\n<p class=\"c_bB\">\u201eMy to d\u00e1me znovu do po\u0159\u00e1dku, mn\u011b mus\u00edte v\u011b\u0159it,\u201c popsal premi\u00e9r svou p\u0159edstavu, jak by lid\u00e9 m\u011bli p\u0159istupovat k\u00a0pl\u00e1n\u016fm jeho vl\u00e1dy.<\/p>\n<p><a data-dot=\"atm-link\" target=\"_self\" href=\"https:\/\/www.novinky.cz\/clanek\/ekonomika-babisuv-hartenberg-utrzil-227-miliardy-korun-ztratu-za-dva-roky-snizil-na-polovinu-40596009\" class=\"c_I\" rel=\"nofollow noopener\"><img height=\"1839\" width=\"3270\" src=\"https:\/\/www.europesays.com\/cz\/wp-content\/uploads\/2026\/09\/1788686591_981_vOPKv.jpeg\" loading=\"eager\" decoding=\"sync\" class=\"c_t c_r\"\/><\/a><\/p>\n","protected":false},"excerpt":{"rendered":"\u201eNev\u011b\u0159te t\u011bm, co v\u00e1s stra\u0161\u00ed s\u00a0deficitem rozpo\u010dtu. \u017de je deficit vysok\u00fd? Je, mn\u011b se taky nel\u00edb\u00ed,\u201c p\u0159ipustil Babi\u0161,&hellip;\n","protected":false},"author":2,"featured_media":204436,"comment_status":"","ping_status":"","sticky":false,"template":"","format":"standard","meta":{"footnotes":"","_share_on_mastodon":"0"},"categories":[7],"tags":[266,43,42,41,40,8462,15364,3502,1482],"class_list":["post-204435","post","type-post","status-publish","format-standard","has-post-thumbnail","category-cesko","tag-andrej-babis","tag-ceska-republika","tag-cesko","tag-czech-republic","tag-czechia","tag-deficit","tag-mytne","tag-statni-rozpocet","tag-valorizace-duchodu"],"share_on_mastodon":{"url":"https:\/\/pubeurope.com\/@cz\/117223372380704971","error":""},"_links":{"self":[{"href":"https:\/\/www.europesays.com\/cz\/wp-json\/wp\/v2\/posts\/204435","targetHints":{"allow":["GET"]}}],"collection":[{"href":"https:\/\/www.europesays.com\/cz\/wp-json\/wp\/v2\/posts"}],"about":[{"href":"https:\/\/www.europesays.com\/cz\/wp-json\/wp\/v2\/types\/post"}],"author":[{"embeddable":true,"href":"https:\/\/www.europesays.com\/cz\/wp-json\/wp\/v2\/users\/2"}],"replies":[{"embeddable":true,"href":"https:\/\/www.europesays.com\/cz\/wp-json\/wp\/v2\/comments?post=204435"}],"version-history":[{"count":0,"href":"https:\/\/www.europesays.com\/cz\/wp-json\/wp\/v2\/posts\/204435\/revisions"}],"wp:featuredmedia":[{"embeddable":true,"href":"https:\/\/www.europesays.com\/cz\/wp-json\/wp\/v2\/media\/204436"}],"wp:attachment":[{"href":"https:\/\/www.europesays.com\/cz\/wp-json\/wp\/v2\/media?parent=204435"}],"wp:term":[{"taxonomy":"category","embeddable":true,"href":"https:\/\/www.europesays.com\/cz\/wp-json\/wp\/v2\/categories?post=204435"},{"taxonomy":"post_tag","embeddable":true,"href":"https:\/\/www.europesays.com\/cz\/wp-json\/wp\/v2\/tags?post=204435"}],"curies":[{"name":"wp","href":"https:\/\/api.w.org\/{rel}","templated":true}]}}