{"id":204443,"date":"2026-09-06T09:32:10","date_gmt":"2026-09-06T09:32:10","guid":{"rendered":"https:\/\/www.europesays.com\/cz\/204443\/"},"modified":"2026-09-06T09:32:10","modified_gmt":"2026-09-06T09:32:10","slug":"dodavka-na-rokycansku-vyletela-z-dalnice-a-spadla-z-mostku-dva-mrtvi-novinky","status":"publish","type":"post","link":"https:\/\/www.europesays.com\/cz\/204443\/","title":{"rendered":"Dod\u00e1vka na Rokycansku vylet\u011bla z d\u00e1lnice a spadla z mostku. Dva mrtv\u00ed &#8211; Novinky"},"content":{"rendered":"<p><a href=\"https:\/\/news.google.com\/rss\/articles\/CBMiswFBVV95cUxNTlc1QTFHQ1Y5S2lqMFZ4cUY5dGlmZnl3bk50d0J6R2I3T25CQVRELXhtMEg4Nkp6akJsOTNobkp6RFkwOGZBRXFnQ1RIbEJUcG1sTWhzcl9aanVteHRPMkg0NG9md1RJV04yZTFHNkpuN0tINW5ia0oteXY2M2lXdkoyT3FnSHd0d3dIczNNc2FxMTlLdTN0ZF9qaHlFTWZycjZvaFVlei1yZm43N2o0Z2otaw?oc=5\" target=\"_blank\" rel=\"nofollow noopener\">Dod\u00e1vka na Rokycansku vylet\u011bla z d\u00e1lnice a spadla z mostku. Dva mrtv\u00ed<\/a>&nbsp;&nbsp;Novinky<a href=\"https:\/\/news.google.com\/rss\/articles\/CBMiZkFVX3lxTE5yRGM0VUtWV1pGWUlNTnZBX1hTYVpuQlB1Y0FKUVFDLVV0NWJzcVB4RWxjeXV6eTI4dDI1RzJ0bldBcVpqOFk3SGs4eFdUVkt6ZlVNV29CRlBFN3ZxclhvdmlKdTM3UQ?oc=5\" target=\"_blank\" rel=\"nofollow noopener\">Tragick\u00e1 dopravn\u00ed nehoda, na m\u00edst\u011b jsou dva mrtv\u00ed<\/a>&nbsp;&nbsp;Krimi Plze\u0148<a href=\"https:\/\/news.google.com\/rss\/articles\/CBMiugFBVV95cUxQOHZGVWpyVVRHYVVMdGVsODZLZTJIM2VmM3ROUTV6QzBSOFA2VVlTdzQ3aXRObmVKNUdXMGJKbnd3V09VcHdVTlN2X0o2Z1ZZQVBpYUpRcjJOb3hJZnJJVWRHXzVLZG9hbVVVLUdUQTU4M3k2WEw5UnJuMHV1Wjl1cVJSbWJoZ01SYkhsSi15eFgzVG5JQzlabHhHREZ0bUxqRmw5U1haekhhSTdPejNQYmdEU3M2MmFGbHc?oc=5\" target=\"_blank\" rel=\"nofollow noopener\">Trag\u00e9die na D5. Auto spadlo z d\u00e1lni\u010dn\u00edho mostku, dva mlad\u00ed lid\u00e9 nehodu nep\u0159e\u017eili<\/a>&nbsp;&nbsp;QAP<a href=\"https:\/\/news.google.com\/rss\/articles\/CBMihwFBVV95cUxQa2N1YTBtMzBYbTJ5U3gwaERuWGlVTTRPOHVOd0tUUXdDN01zUjhCdEJ1bGVYc3pVUWN3Z05aRDkzNlpXVklTbE1VdDRKV3dhQkpfd1ZPbDA2ckZqLWx2bGlOQ0JOZzdSb0I0Rjd2dzFibl9wbC00MWJudzdJQUt0eHUyWk5nVlk?oc=5\" target=\"_blank\" rel=\"nofollow noopener\">P\u0159i nehod\u011b citroenu na d\u00e1lnici D5 zem\u0159eli dva mlad\u00edci<\/a>&nbsp;&nbsp;T\u00fdden\u00edk Policie<a href=\"https:\/\/news.google.com\/rss\/articles\/CBMiekFVX3lxTE5LR1VINmVlbllJeVBidWZpM2R4X1U2SXpYZFVRQk9WeDhHcDI5d3BlWExlWmtNaWJwSmRzVm50ZUhOSjNfN3pRcHpTUExoZlhtampxM1RSNWhrVmlMdjEtM3RJQjhKQW5VZkF3TFpWZGtTaWVfeVcwSG9B?oc=5\" target=\"_blank\" rel=\"nofollow noopener\">Tragick\u00e1 nehoda na d\u00e1lnici D5. Zem\u0159eli dva mlad\u00edci! \u2013 Krimi<\/a>&nbsp;&nbsp;Plzen.cz<\/p>\n","protected":false},"excerpt":{"rendered":"Dod\u00e1vka na Rokycansku vylet\u011bla z d\u00e1lnice a spadla z mostku. Dva mrtv\u00ed&nbsp;&nbsp;NovinkyTragick\u00e1 dopravn\u00ed nehoda, na m\u00edst\u011b jsou dva&hellip;\n","protected":false},"author":2,"featured_media":204444,"comment_status":"","ping_status":"","sticky":false,"template":"","format":"standard","meta":{"footnotes":"","_share_on_mastodon":"0"},"categories":[7],"tags":[43,42,41,40,7082,5136,351],"class_list":["post-204443","post","type-post","status-publish","format-standard","has-post-thumbnail","category-cesko","tag-ceska-republika","tag-cesko","tag-czech-republic","tag-czechia","tag-dalnice-d5","tag-dodavka","tag-smrt"],"share_on_mastodon":{"url":"https:\/\/pubeurope.com\/@cz\/117223407431526722","error":""},"_links":{"self":[{"href":"https:\/\/www.europesays.com\/cz\/wp-json\/wp\/v2\/posts\/204443","targetHints":{"allow":["GET"]}}],"collection":[{"href":"https:\/\/www.europesays.com\/cz\/wp-json\/wp\/v2\/posts"}],"about":[{"href":"https:\/\/www.europesays.com\/cz\/wp-json\/wp\/v2\/types\/post"}],"author":[{"embeddable":true,"href":"https:\/\/www.europesays.com\/cz\/wp-json\/wp\/v2\/users\/2"}],"replies":[{"embeddable":true,"href":"https:\/\/www.europesays.com\/cz\/wp-json\/wp\/v2\/comments?post=204443"}],"version-history":[{"count":0,"href":"https:\/\/www.europesays.com\/cz\/wp-json\/wp\/v2\/posts\/204443\/revisions"}],"wp:featuredmedia":[{"embeddable":true,"href":"https:\/\/www.europesays.com\/cz\/wp-json\/wp\/v2\/media\/204444"}],"wp:attachment":[{"href":"https:\/\/www.europesays.com\/cz\/wp-json\/wp\/v2\/media?parent=204443"}],"wp:term":[{"taxonomy":"category","embeddable":true,"href":"https:\/\/www.europesays.com\/cz\/wp-json\/wp\/v2\/categories?post=204443"},{"taxonomy":"post_tag","embeddable":true,"href":"https:\/\/www.europesays.com\/cz\/wp-json\/wp\/v2\/tags?post=204443"}],"curies":[{"name":"wp","href":"https:\/\/api.w.org\/{rel}","templated":true}]}}