{"id":204477,"date":"2026-09-06T10:00:11","date_gmt":"2026-09-06T10:00:11","guid":{"rendered":"https:\/\/www.europesays.com\/cz\/204477\/"},"modified":"2026-09-06T10:00:11","modified_gmt":"2026-09-06T10:00:11","slug":"prehledne-podpora-v-nezamestnanosti-klesne-i-o-tisice-korun","status":"publish","type":"post","link":"https:\/\/www.europesays.com\/cz\/204477\/","title":{"rendered":"P\u0158EHLEDN\u011a: Podpora v\u00a0nezam\u011bstnanosti klesne i\u00a0o tis\u00edce korun"},"content":{"rendered":"<p class=\"c_bB\">V sou\u010dasnosti nezam\u011bstnan\u00ed do 52\u00a0let v\u011bku pob\u00edraj\u00ed prvn\u00ed dva m\u011bs\u00edce podporu ve v\u00fd\u0161i 80\u00a0procent sv\u00e9ho p\u0159edchoz\u00edho pr\u016fm\u011brn\u00e9ho m\u011bs\u00ed\u010dn\u00edho \u010dist\u00e9ho v\u00fdd\u011blku. Dal\u0161\u00ed dva m\u011bs\u00edce je to pades\u00e1t procent a\u00a0posledn\u00ed p\u00e1t\u00fd m\u011bs\u00edc \u010dty\u0159icet procent.<\/p>\n<p class=\"c_bB\">Podle n\u00e1vrhu, kter\u00fd schv\u00e1lila vl\u00e1da, se m\u00e1 jej\u00ed v\u00fd\u0161e od ledna v\u00a0prvn\u00edch dvou m\u011bs\u00edc\u00edch sn\u00ed\u017eit na 65\u00a0procent a\u00a0v posledn\u00edm m\u011bs\u00edci naopak vzroste na 45\u00a0procent.<\/p>\n<p>Pokles o\u00a0tis\u00edce<\/p>\n<p class=\"c_bB\">V p\u0159eveden\u00ed na nomin\u00e1ln\u00ed \u010d\u00e1stku to znamen\u00e1, \u017ee \u010dlov\u011bk s\u00a0p\u0159edchoz\u00ed pr\u016fm\u011brnou \u010distou mzdou t\u0159icet tis\u00edc korun, co\u017e je pro bezd\u011btn\u00e9ho ve hrub\u00e9m cca 37\u00a0500\u00a0korun, bude po sv\u00e9 registraci na \u00da\u0159adu pr\u00e1ce prvn\u00ed dva m\u011bs\u00edce pob\u00edrat 19\u00a0500\u00a0K\u010d. Letos je to 24\u00a0tis\u00edc.<\/p>\n<p class=\"c_bB\">Posledn\u00ed m\u011bs\u00edc to bude nov\u011b 13\u00a0500\u00a0korun. Podle sou\u010dasn\u00fdch pravidel je to 12\u00a0tis\u00edc.<\/p>\n<p><a data-dot=\"atm-link\" target=\"_self\" href=\"https:\/\/www.novinky.cz\/clanek\/ekonomika-podpora-v-nezamestnanosti-zrejme-vyrazne-klesne-juchelka-meni-podminky-40594619\" class=\"c_I\" rel=\"nofollow noopener\"><img fetchpriority=\"high\" height=\"720\" width=\"1280\" src=\"https:\/\/www.europesays.com\/cz\/wp-content\/uploads\/2026\/09\/1788688809_399_nezamestnanost-graf.jpeg\" loading=\"eager\" decoding=\"sync\" class=\"c_t c_r\"\/><\/a>U star\u0161\u00edch lid\u00ed se zm\u011bn\u00ed v\u00edce parametr\u016f<\/p>\n<p class=\"c_bB\">Lid\u00e9 do 52\u00a0let maj\u00ed n\u00e1rok na podporu po dobu p\u011bti m\u011bs\u00edc\u016f. Mezi 52\u00a0a\u00a057\u00a0lety je to osm, nad tuto hranici jeden\u00e1ct m\u011bs\u00edc\u016f. D\u016fvod je ten, \u017ee zam\u011bstnavatel\u00e9 st\u00e1le necht\u011bj\u00ed lidi od ur\u010dit\u00e9ho v\u011bku moc zam\u011bstn\u00e1vat, a\u00a0ti tak pot\u0159ebuj\u00ed na nalezen\u00ed nov\u00e9 pr\u00e1ce del\u0161\u00ed dobu.<\/p>\n<p class=\"c_bB\">Tato d\u00e9lka z\u016fstane zachov\u00e1na i\u00a0v budoucnu. Zm\u011bny se ale daj\u00ed o\u010dek\u00e1vat ve v\u00fd\u0161i d\u00e1vky. Ob\u011b v\u011bkov\u00e9 skupiny v\u00a0sou\u010dasnosti dost\u00e1vaj\u00ed prvn\u00ed dva m\u011bs\u00edce osmdes\u00e1t procent, dal\u0161\u00ed dva m\u011bs\u00edce pades\u00e1t procent a\u00a0po zbytek doby \u010dty\u0159icet procent p\u0159edchoz\u00ed \u010dist\u00e9 mzdy.<\/p>\n<p class=\"c_bB\">Nov\u011b to bude v\u00a0prvn\u00edch dvou m\u011bs\u00edc\u00edch 65\u00a0procent, v\u00a0dal\u0161\u00edch dvou 50\u00a0a\u00a0ve zbytku 45\u00a0procent. Zm\u011bn tedy u\u00a0nich bude v\u00edce ne\u017e u\u00a0mlad\u0161\u00edch nezam\u011bstnan\u00fdch. Nav\u00edc se jim zkr\u00e1t\u00ed prvn\u00ed dv\u011b obdob\u00ed podp\u016fr\u010d\u00ed doby, naopak prodlou\u017e\u00ed posledn\u00ed.<\/p>\n<p>Jak to bude u\u00a0lid\u00ed p\u0159ed penz\u00ed<\/p>\n<p class=\"c_bB\">V praxi to m\u00e1 nap\u0159\u00edklad u\u00a0\u0161edes\u00e1tn\u00edka s\u00a0p\u0159edchoz\u00edm pr\u016fm\u011brn\u00fdm \u010dist\u00fdm p\u0159\u00edjmem ve v\u00fd\u0161i \u010dty\u0159iceti tis\u00edc, tedy v\u00a0hrub\u00e9m zhruba 51\u00a0tis\u00edc, vypadat n\u00e1sledovn\u011b: nyn\u00ed bere prvn\u00ed dva m\u011bs\u00edce n\u00e1rok na 32\u00a0tis\u00edc korun, od ledna to bude jen 26\u00a0tis\u00edc.<\/p>\n<p class=\"c_bB\">T\u0159et\u00ed m\u011bs\u00edc bude propad je\u0161t\u011b v\u011bt\u0161\u00ed, na dvacet tis\u00edc.<\/p>\n<p class=\"c_bB\">M\u00e9n\u011b ne\u017e v\u00a0sou\u010dasnosti bude pob\u00edrat je\u0161t\u011b p\u00e1t\u00fd a\u00a0\u0161est\u00fd m\u011bs\u00edc, naopak si polep\u0161\u00ed ve zbytku pob\u00edr\u00e1n\u00ed d\u00e1vky. A\u00a0to z\u00a016\u00a0na 18\u00a0tis\u00edc.<\/p>\n<p class=\"c_bB\">Pokud bude dost\u00e1vat podporu po celou dobu, co\u017e je vzhledem k\u00a0v\u011bku pravd\u011bpodobn\u00e9, obdr\u017e\u00ed na n\u00ed celkov\u011b o\u00a0osmn\u00e1ct tis\u00edc m\u00e9n\u011b.<\/p>\n<p class=\"c_bB\">U \u010dlov\u011bka s\u00a0p\u0159edchoz\u00edm \u010dist\u00fdm p\u0159\u00edjmem dvacet tis\u00edc, co\u017e je v\u00a0hrub\u00e9m necel\u00fdch 24\u00a0tis\u00edc, jsou sumy polovi\u010dn\u00ed.<\/p>\n<p>V\u00fdrazn\u011b ni\u017e\u0161\u00ed strop<\/p>\n<p class=\"c_bB\">Klesne i\u00a0maxim\u00e1ln\u00ed \u010d\u00e1stka, kterou sm\u011bj\u00ed lid\u00e9 na podpo\u0159e pob\u00edrat. Ta se ur\u010duje podle celorepublikov\u00e9 pr\u016fm\u011brn\u00e9 mzdy v\u00a0p\u0159edchoz\u00edm roce. C\u00edlem tohoto stropu je zabr\u00e1nit tomu, aby lid\u00e9 s\u00a0p\u0159edchoz\u00edmi statis\u00edcov\u00fdmi v\u00fdd\u011blky dost\u00e1vali od st\u00e1tu p\u0159\u00edli\u0161 mnoho.<\/p>\n<p class=\"c_bB\">Nyn\u00ed je strop ve v\u00fd\u0161i 80\u00a0procent t\u00e9to mzdy, tedy 38\u00a0537\u00a0korun. Nikdo nesm\u00ed dost\u00e1vat vy\u0161\u0161\u00ed podporu.<\/p>\n<p class=\"c_bB\">Od p\u0159\u00ed\u0161t\u00edho roku by to m\u011blo b\u00fdt 60\u00a0procent celorepublikov\u00e9 mzdy. To letos odpov\u00edd\u00e1 \u010d\u00e1stce 28\u00a0903\u00a0korun.<\/p>\n<p class=\"c_bB\">Pro p\u0159\u00ed\u0161t\u00ed rok je zn\u00e1m pr\u016fm\u011brn\u00fd v\u00fdd\u011blek jen za prvn\u00ed dv\u011b pololet\u00ed. Orienta\u010dn\u011b by to tedy bylo n\u011bco p\u0159es 31\u00a0tis\u00edc. Ale konkr\u00e9tn\u00ed v\u00fd\u0161i ur\u010d\u00ed vl\u00e1da na z\u00e1klad\u011b statistick\u00fdch \u00fadaj\u016f v\u00a0prosinci.<\/p>\n<p><img height=\"1080\"   width=\"1920\" src=\"https:\/\/www.europesays.com\/cz\/wp-content\/uploads\/2026\/09\/podpora-nezamestnanost.png\" loading=\"eager\" decoding=\"sync\" class=\"c_t c_r\"\/>Foto: Novinky<\/p>\n<p class=\"c_bB\">Podpora v\u00a0nezam\u011bstnanosti v\u00a0roce 2027<\/p>\n<p>Zhor\u0161en\u00ed i\u00a0u pe\u010duj\u00edc\u00edch<\/p>\n<p class=\"c_bB\">Pohor\u0161\u00ed si i\u00a0skupina osob bez p\u0159edchoz\u00edch p\u0159\u00edjm\u016f. Do n\u00ed spadaj\u00ed jen ti, kdo prokazateln\u011b a\u00a0objektivn\u011b nemohli pracovat. Nap\u0159\u00edklad rodi\u010de po rodi\u010dovsk\u00e9 dovolen\u00e9, kte\u0159\u00ed nemaj\u00ed kam nastoupit, lid\u00e9 po dlouhodob\u00e9 pracovn\u00ed neschopnosti nebo ti, kdo pe\u010dovali o\u00a0t\u011b\u017ece nemocn\u00e9ho \u010di handicapovan\u00e9ho \u010dlena rodiny.<\/p>\n<p class=\"c_bB\">Ti nyn\u00ed maj\u00ed v\u00a0prvn\u00edch m\u011bs\u00edc\u00edch n\u00e1rok na \u010dty\u0159icet procent celorepublikov\u00e9 pr\u016fm\u011brn\u00e9 mzdy, co\u017e je 19\u00a0269\u00a0korun. Pak podpora kles\u00e1.<\/p>\n<p class=\"c_bB\">Nov\u011b budou m\u00edt v\u00a0prvn\u00edch m\u011bs\u00edc\u00edch n\u00e1rok na t\u0159icet procent. To je\u00a0\u2013 op\u011bt odhadem\u00a0\u2013 zhruba 15\u00a0600\u00a0korun. D\u00e1l to z\u016fstane stejn\u00e9.<\/p>\n<p>Ni\u017e\u0161\u00ed podpory v\u00a0rekvalifikaci<\/p>\n<p class=\"c_bB\">M\u00e9n\u011b dostanou i\u00a0lid\u00e9 p\u0159i rekvalifikaci, kte\u0159\u00ed se \u0161kol\u00ed na novou profesi. U\u00a0t\u011bch, kdo p\u0159edt\u00edm pracovali, se to sn\u00ed\u017e\u00ed z\u00a080\u00a0na 65\u00a0procent p\u0159edchoz\u00edho v\u00fdd\u011blku. Pokles bude i\u00a0u lid\u00ed bez p\u0159edchoz\u00edch dolo\u017eiteln\u00fdch p\u0159\u00edjm\u016f.<\/p>\n<p>\u010cek\u00e1n\u00ed na Sn\u011bmovnu<\/p>\n<p class=\"c_bB\">Vl\u00e1da n\u00e1vrh schv\u00e1lila v\u00a0pond\u011bl\u00ed, p\u0159i\u010dem\u017e ho \u201ep\u0159ilepila\u201c k\u00a0jin\u00e9mu projedn\u00e1van\u00e9mu z\u00e1konu. Ten se zat\u00edm upravuje a\u00a0pak poputuje do Poslaneck\u00e9 sn\u011bmovny. Aby zm\u011bny pro\u0161ly a\u00a0za\u010daly od ledna platit, mus\u00ed je nap\u0159ed schv\u00e1lit poslanci, sen\u00e1to\u0159i a\u00a0pak je\u0161t\u011b podepsat prezident.<\/p>\n<p class=\"c_bB\">Proti n\u00e1vrhu je opozice, tak\u017ee je mo\u017en\u00e9, \u017ee ho sen\u00e1to\u0159i vr\u00e1t\u00ed zp\u011bt do Sn\u011bmovny, kter\u00e1 je bude muset p\u0159ehlasovat. Nav\u00edc se proti zm\u011bn\u011b ohradil \u0161\u00e9f koali\u010dn\u00ed SPD a\u00a0p\u0159edseda Sn\u011bmovny Tomio Okamura. Je tedy mo\u017en\u00e9, \u017ee p\u0159i projedn\u00e1v\u00e1n\u00ed poslanci je\u0161t\u011b dojde k\u00a0\u00faprav\u00e1m.<\/p>\n<p><a data-dot=\"atm-link\" target=\"_self\" href=\"https:\/\/www.novinky.cz\/clanek\/ekonomika-experti-kritizuji-snizeni-davky-pro-nezamestnane-40595471\" class=\"c_I\" rel=\"nofollow noopener\"><img height=\"2304\" width=\"4096\" src=\"https:\/\/www.europesays.com\/cz\/wp-content\/uploads\/2026\/09\/1788688811_35_ales-juchelka.jpeg\" loading=\"eager\" decoding=\"sync\" class=\"c_t c_r\"\/><\/a><\/p>\n","protected":false},"excerpt":{"rendered":"V sou\u010dasnosti nezam\u011bstnan\u00ed do 52\u00a0let v\u011bku pob\u00edraj\u00ed prvn\u00ed dva m\u011bs\u00edce podporu ve v\u00fd\u0161i 80\u00a0procent sv\u00e9ho p\u0159edchoz\u00edho pr\u016fm\u011brn\u00e9ho m\u011bs\u00ed\u010dn\u00edho&hellip;\n","protected":false},"author":2,"featured_media":204478,"comment_status":"","ping_status":"","sticky":false,"template":"","format":"standard","meta":{"footnotes":"","_share_on_mastodon":"0"},"categories":[7],"tags":[43,42,41,40,1529,3494,1531,1532,1350],"class_list":["post-204477","post","type-post","status-publish","format-standard","has-post-thumbnail","category-cesko","tag-ceska-republika","tag-cesko","tag-czech-republic","tag-czechia","tag-nezamestnanost","tag-podpora-v-nezamestnanosti","tag-pracovni-trh","tag-trh-prace","tag-zamestnanost"],"share_on_mastodon":{"url":"https:\/\/pubeurope.com\/@cz\/117223517745010502","error":""},"_links":{"self":[{"href":"https:\/\/www.europesays.com\/cz\/wp-json\/wp\/v2\/posts\/204477","targetHints":{"allow":["GET"]}}],"collection":[{"href":"https:\/\/www.europesays.com\/cz\/wp-json\/wp\/v2\/posts"}],"about":[{"href":"https:\/\/www.europesays.com\/cz\/wp-json\/wp\/v2\/types\/post"}],"author":[{"embeddable":true,"href":"https:\/\/www.europesays.com\/cz\/wp-json\/wp\/v2\/users\/2"}],"replies":[{"embeddable":true,"href":"https:\/\/www.europesays.com\/cz\/wp-json\/wp\/v2\/comments?post=204477"}],"version-history":[{"count":0,"href":"https:\/\/www.europesays.com\/cz\/wp-json\/wp\/v2\/posts\/204477\/revisions"}],"wp:featuredmedia":[{"embeddable":true,"href":"https:\/\/www.europesays.com\/cz\/wp-json\/wp\/v2\/media\/204478"}],"wp:attachment":[{"href":"https:\/\/www.europesays.com\/cz\/wp-json\/wp\/v2\/media?parent=204477"}],"wp:term":[{"taxonomy":"category","embeddable":true,"href":"https:\/\/www.europesays.com\/cz\/wp-json\/wp\/v2\/categories?post=204477"},{"taxonomy":"post_tag","embeddable":true,"href":"https:\/\/www.europesays.com\/cz\/wp-json\/wp\/v2\/tags?post=204477"}],"curies":[{"name":"wp","href":"https:\/\/api.w.org\/{rel}","templated":true}]}}