{"id":204505,"date":"2026-09-06T10:28:13","date_gmt":"2026-09-06T10:28:13","guid":{"rendered":"https:\/\/www.europesays.com\/cz\/204505\/"},"modified":"2026-09-06T10:28:13","modified_gmt":"2026-09-06T10:28:13","slug":"neadekvatni-babis-odmitl-macinkovu-bagatelizaci-vysetrovani-turkovy-nehody","status":"publish","type":"post","link":"https:\/\/www.europesays.com\/cz\/204505\/","title":{"rendered":"Neadekv\u00e1tn\u00ed. Babi\u0161 odm\u00edtl Macinkovu bagatelizaci vy\u0161et\u0159ov\u00e1n\u00ed Turkovy nehody"},"content":{"rendered":"<p class=\"c_bB\">Turek uvedl, \u017ee do doby vy\u0161et\u0159en\u00ed nehody nebude zast\u00e1vat post vl\u00e1dn\u00edho zmocn\u011bnce. Dodal rovn\u011b\u017e, \u017ee pokud by jej policie ozna\u010dila za vin\u00edka nehody, na pozici zmocn\u011bnce by skon\u010dil. To v\u00a0p\u00e1tek Macinka relativizoval slovy o\u00a0tom, \u017ee je mu vy\u0161et\u0159ov\u00e1n\u00ed ukraden\u00e9 a\u00a0poslanec by se podle n\u011bj m\u011bl op\u011bt \u00fa\u010dastnit jedn\u00e1n\u00ed coby zmocn\u011bnec.<\/p>\n<p class=\"c_bB\">\u201eTakov\u00e9 vyj\u00e1d\u0159en\u00ed nen\u00ed adekv\u00e1tn\u00ed, pan Turek \u0159ekl, \u017ee pokud se prok\u00e1\u017ee, \u017ee je vinn\u00fd, tak skon\u010d\u00ed,\u201c p\u0159ipomn\u011bl Babi\u0161 a\u00a0dodal, \u017ee Turek se stal zmocn\u011bncem kv\u016fli tomu, aby se mohl \u00fa\u010dastnit jedn\u00e1n\u00ed Rady EMVI (Rady pro \u017eivotn\u00ed prost\u0159ed\u00ed Evropsk\u00e9 unie).<\/p>\n<p class=\"c_bB\">Turek havaroval se sv\u00fdm mercedesem v\u00a0okam\u017eiku, kdy vjel z\u00a0odbo\u010dovac\u00edho pruhu rovn\u011b do frekventovan\u00e9 k\u0159i\u017eovatky u\u00a0stanice metra a\u00a0tramvaj\u00ed I. P. Pavlova v\u00a0Praze 2.\u00a0Jeho v\u016fz se srazil se slu\u017eebn\u00ed fabi\u00ed Nemocnice Na Homolce, vezouc\u00ed v\u00a0aut\u011b krevn\u00ed desti\u010dky pot\u0159ebn\u00e9 k\u00a0operaci. Nemocni\u010dn\u00ed auto se vlivem n\u00e1razu p\u0159evr\u00e1tilo na st\u0159echu a\u00a0zhruba \u0161edes\u00e1tilet\u00fd \u0159idi\u010d utrp\u011bl n\u011bkolik zran\u011bn\u00ed, v\u010detn\u011b poran\u011bn\u00ed hlavy, a\u00a0byl transportov\u00e1n do nemocnice. V\u00a0dob\u011b sr\u00e1\u017eky jel podle v\u0161eho se zapnut\u00fdmi maj\u00e1ky a\u00a0sir\u00e9nou.<\/p>\n<p class=\"c_bB\">Babi\u0161 ve vys\u00edl\u00e1n\u00ed opakovan\u011b \u0159ekl, \u017ee nehodl\u00e1 \u201est\u00e1le \u0159e\u0161it Turka\u201c. <\/p>\n<p><a data-dot=\"atm-link\" target=\"_self\" href=\"https:\/\/www.novinky.cz\/clanek\/domaci-macinka-dal-rozhovor-maskovanemu-muzi-vyklubal-se-z-nej-aktivista-40595921\" class=\"c_I\" rel=\"nofollow noopener\"><img fetchpriority=\"high\" height=\"602\" width=\"1071\" src=\"https:\/\/www.europesays.com\/cz\/wp-content\/uploads\/2026\/09\/1788690493_657_petr-macinka-vojtech-psenak.png\" loading=\"eager\" decoding=\"sync\" class=\"c_t c_r\"\/><\/a><\/p>\n","protected":false},"excerpt":{"rendered":"Turek uvedl, \u017ee do doby vy\u0161et\u0159en\u00ed nehody nebude zast\u00e1vat post vl\u00e1dn\u00edho zmocn\u011bnce. Dodal rovn\u011b\u017e, \u017ee pokud by jej&hellip;\n","protected":false},"author":2,"featured_media":204506,"comment_status":"","ping_status":"","sticky":false,"template":"","format":"standard","meta":{"footnotes":"","_share_on_mastodon":"0"},"categories":[7],"tags":[266,43,42,41,40,792,418],"class_list":["post-204505","post","type-post","status-publish","format-standard","has-post-thumbnail","category-cesko","tag-andrej-babis","tag-ceska-republika","tag-cesko","tag-czech-republic","tag-czechia","tag-filip-turek","tag-petr-macinka"],"share_on_mastodon":{"url":"https:\/\/pubeurope.com\/@cz\/117223627619116903","error":""},"_links":{"self":[{"href":"https:\/\/www.europesays.com\/cz\/wp-json\/wp\/v2\/posts\/204505","targetHints":{"allow":["GET"]}}],"collection":[{"href":"https:\/\/www.europesays.com\/cz\/wp-json\/wp\/v2\/posts"}],"about":[{"href":"https:\/\/www.europesays.com\/cz\/wp-json\/wp\/v2\/types\/post"}],"author":[{"embeddable":true,"href":"https:\/\/www.europesays.com\/cz\/wp-json\/wp\/v2\/users\/2"}],"replies":[{"embeddable":true,"href":"https:\/\/www.europesays.com\/cz\/wp-json\/wp\/v2\/comments?post=204505"}],"version-history":[{"count":0,"href":"https:\/\/www.europesays.com\/cz\/wp-json\/wp\/v2\/posts\/204505\/revisions"}],"wp:featuredmedia":[{"embeddable":true,"href":"https:\/\/www.europesays.com\/cz\/wp-json\/wp\/v2\/media\/204506"}],"wp:attachment":[{"href":"https:\/\/www.europesays.com\/cz\/wp-json\/wp\/v2\/media?parent=204505"}],"wp:term":[{"taxonomy":"category","embeddable":true,"href":"https:\/\/www.europesays.com\/cz\/wp-json\/wp\/v2\/categories?post=204505"},{"taxonomy":"post_tag","embeddable":true,"href":"https:\/\/www.europesays.com\/cz\/wp-json\/wp\/v2\/tags?post=204505"}],"curies":[{"name":"wp","href":"https:\/\/api.w.org\/{rel}","templated":true}]}}