{"id":204513,"date":"2026-09-06T10:33:13","date_gmt":"2026-09-06T10:33:13","guid":{"rendered":"https:\/\/www.europesays.com\/cz\/204513\/"},"modified":"2026-09-06T10:33:13","modified_gmt":"2026-09-06T10:33:13","slug":"benatky-zazily-nevidane-usmireni-oasis-cena-pro-nicolu-peltz-beckham-dlouhe-nohy-amal-i-podprsenka-georginy","status":"publish","type":"post","link":"https:\/\/www.europesays.com\/cz\/204513\/","title":{"rendered":"Ben\u00e1tky za\u017eily nev\u00eddan\u00e9: Usm\u00ed\u0159en\u00ed Oasis, cena pro Nicolu Peltz Beckham, dlouh\u00e9 nohy Amal i\u00a0podprsenka Georginy"},"content":{"rendered":"<p class=\"b_bt\">Ben\u00e1tky z\u0159ejm\u011b u\u017e nav\u017edy z\u016fstanou dom\u00e9nou George Clooneyho, kter\u00fd se tu p\u0159ed dvan\u00e1cti lety <a data-dot=\"atm-link\" target=\"_blank\" href=\"https:\/\/www.prozeny.cz\/clanek\/zdravi-a-zivotni-styl-zaujalo-nas-obarveny-george-clooney-sokuje-za-deset-let-jsem-se-s-manzelkou-ani-jednou-nepohadal-98508\" class=\"b_g\" rel=\"nofollow noopener\">o\u017eenil s\u00a0Amal<\/a>, m\u00edstn\u00ed filmov\u00fd festival je jeho v\u016fbec nejobl\u00edben\u011bj\u0161\u00edm a\u00a0jeho atmosf\u00e9ru si se svou \u017eenou pln\u00fdmi dou\u0161ky u\u017e\u00edval i\u00a0letos.<\/p>\n<p class=\"b_bt\">Nebyl v\u0161ak s\u00e1m, po zah\u00e1jen\u00ed, kter\u00e9ho se z\u00fa\u010dastnila nap\u0159. here\u010dka a\u00a0re\u017eis\u00e9rka Maggie Gyllenhaal, se tu hv\u011bzdy promen\u00e1dovaly jak na b\u011b\u017e\u00edc\u00edm p\u00e1se. Cenu za celo\u017eivotn\u00ed d\u00edlo tu p\u0159evzala nap\u0159. p\u011btaosmdes\u00e1tilet\u00e1 hollywoodsk\u00e1 ikona <a data-dot=\"atm-link\" target=\"_blank\" href=\"https:\/\/www.prozeny.cz\/clanek\/zivot-faye-dunaway-69399\" class=\"b_g\" rel=\"nofollow noopener\">Faye Dunaway<\/a>, kter\u00e1 tu z\u00e1rove\u0148 p\u0159edstavila film Prima, nez\u00e1visl\u00e9 drama z\u00a0baletn\u00edho prost\u0159ed\u00ed, v\u00a0n\u011bm\u017e je jej\u00ed hereckou partnerkou Nicola Peltz. Ani ta nesm\u011bla na festivalu chyb\u011bt, dorazila, jak jinak, se sv\u00fdm mu\u017eem Brooklynem Beckhamem a\u00a0obdr\u017eela speci\u00e1ln\u00ed cenu pro vych\u00e1zej\u00edc\u00ed hv\u011bzdu. <\/p>\n<p class=\"b_bt\">Sv\u016fj nov\u00fd film Primetime v\u00a0Ben\u00e1tk\u00e1ch osobn\u011b p\u0159edstavil tak\u00e9 <a data-dot=\"atm-link\" target=\"_blank\" href=\"https:\/\/www.prozeny.cz\/clanek\/zdravi-a-zivotni-styl-zaujalo-nas-nejslavnejsi-upir-slavi-40-tohle-jsou-zeny-ktere-robert-pattinson-skutecne-miloval-103407\" class=\"b_g\" rel=\"nofollow noopener\">Robert Pattinson<\/a>, kter\u00fd oslnil v\u00a0b\u00edl\u00e9m jemn\u011b prou\u017ekovan\u00e9m obleku a\u00a0na rud\u00fd koberec jej doprov\u00e1zela snoubenka, britsk\u00e1 here\u010dka, zp\u011bva\u010dka a\u00a0modelka Suki Waterhouse.<\/p>\n<p><img fetchpriority=\"high\" height=\"1800\"   width=\"1350\" src=\"https:\/\/www.europesays.com\/cz\/wp-content\/uploads\/2026\/09\/benatky-festival.jpeg\" loading=\"eager\" decoding=\"sync\" class=\"b_u b_s\"\/>Foto: Profimedia.cz<\/p>\n<p class=\"b_bt\">Velk\u00e1 o\u010dek\u00e1v\u00e1n\u00ed vzbudil tak\u00e9 film Father Joe, do Ben\u00e1tek p\u0159ivedl <a data-dot=\"atm-link\" target=\"_blank\" href=\"https:\/\/www.prozeny.cz\/clanek\/zdravi-a-zivotni-styl-bolave-rozchody-se-nevyhybaji-ani-hollywoodskym-idolum-sve-o-tom-vedi-kiefer-sutherland-i-brad-pitt-93953\" class=\"b_g\" rel=\"nofollow noopener\">Kiefera Sutherlanda<\/a>, kter\u00fd ve filmu hraje hlavn\u00ed roli po boku Al Pacina. Delegaci doprovodil i\u00a0legend\u00e1rn\u00ed francouzsk\u00fd re\u017eis\u00e9r Luc Besson, tentokr\u00e1t v\u0161ak ne v\u00a0roli re\u017eis\u00e9ra, ale sc\u00e9n\u00e1risty filmu.<\/p>\n<p class=\"b_bt\">A mo\u017en\u00e1 nejv\u00edc spole\u010dn\u00fdch fotografi\u00ed za sv\u016fj \u017eivot v\u00a0Ben\u00e1tk\u00e1ch z\u00edskali doned\u00e1vna znesv\u00e1\u0159en\u00ed brat\u0159i Liam a\u00a0Noel Gallagherovi z\u00a0legend\u00e1rn\u00ed britsk\u00e9 kapely <a data-dot=\"atm-link\" target=\"_blank\" rel=\"noopener nofollow\" href=\"https:\/\/www.novinky.cz\/tag\/oasis-22192\" class=\"b_g\">Oasis<\/a>, kte\u0159\u00ed tu prezentovali dokument o\u00a0sv\u00e9m n\u00e1vratu. Jak film pojmenovan\u00fd po jejich velk\u00e9m hitu Don\u2019t Look Back in Anger (Neohl\u00ed\u017eej se v\u00a0hn\u011bvu) odhalil, jejich usm\u00ed\u0159en\u00ed je velmi k\u0159ehk\u00e9.<\/p>\n<p class=\"b_bt\">Drobn\u00e9 pozdvi\u017een\u00ed na festivalu, kter\u00fd si na m\u00f3dn\u00ed v\u00fdst\u0159elky p\u0159\u00edli\u0161 nepotrp\u00ed, zp\u016fsobila \u010derstv\u00e1 man\u017eelka fotbalisty Ronalda <a data-dot=\"atm-link\" target=\"_blank\" rel=\"noopener nofollow\" href=\"https:\/\/www.super.cz\/clanek\/celebrity-dobry-den-nadro-ven-ronaldova-georgina-sokovala-svym-outfitem-na-festivalu-v-benatkach-kabelku-mela-za-dva-miliony-1527782\" class=\"b_g\">Georgina Rodr\u00edguez<\/a>, kdy\u017e se na jednom ze zahajovac\u00edch ceremoni\u00e1l\u016f objevila v\u00a0outfitu zcela odhaluj\u00edc\u00edm \u010d\u00e1st podprsenky. Podobn\u011b jako Monika Mare\u0161ov\u00e1 tu toti\u017e prezentovala slavnou zna\u010dku spodn\u00edho pr\u00e1dla Intimissimi. Na rud\u00fd koberec u\u017e na\u0161t\u011bst\u00ed zvolila model decentn\u011bj\u0161\u00ed.<\/p>\n<p>Ben\u00e1tsk\u00fd filmov\u00fd festival 2026<\/p>\n<p class=\"b_bt\">Leto\u0161n\u00ed 83.\u00a0ro\u010dn\u00edk Ben\u00e1tsk\u00e9ho filmov\u00e9ho festivalu se kon\u00e1 od 2.\u00a0do 12.\u00a0z\u00e1\u0159\u00ed 2026\u00a0na ben\u00e1tsk\u00e9m Lidu. Festival zah\u00e1jila sv\u011btov\u00e1 premi\u00e9ra sn\u00edmku Ink re\u017eis\u00e9ra Dannyho Boylea s\u00a0Guyem Pearcem, Jackem O\u2019Connellem a\u00a0Claire Foy v\u00a0hlavn\u00edch rol\u00edch.  Mezi o\u010dek\u00e1van\u00e9 filmy leto\u0161n\u00edho ro\u010dn\u00edku pat\u0159\u00ed nap\u0159\u00edklad Wild Horse Nine Martina McDonagha, Primetime s\u00a0Robertem Pattinsonem nebo Bunker Floriana Zellera s\u00a0Pen\u00e9lope Cruz a\u00a0Javierem Bardemem. <\/p>\n<p class=\"b_bt\">V hlavn\u00ed sout\u011b\u017ei se p\u0159edstav\u00ed celkem 20\u00a0film\u016f, kter\u00e9 budou bojovat o\u00a0Zlat\u00e9ho lva. Hlavn\u00ed porot\u011b leto\u0161n\u00edho festivalu p\u0159edsed\u00e1 here\u010dka a\u00a0re\u017eis\u00e9rka <a data-dot=\"atm-link\" target=\"_blank\" href=\"https:\/\/www.prozeny.cz\/tag\/maggie-gyllenhaal-128426\" class=\"b_g\" rel=\"nofollow noopener\">Maggie Gyllenhaal<\/a>. \u010cestn\u00e9 ocen\u011bn\u00ed za celo\u017eivotn\u00ed p\u0159\u00ednos kinematografii putuje <a data-dot=\"atm-link\" target=\"_blank\" rel=\"noopener nofollow\" href=\"https:\/\/www.super.cz\/tag\/george-clooney-13453\" class=\"b_g\">Georgi Clooneymu<\/a> a\u00a0Ellen Burstyn.<\/p>\n","protected":false},"excerpt":{"rendered":"Ben\u00e1tky z\u0159ejm\u011b u\u017e nav\u017edy z\u016fstanou dom\u00e9nou George Clooneyho, kter\u00fd se tu p\u0159ed dvan\u00e1cti lety o\u017eenil s\u00a0Amal, m\u00edstn\u00ed filmov\u00fd&hellip;\n","protected":false},"author":2,"featured_media":204514,"comment_status":"","ping_status":"","sticky":false,"template":"","format":"standard","meta":{"footnotes":"","_share_on_mastodon":"0"},"categories":[14],"tags":[18075,20833,79,27768,524,46056,16597,370,80],"class_list":["post-204513","post","type-post","status-publish","format-standard","has-post-thumbnail","category-zabava","tag-amal-clooney","tag-benatsky-filmovy-festival","tag-entertainment","tag-georgina-rodriguez","tag-nicola-peltz","tag-oasis","tag-robert-pattinson","tag-vip","tag-zabava"],"share_on_mastodon":{"url":"https:\/\/pubeurope.com\/@cz\/117223647623521371","error":""},"_links":{"self":[{"href":"https:\/\/www.europesays.com\/cz\/wp-json\/wp\/v2\/posts\/204513","targetHints":{"allow":["GET"]}}],"collection":[{"href":"https:\/\/www.europesays.com\/cz\/wp-json\/wp\/v2\/posts"}],"about":[{"href":"https:\/\/www.europesays.com\/cz\/wp-json\/wp\/v2\/types\/post"}],"author":[{"embeddable":true,"href":"https:\/\/www.europesays.com\/cz\/wp-json\/wp\/v2\/users\/2"}],"replies":[{"embeddable":true,"href":"https:\/\/www.europesays.com\/cz\/wp-json\/wp\/v2\/comments?post=204513"}],"version-history":[{"count":0,"href":"https:\/\/www.europesays.com\/cz\/wp-json\/wp\/v2\/posts\/204513\/revisions"}],"wp:featuredmedia":[{"embeddable":true,"href":"https:\/\/www.europesays.com\/cz\/wp-json\/wp\/v2\/media\/204514"}],"wp:attachment":[{"href":"https:\/\/www.europesays.com\/cz\/wp-json\/wp\/v2\/media?parent=204513"}],"wp:term":[{"taxonomy":"category","embeddable":true,"href":"https:\/\/www.europesays.com\/cz\/wp-json\/wp\/v2\/categories?post=204513"},{"taxonomy":"post_tag","embeddable":true,"href":"https:\/\/www.europesays.com\/cz\/wp-json\/wp\/v2\/tags?post=204513"}],"curies":[{"name":"wp","href":"https:\/\/api.w.org\/{rel}","templated":true}]}}