{"id":204519,"date":"2026-09-06T10:37:07","date_gmt":"2026-09-06T10:37:07","guid":{"rendered":"https:\/\/www.europesays.com\/cz\/204519\/"},"modified":"2026-09-06T10:37:07","modified_gmt":"2026-09-06T10:37:07","slug":"rozumite-tomu-mile-deti-emotivni-babis-utocil-na-oponenty-a-uklidnoval-sve-volice-aktualne-cz","status":"publish","type":"post","link":"https:\/\/www.europesays.com\/cz\/204519\/","title":{"rendered":"&#8222;Rozum\u00edte tomu, mil\u00e9 d\u011bti?&#8220; Emotivn\u00ed Babi\u0161 \u00fato\u010dil na oponenty a uklid\u0148oval sv\u00e9 voli\u010de \u2013 Aktu\u00e1ln\u011b.cz"},"content":{"rendered":"<p>Premi\u00e9r Andrej Babi\u0161, kter\u00fd od konce lo\u0148sk\u00e9ho roku vl\u00e1dne bez v\u011bt\u0161\u00edch probl\u00e9m\u016f s SPD a Motoristy a udr\u017euje si vysokou podporu sv\u00fdch voli\u010d\u016f, se nyn\u00ed poprv\u00e9 ocit\u00e1 v probl\u00e9mech. Kv\u016fli vysok\u00e9mu schodku v n\u00e1vrhu rozpo\u010dtu ho kritizuje nejen opozice a mnoz\u00ed experti na finance, ale tak\u00e9 vl\u00e1dn\u00ed par\u0165\u00e1ci z SPD a Motorist\u016f. O to zaj\u00edmav\u011bj\u0161\u00ed je proto pr\u00e1v\u011b nyn\u00ed sledovat, co bude \u0159\u00edkat a d\u011blat, aby udr\u017eel klid ve vl\u00e1dn\u00ed koalici a z\u00e1rove\u0148 jej neza\u010dali opou\u0161t\u011bt voli\u010di.<\/p>\n<p>\u201eNev\u011b\u0159te t\u011bm, co v\u00e1s stra\u0161\u00ed s deficitem rozpo\u010dtu,\u201c za\u010dal Babi\u0161 oslovovat sv\u00e9 voli\u010de hned na za\u010d\u00e1tku ned\u011bln\u00ed promluvy. P\u0159itom ale p\u0159iznal, \u017ee schodek ve v\u00fd\u0161i 389 miliard korun je skute\u010dn\u011b vysok\u00fd. \u201e\u017de je deficit vysok\u00fd? Je. Mn\u011b se tak\u00e9 nel\u00edb\u00ed. J\u00e1 jsem byl ten ministr financ\u00ed, kter\u00fd m\u011bl nejvy\u0161\u0161\u00ed p\u0159ebytek rozpo\u010dtu 61 miliard. J\u00e1 jsem byl ten jedin\u00fd ministr financ\u00ed, kter\u00fd absolutn\u011b sn\u00ed\u017eil nejvy\u0161\u0161\u00ed dluh ze 44 procent na 29 procent, a v tom pokra\u010dovala Alena Schillerov\u00e1. My dva v\u00edme, o \u010dem mluv\u00edme,\u201c pokra\u010doval Babi\u0161 ve sm\u011bru ke sv\u00fdm voli\u010d\u016fm, kter\u00e9 se sna\u017eil uklid\u0148ovat. <\/p>\n<p>\u201eNenechte se znerv\u00f3znit,\u201c prohl\u00e1sil a vz\u00e1p\u011bt\u00ed bylo jasno, \u017ee mysl\u00ed hlavn\u011b d\u016fchodce. Mezi touto soci\u00e1ln\u00ed skupinou m\u00e1 dlouhodob\u011b obrovskou podporu, p\u0159ed ka\u017ed\u00fdmi volbami slibuje vy\u0161\u0161\u00ed a vy\u0161\u0161\u00ed d\u016fchody, nav\u00edc p\u0159ed posledn\u00edmi volbami tak\u00e9 sl\u00edbil, \u017ee zastav\u00ed navy\u0161ov\u00e1n\u00ed odchod\u016f do d\u016fchodu nad 65 let, jak rozhodla vl\u00e1dn\u00ed v\u011bt\u0161ina za p\u0159edch\u00e1zej\u00edc\u00edho premi\u00e9ra Petra Fialy. <\/p>\n<p>Babi\u0161 ale zat\u00edm navy\u0161ov\u00e1n\u00ed nezastavil a d\u016fchody sl\u00edbil zv\u00fd\u0161it jen o 300 korun. Mezi n\u011bkter\u00fdmi d\u016fchodci se tak za\u010d\u00edn\u00e1 projevovat ned\u016fv\u011bra k p\u0159edsedovi vl\u00e1dy. \u201eMy o tom budeme je\u0161t\u011b rozhodovat. M\u016f\u017eeme je zv\u00fd\u0161it a\u017e na 590 korun m\u011bs\u00ed\u010dn\u011b. Ale v ka\u017ed\u00e9m p\u0159\u00edpad\u011b d\u016fchody v roce 2028 a 2029  budou podstatn\u011b vy\u0161\u0161\u00ed,\u201c namlouval jim v ned\u011bli a z\u00e1rove\u0148 avizoval, \u017ee pr\u00fd bude postupn\u011b schodek sni\u017eovat.<\/p>\n<p>Jeho v\u00fd\u0161ku se sna\u017eil h\u00e1jit t\u00edm, \u017ee chce, aby \u0161lo \u010cesko polskou cestou a co nejv\u00edce investovalo. \u201eV\u0161ichni k\u0159i\u010d\u00ed, jak\u00fd je deficit, ale my budeme deficit sni\u017eovat. Ale te\u010f je \u010das j\u00edt polskou cestou. Investovat. Pod\u00edvejte se, o kolik m\u00e1 Polsko hor\u0161\u00ed \u010d\u00edsla ne\u017e my. Ale maj\u00ed zainvestov\u00e1no,\u201c sd\u011blil Babi\u0161 a konkr\u00e9tn\u011b jmenoval investici do zdravotnick\u00fdch za\u0159\u00edzen\u00ed a dopravn\u00edch staveb.<\/p>\n<p>\u201eAbychom m\u011bli nejlep\u0161\u00ed nemocnice, abychom bojovali proti rakovin\u011b mlad\u00fdch, hrozn\u011b to roste, jsme druz\u00ed nejhor\u0161\u00ed v rakovin\u011b slinivky,\u201c podotkl. Pokud jde o dopravn\u00ed stavby, mluvil nap\u0159\u00edklad o rekonstrukci n\u011bkter\u00fdch k\u0159i\u017eovatek, v\u00fdstavb\u011b most\u016f i protihlukov\u00fdch st\u011bn a tak\u00e9 roz\u0161\u00ed\u0159en\u00ed d\u00e1lnice D1 na \u0161est pruh\u016f v jenom kr\u00e1tk\u00e9m \u00faseku. <\/p>\n<p>\u201eTak to chcete, ne? Tyto investice. Nebo to m\u00e1me v\u0161echno zastavit?\u201c polo\u017eil ot\u00e1zku. A u zm\u00ednky o d\u00e1lnici D1 si post\u011b\u017eoval na mno\u017estv\u00ed kamion\u016f, zejm\u00e9na zahrani\u010dn\u00edch. \u201eSam\u00e9 kamiony. Mimochodem, jen ka\u017ed\u00fd des\u00e1t\u00fd byl \u010desk\u00fd. Ni\u010d\u00ed n\u00e1m silnice. Mus\u00edme nav\u00fd\u0161it m\u00fdto. Volal jsem ministra Bedn\u00e1rika,\u201c vzpomn\u011bl ministra dopravy Ivana Bedn\u00e1rika za SPD. Stejn\u011b tak nazna\u010dil, \u017ee vl\u00e1da zdan\u00ed investi\u010dn\u00ed byty, tedy ty, kte\u0159\u00ed vlastn\u00ed v\u011bt\u0161\u00ed mno\u017estv\u00ed byt\u016f.<\/p>\n<p>V tomto duchu mluvil Babi\u0161 i v dal\u0161\u00ed \u010d\u00e1sti sv\u00e9ho po\u0159adu, kdy\u017e obhajoval rovn\u011b\u017e pl\u00e1novan\u00e9 zv\u00fd\u0161en\u00ed plat\u016f st\u00e1tn\u00edch zam\u011bstnanc\u016f, co\u017e rovn\u011b\u017e p\u0159isp\u011bje k vy\u0161\u0161\u00edmu schodku rozpo\u010dtu. \u201e857 tis\u00edc zam\u011bstnanc\u016f kone\u010dn\u011b dostane f\u00e9rovou a transparentn\u00ed mzdu. Investujeme do lid\u00ed. St\u00e1le nem\u00e1me re\u00e1ln\u00e9 mzdy roku 2021,\u201c tvrd\u00ed Babi\u0161.<\/p>\n<p>Babi\u0161 b\u011bhem sv\u00e9ho vystoupen\u00ed tak\u00e9 za\u00fato\u010dil na ty, kte\u0159\u00ed vl\u00e1du za v\u00fd\u0161i schodku kritizuj\u00ed. P\u0159edch\u00e1zej\u00edc\u00edho ministra financ\u00ed za ODS Zby\u0148ka Stanjuru ozna\u010dil za zlo\u010dince a st\u011b\u017eoval si, \u017ee nechal nyn\u011bj\u0161\u00ed vl\u00e1d\u011b v rozpo\u010dtu d\u00edru 95 miliard korun. \u201eU\u017e jsem dal jednou ve\u0159ejn\u00e9 finance do po\u0159\u00e1dku. Mn\u011b mus\u00edte v\u011b\u0159it. Mn\u011b,\u201c \u0159ekl Babi\u0161 a sliboval, \u017ee te\u010f je d\u00e1 postupn\u011b v \u0159\u00e1du n\u011bkolika let op\u011bt do po\u0159\u00e1dku.<\/p>\n<p>\u201eRozum\u00edte tomu, mil\u00e9 d\u011bti?\u201c zeptal se a vz\u00e1p\u011bt\u00ed si odpov\u011bd\u011bl: \u201eVy tomu rozum\u00edte. Ale ti, co to vykl\u00e1daj\u00ed, ti teoretici, ti v \u017eivot\u011b nepostavili ani ps\u00ed boudu. Ti, kte\u0159\u00ed chod\u00ed mudrovat do televiz\u00ed, bu\u010f tomu nerozum\u00ed, nebo to d\u011blaj\u00ed naschv\u00e1l,\u201c pokra\u010doval v \u00fatoku na oponenty. \u201eVys\u00e1li to. Vytunelovali to,\u201c kritizoval Fialovu vl\u00e1du.<\/p>\n<p>Za pozornost stoj\u00ed to, \u017ee b\u011bhem dvacetiminutov\u00e9ho proslovu ani jedinkr\u00e1t nezm\u00ednil sv\u00e9 koali\u010dn\u00ed partnery z SPD a Motorist\u016f. V\u016fbec se o nich nezm\u00ednil, nato\u017e aby se vyj\u00e1d\u0159il k jejich kritice rozpo\u010dtu. Tomuto t\u00e9matu se ale patrn\u011b nebude moci vyhnout hodinu p\u0159ed polednem na stanici CNN Prima News, kde bude sed\u011bt p\u0159i rozhovoru proti moder\u00e1torce Terezii Tom\u00e1nkov\u00e9. Aktu\u00e1ln\u011b.cz o tom p\u0159inese informace.<\/p>\n","protected":false},"excerpt":{"rendered":"Premi\u00e9r Andrej Babi\u0161, kter\u00fd od konce lo\u0148sk\u00e9ho roku vl\u00e1dne bez v\u011bt\u0161\u00edch probl\u00e9m\u016f s SPD a Motoristy a udr\u017euje&hellip;\n","protected":false},"author":2,"featured_media":204520,"comment_status":"","ping_status":"","sticky":false,"template":"","format":"standard","meta":{"footnotes":"","_share_on_mastodon":"0"},"categories":[7],"tags":[266,43,42,41,40],"class_list":["post-204519","post","type-post","status-publish","format-standard","has-post-thumbnail","category-cesko","tag-andrej-babis","tag-ceska-republika","tag-cesko","tag-czech-republic","tag-czechia"],"share_on_mastodon":{"url":"https:\/\/pubeurope.com\/@cz\/117223662983245836","error":""},"_links":{"self":[{"href":"https:\/\/www.europesays.com\/cz\/wp-json\/wp\/v2\/posts\/204519","targetHints":{"allow":["GET"]}}],"collection":[{"href":"https:\/\/www.europesays.com\/cz\/wp-json\/wp\/v2\/posts"}],"about":[{"href":"https:\/\/www.europesays.com\/cz\/wp-json\/wp\/v2\/types\/post"}],"author":[{"embeddable":true,"href":"https:\/\/www.europesays.com\/cz\/wp-json\/wp\/v2\/users\/2"}],"replies":[{"embeddable":true,"href":"https:\/\/www.europesays.com\/cz\/wp-json\/wp\/v2\/comments?post=204519"}],"version-history":[{"count":0,"href":"https:\/\/www.europesays.com\/cz\/wp-json\/wp\/v2\/posts\/204519\/revisions"}],"wp:featuredmedia":[{"embeddable":true,"href":"https:\/\/www.europesays.com\/cz\/wp-json\/wp\/v2\/media\/204520"}],"wp:attachment":[{"href":"https:\/\/www.europesays.com\/cz\/wp-json\/wp\/v2\/media?parent=204519"}],"wp:term":[{"taxonomy":"category","embeddable":true,"href":"https:\/\/www.europesays.com\/cz\/wp-json\/wp\/v2\/categories?post=204519"},{"taxonomy":"post_tag","embeddable":true,"href":"https:\/\/www.europesays.com\/cz\/wp-json\/wp\/v2\/tags?post=204519"}],"curies":[{"name":"wp","href":"https:\/\/api.w.org\/{rel}","templated":true}]}}