{"id":204521,"date":"2026-09-06T10:38:10","date_gmt":"2026-09-06T10:38:10","guid":{"rendered":"https:\/\/www.europesays.com\/cz\/204521\/"},"modified":"2026-09-06T10:38:10","modified_gmt":"2026-09-06T10:38:10","slug":"duchody-mohou-rust-o-vice-nez-300-korun-naznacil-babis","status":"publish","type":"post","link":"https:\/\/www.europesays.com\/cz\/204521\/","title":{"rendered":"D\u016fchody mohou r\u016fst o\u00a0v\u00edce ne\u017e 300\u00a0korun, nazna\u010dil Babi\u0161"},"content":{"rendered":"<p class=\"e_bX\">Premi\u00e9r Andrej Babi\u0161 (ANO) ve sv\u00e9m \u201esouhrnn\u00e9m hl\u00e1\u0161en\u00ed\u201c, kter\u00e9 nahr\u00e1l v\u00a0ned\u011bli na <a data-dot=\"atm-link\" target=\"_blank\" rel=\"noopener nofollow\" href=\"https:\/\/www.facebook.com\/reel\/2899951690351875?locale=cs_CZ\" class=\"e_n\">soci\u00e1ln\u00ed s\u00edt\u011b <\/a>poznamenal, \u017ee r\u016fst d\u016fchod\u016f v\u00a0lednu o\u00a0t\u0159i sta korun je\u0161t\u011b nen\u00ed fin\u00e1ln\u00ed.<\/p>\n<p class=\"e_bX\">\u201ePros\u00edm V\u00e1s d\u016fchody, nenechte se znerv\u00f3znit. N\u011bjak\u00e1 predikce 300\u00a0korun, ale my o\u00a0tom je\u0161t\u011b budeme rozhodovat. A\u00a0vl\u00e1da m\u016f\u017ee rozhodnout o\u00a0zv\u00fd\u0161en\u00ed a\u017e na 2,7\u00a0procenta, to znamen\u00e1 a\u017e 590\u00a0korun m\u011bs\u00ed\u010dn\u011b,\u201c uvedl.<\/p>\n<p class=\"e_bX\">Pro porovn\u00e1n\u00ed: v\u00a0leto\u0161n\u00edm roce rostl pr\u016fm\u011brn\u00fd d\u016fchod o\u00a0668\u00a0korun, b\u011bhem infla\u010dn\u00ed krize v\u00a0roce 2022\u00a0pak rostly d\u016fchody o\u00a02522\u00a0korun.<\/p>\n<p class=\"e_bX\">N\u00e1sledn\u011b Andrej Babi\u0161 dodal, \u017ee \u201ev ka\u017ed\u00e9m p\u0159\u00edpad\u011b budou d\u016fchody v\u00a0roce 2028\u00a0a\u00a02029\u00a0podstatn\u011b vy\u0161\u0161\u00ed.\u201c<\/p>\n<p class=\"e_bX\">Pr\u016fm\u011brn\u00fd d\u016fchod  aktu\u00e1ln\u011b v\u00a0polovin\u011b roku \u010dinn\u00ed 21\u00a0803\u00a0korun, celkov\u011b pak \u010cesk\u00e1 spr\u00e1va soci\u00e1ln\u00edho zabezpe\u010den\u00ed registruje 2,33\u00a0milion\u016f d\u016fchodc\u016f.<\/p>\n<p class=\"e_bX\">Andrej Babi\u0161 p\u0159itom \u00favod sv\u00e9ho videa v\u011bnoval schv\u00e1len\u00e9mu rozpo\u010dtu pro p\u0159\u00ed\u0161t\u00ed rok, kter\u00fd po\u010d\u00edt\u00e1 se schodkem 389\u00a0miliard korun, co\u017e je druh\u00fd nejvy\u0161\u0161\u00ed deficit po covidov\u00e9m roce 2021.<\/p>\n<p class=\"e_bX\">\u201eNev\u011b\u0159te t\u011bm, kdo v\u00e1s star\u0161\u00ed deficitem rozpo\u010dtu. \u017de je deficit vysok\u00fd? Je. Mn\u011b se taky jako nel\u00edb\u00ed ten deficit,\u201c pronesl premi\u00e9r a\u00a0n\u00e1sledn\u011b mluvil o\u00a0tom, \u017ee se investicemi bude zam\u011b\u0159ovat na sni\u017eov\u00e1n\u00ed deficitu.<\/p>\n<p class=\"e_bX\">V\u00fddaje na d\u016fchody jsou p\u0159itom nejv\u011bt\u0161\u00ed polo\u017ekou rozpo\u010dtu. Maj\u00ed meziro\u010dn\u011b vzr\u016fst o\u00a019,2\u00a0miliard.<\/p>\n","protected":false},"excerpt":{"rendered":"Premi\u00e9r Andrej Babi\u0161 (ANO) ve sv\u00e9m \u201esouhrnn\u00e9m hl\u00e1\u0161en\u00ed\u201c, kter\u00e9 nahr\u00e1l v\u00a0ned\u011bli na soci\u00e1ln\u00ed s\u00edt\u011b poznamenal, \u017ee r\u016fst d\u016fchod\u016f&hellip;\n","protected":false},"author":2,"featured_media":204522,"comment_status":"","ping_status":"","sticky":false,"template":"","format":"standard","meta":{"footnotes":"","_share_on_mastodon":"0"},"categories":[10],"tags":[266,3421,17,21,16,18,19,22,20],"class_list":["post-204521","post","type-post","status-publish","format-standard","has-post-thumbnail","category-zpravy","tag-andrej-babis","tag-duchod","tag-headlines","tag-hlavni-udalosti","tag-news","tag-top-news","tag-top-stories","tag-udalosti-dne","tag-zpravy"],"share_on_mastodon":{"url":"https:\/\/pubeurope.com\/@cz\/117223666679064486","error":""},"_links":{"self":[{"href":"https:\/\/www.europesays.com\/cz\/wp-json\/wp\/v2\/posts\/204521","targetHints":{"allow":["GET"]}}],"collection":[{"href":"https:\/\/www.europesays.com\/cz\/wp-json\/wp\/v2\/posts"}],"about":[{"href":"https:\/\/www.europesays.com\/cz\/wp-json\/wp\/v2\/types\/post"}],"author":[{"embeddable":true,"href":"https:\/\/www.europesays.com\/cz\/wp-json\/wp\/v2\/users\/2"}],"replies":[{"embeddable":true,"href":"https:\/\/www.europesays.com\/cz\/wp-json\/wp\/v2\/comments?post=204521"}],"version-history":[{"count":0,"href":"https:\/\/www.europesays.com\/cz\/wp-json\/wp\/v2\/posts\/204521\/revisions"}],"wp:featuredmedia":[{"embeddable":true,"href":"https:\/\/www.europesays.com\/cz\/wp-json\/wp\/v2\/media\/204522"}],"wp:attachment":[{"href":"https:\/\/www.europesays.com\/cz\/wp-json\/wp\/v2\/media?parent=204521"}],"wp:term":[{"taxonomy":"category","embeddable":true,"href":"https:\/\/www.europesays.com\/cz\/wp-json\/wp\/v2\/categories?post=204521"},{"taxonomy":"post_tag","embeddable":true,"href":"https:\/\/www.europesays.com\/cz\/wp-json\/wp\/v2\/tags?post=204521"}],"curies":[{"name":"wp","href":"https:\/\/api.w.org\/{rel}","templated":true}]}}