{"id":204529,"date":"2026-09-06T10:47:24","date_gmt":"2026-09-06T10:47:24","guid":{"rendered":"https:\/\/www.europesays.com\/cz\/204529\/"},"modified":"2026-09-06T10:47:24","modified_gmt":"2026-09-06T10:47:24","slug":"tragicka-nehoda-v-bojkovicich-jedna-ridicka-na-miste-zemrela-dalsi-museli-vyprostovat","status":"publish","type":"post","link":"https:\/\/www.europesays.com\/cz\/204529\/","title":{"rendered":"Tragick\u00e1 nehoda v Bojkovic\u00edch: Jedna \u0159idi\u010dka na m\u00edst\u011b zem\u0159ela, dal\u0161\u00ed museli vypro\u0161\u0165ovat"},"content":{"rendered":"<p>\n                        P\u0159i st\u0159etu dvou osobn\u00edch aut v Bojkovic\u00edch na Uherskohradi\u0161\u0165sku zem\u0159ela \u0159idi\u010dka jednoho z vozidel. \u017dena, kter\u00e1 \u0159\u00eddila druh\u00e9 vozidlo, skon\u010dila v nemocnici. Nehoda se stala v p\u00e1tek vpodve\u010der, informoval na str\u00e1nk\u00e1ch policie mluv\u010d\u00ed Petr Jaro\u0161. Okolnosti nehody se vy\u0161et\u0159uj\u00ed.\n                    <\/p>\n<p>K nehod\u011b, ke kter\u00e9 do\u0161lo okolo 18:30 v centru Bojkovic, byly vysl\u00e1ny dv\u011b jednotky profesion\u00e1ln\u00edch a dv\u011b jednotky dobrovoln\u00fdch hasi\u010d\u016f. \u201eV jednom z vozidel utrp\u011bla jedna osoba zran\u011bn\u00ed neslu\u010diteln\u00e1 se \u017eivotem, kter\u00fdm na m\u00edst\u011b podlehla. Z druh\u00e9ho havarovan\u00e9ho automobilu museli hasi\u010di za pou\u017eit\u00ed hydraulick\u00e9ho vypro\u0161\u0165ovac\u00edho za\u0159\u00edzen\u00ed vyprostit zran\u011bnou osobu,\u201c uvedl u\u017e d\u0159\u00edve pro CNN Prima NEWS <a target=\"_blank\" href=\"https:\/\/www.facebook.com\/hzszlk\/posts\/pfbid02nvvEVw885XpWSgKJx2xwsTTD9FG42dLRxgAS4RzsWpGY3qFT4k4X68hm5GLMiodml\" rel=\"nofollow noopener\">mluv\u010d\u00ed hasi\u010d\u016f<\/a> Kamil Tlu\u0161\u0165\u00e1k. Ta byla pot\u00e9 sanitkou transportov\u00e1na na urgentn\u00ed p\u0159\u00edjem do zl\u00ednsk\u00e9 Krajsk\u00e9 nemocnice T. Bati.<\/p>\n<p>\u010cT\u011aTE TAK\u00c9: <a target=\"_blank\" href=\"https:\/\/cnn.iprima.cz\/desiva-nehoda-vlaku-s-kamionem-stret-na-prejezdu-zachytila-kamera-520928\" rel=\"nofollow noopener\">R\u00e1na jako ve Stud\u00e9nce. Rychl\u00edk v Polsku smetl uv\u00edzl\u00fd kamion, n\u00e1raz zachytila kamera<\/a><\/p>\n<p>Na m\u00edsto ud\u00e1losti se dostavil \u00fazemn\u00ed \u0159\u00eddic\u00ed d\u016fstojn\u00edk, sou\u010dasn\u011b tak\u00e9 \u010dlen t\u00fdmu posttraumatick\u00e9 p\u00e9\u010de HZS Zl\u00ednsk\u00e9ho kraje, kter\u00fd poskytl prvn\u00ed psychickou pomoc \u00fa\u010dastn\u00edk\u016fm nehody i jejich rodinn\u00fdm p\u0159\u00edslu\u0161n\u00edk\u016fm.<\/p>\n<p>Po dobu z\u00e1chrann\u00fdch prac\u00ed a n\u00e1sledn\u00e9ho vy\u0161et\u0159ov\u00e1n\u00ed\u00a0nehody\u00a0byl provoz v ulici M\u00e1nesova zcela zastaven a \u0159idi\u010di byli odkl\u00e1n\u011bni na obj\u00edzdn\u00e9 trasy po m\u00edstn\u00edch komunikac\u00edch.<\/p>\n<p>\u201eP\u0159esnou p\u0159\u00ed\u010dinou nehody a dal\u0161\u00edmi okolnostmi se zab\u00fdvaj\u00ed uherskohradi\u0161\u0165\u0161t\u00ed dopravn\u00ed policist\u00e9 a kriminalist\u00e9. Podle p\u0159edb\u011b\u017en\u00fdch v\u00fdsledk\u016f \u0161et\u0159en\u00ed do\u0161lo pravd\u011bpodobn\u011b k \u010deln\u00edmu st\u0159etu vozidel pot\u00e9, co jedna z \u0159idi\u010dek z nezn\u00e1m\u00fdch p\u0159\u00ed\u010din vyjela do protism\u011bru,\u201c <a target=\"_blank\" href=\"https:\/\/policie.gov.cz\/zlinsky-kraj\/smrtelna-dopravni-nehoda\" rel=\"nofollow noopener\">doplnil <\/a>Jaro\u0161.<\/p>\n<p>MOHLO V\u00c1M UNIKNOUT: <a target=\"_blank\" href=\"https:\/\/cnn.iprima.cz\/prvni-slova-opileho-trenera-po-tragicke-nehode-u-brna-520968\" rel=\"nofollow noopener\">Prvn\u00ed slova opil\u00e9ho tren\u00e9ra po tragick\u00e9 nehod\u011b u Brna. V aut\u011b zahynulo d\u00edt\u011b, dal\u0161\u00ed se zranily<\/a><\/p>\n","protected":false},"excerpt":{"rendered":"P\u0159i st\u0159etu dvou osobn\u00edch aut v Bojkovic\u00edch na Uherskohradi\u0161\u0165sku zem\u0159ela \u0159idi\u010dka jednoho z vozidel. \u017dena, kter\u00e1 \u0159\u00eddila druh\u00e9&hellip;\n","protected":false},"author":2,"featured_media":204530,"comment_status":"","ping_status":"","sticky":false,"template":"","format":"standard","meta":{"footnotes":"","_share_on_mastodon":"0"},"categories":[7],"tags":[46364,92,43,42,41,40,12484,46485,1176,7484,7485,46486,12483,1296],"class_list":["post-204529","post","type-post","status-publish","format-standard","has-post-thumbnail","category-cesko","tag-bojkovice","tag-brno","tag-ceska-republika","tag-cesko","tag-czech-republic","tag-czechia","tag-dopravni-nehoda","tag-hasicsky-zachranny-sbor-zlinskeho-kraje","tag-havarie","tag-katastrofy","tag-nehody-a-mimoradne-udalosti","tag-okres-uherske-hradiste","tag-silnicni-nehoda","tag-zraneni"],"share_on_mastodon":{"url":"https:\/\/pubeurope.com\/@cz\/117223702788396660","error":""},"_links":{"self":[{"href":"https:\/\/www.europesays.com\/cz\/wp-json\/wp\/v2\/posts\/204529","targetHints":{"allow":["GET"]}}],"collection":[{"href":"https:\/\/www.europesays.com\/cz\/wp-json\/wp\/v2\/posts"}],"about":[{"href":"https:\/\/www.europesays.com\/cz\/wp-json\/wp\/v2\/types\/post"}],"author":[{"embeddable":true,"href":"https:\/\/www.europesays.com\/cz\/wp-json\/wp\/v2\/users\/2"}],"replies":[{"embeddable":true,"href":"https:\/\/www.europesays.com\/cz\/wp-json\/wp\/v2\/comments?post=204529"}],"version-history":[{"count":0,"href":"https:\/\/www.europesays.com\/cz\/wp-json\/wp\/v2\/posts\/204529\/revisions"}],"wp:featuredmedia":[{"embeddable":true,"href":"https:\/\/www.europesays.com\/cz\/wp-json\/wp\/v2\/media\/204530"}],"wp:attachment":[{"href":"https:\/\/www.europesays.com\/cz\/wp-json\/wp\/v2\/media?parent=204529"}],"wp:term":[{"taxonomy":"category","embeddable":true,"href":"https:\/\/www.europesays.com\/cz\/wp-json\/wp\/v2\/categories?post=204529"},{"taxonomy":"post_tag","embeddable":true,"href":"https:\/\/www.europesays.com\/cz\/wp-json\/wp\/v2\/tags?post=204529"}],"curies":[{"name":"wp","href":"https:\/\/api.w.org\/{rel}","templated":true}]}}