{"id":204541,"date":"2026-09-06T10:57:11","date_gmt":"2026-09-06T10:57:11","guid":{"rendered":"https:\/\/www.europesays.com\/cz\/204541\/"},"modified":"2026-09-06T10:57:11","modified_gmt":"2026-09-06T10:57:11","slug":"babis-nevyloucil-opetovne-zastropovani-marzi-cerpacich-stanic","status":"publish","type":"post","link":"https:\/\/www.europesays.com\/cz\/204541\/","title":{"rendered":"Babi\u0161 nevylou\u010dil op\u011btovn\u00e9 zastropov\u00e1n\u00ed mar\u017e\u00ed \u010derpac\u00edch stanic"},"content":{"rendered":"<p class=\"c_bB\">Benzin a\u00a0nafta v\u00a0\u010cesku posledn\u00ed t\u00fddny zdra\u017euj\u00ed, pr\u016fm\u011brn\u00e9 ceny nafty jsou t\u00e9m\u011b\u0159 46\u00a0korun a\u00a0benzinu Natural 65\u00a0p\u0159es 42\u00a0korun. Analytici odhaduj\u00ed, \u017ee dal\u0161\u00ed t\u00fddny budou pohonn\u00e9 hmoty kv\u016fli nap\u011bt\u00ed na Bl\u00edzk\u00e9m v\u00fdchod\u011b je\u0161t\u011b d\u00e1l zdra\u017eovat.<\/p>\n<p class=\"c_bB\">Premi\u00e9r Babi\u0161 na dotaz, zda za t\u00e9to situace vylu\u010duje zastropov\u00e1n\u00ed cen pohonn\u00fdch hmot, \u0159ekl, \u017ee nevylu\u010duje. \u201eNebudeme ale sni\u017eovat spot\u0159ebn\u00ed da\u0148,\u201c dodal Babi\u0161.<\/p>\n<p class=\"c_bB\">Vl\u00e1dn\u00ed regulace posledn\u011b platila 103\u00a0dn\u00ed od dubna do \u010dervence. Spo\u010d\u00edvala v\u00a0nastaven\u00ed maxim\u00e1ln\u00ed mar\u017ee nejprve ve v\u00fd\u0161i 2,50\u00a0korun za litr benzinu a\u00a0nafty, oproti pr\u016fm\u011bru velkoobchodn\u00edch cen. Pozd\u011bji kabinet limit zv\u00fd\u0161il na t\u0159i koruny. Ministerstvo financ\u00ed ka\u017ed\u00fd den stanovovalo maxim\u00e1ln\u00ed ceny paliv na \u010derpac\u00edch stanic\u00edch pro dal\u0161\u00ed den, s\u00a0v\u00fdjimkou pr\u00e9miov\u00fdch. Tak\u00e9 byla do\u010dasn\u011b sn\u00ed\u017eena spot\u0159ebn\u00ed da\u0148 na naftu o\u00a02,35\u00a0koruny za litr.<\/p>\n<p><a data-dot=\"atm-link\" target=\"_self\" href=\"https:\/\/www.novinky.cz\/clanek\/ekonomika-nafta-muze-zdrazit-ke-47-korunam-40595412\" class=\"c_I\" rel=\"nofollow noopener\"><img fetchpriority=\"high\" height=\"2304\" width=\"4096\" src=\"https:\/\/www.europesays.com\/cz\/wp-content\/uploads\/2026\/09\/1788692230_208_3c8f.jpeg\" loading=\"eager\" decoding=\"sync\" class=\"c_t c_r\"\/><\/a><\/p>\n<p class=\"c_bB\">Podle Babi\u0161e je nyn\u00ed probl\u00e9m v\u00a0tom, \u017ee rafinerie maj\u00ed nep\u0159im\u011b\u0159en\u011b vysok\u00e9 mar\u017ee, tzv. spready.<\/p>\n<p class=\"c_bB\">\u201eKlesly kapacity rafineri\u00ed. Mar\u017ee jim extr\u00e9mn\u011b rostou, nen\u00ed to p\u0159ijateln\u00e9, chceme se na to pod\u00edvat,\u201c dodal premi\u00e9r.<\/p>\n<p class=\"c_bB\">Zm\u00ednil, \u017ee v\u00a0regionu dominuj\u00ed dv\u011b firmy, \u010d\u00edm\u017e nar\u00e1\u017eel na polsk\u00fd Orlen a\u00a0ma\u010farsk\u00fd MOL.<\/p>\n<p><a data-dot=\"atm-link\" target=\"_self\" href=\"https:\/\/www.novinky.cz\/clanek\/ekonomika-nafta-uz-stoji-pres-46-korun-stat-o-nove-regulaci-cen-zatim-nerozhodl-40595678\" class=\"c_I\" rel=\"nofollow noopener\"><img height=\"1080\" width=\"1920\" src=\"https:\/\/www.europesays.com\/cz\/wp-content\/uploads\/2026\/09\/1788692231_579_phm-nafta-benzin-graf.png\" loading=\"eager\" decoding=\"sync\" class=\"c_t c_r\"\/><\/a><\/p>\n","protected":false},"excerpt":{"rendered":"Benzin a\u00a0nafta v\u00a0\u010cesku posledn\u00ed t\u00fddny zdra\u017euj\u00ed, pr\u016fm\u011brn\u00e9 ceny nafty jsou t\u00e9m\u011b\u0159 46\u00a0korun a\u00a0benzinu Natural 65\u00a0p\u0159es 42\u00a0korun. Analytici odhaduj\u00ed,&hellip;\n","protected":false},"author":2,"featured_media":204542,"comment_status":"","ping_status":"","sticky":false,"template":"","format":"standard","meta":{"footnotes":"","_share_on_mastodon":"0"},"categories":[7],"tags":[2621,43,42,41,40,2622,205],"class_list":["post-204541","post","type-post","status-publish","format-standard","has-post-thumbnail","category-cesko","tag-benzin","tag-ceska-republika","tag-cesko","tag-czech-republic","tag-czechia","tag-nafta","tag-ropa"],"share_on_mastodon":{"url":"https:\/\/pubeurope.com\/@cz\/117223741986916857","error":""},"_links":{"self":[{"href":"https:\/\/www.europesays.com\/cz\/wp-json\/wp\/v2\/posts\/204541","targetHints":{"allow":["GET"]}}],"collection":[{"href":"https:\/\/www.europesays.com\/cz\/wp-json\/wp\/v2\/posts"}],"about":[{"href":"https:\/\/www.europesays.com\/cz\/wp-json\/wp\/v2\/types\/post"}],"author":[{"embeddable":true,"href":"https:\/\/www.europesays.com\/cz\/wp-json\/wp\/v2\/users\/2"}],"replies":[{"embeddable":true,"href":"https:\/\/www.europesays.com\/cz\/wp-json\/wp\/v2\/comments?post=204541"}],"version-history":[{"count":0,"href":"https:\/\/www.europesays.com\/cz\/wp-json\/wp\/v2\/posts\/204541\/revisions"}],"wp:featuredmedia":[{"embeddable":true,"href":"https:\/\/www.europesays.com\/cz\/wp-json\/wp\/v2\/media\/204542"}],"wp:attachment":[{"href":"https:\/\/www.europesays.com\/cz\/wp-json\/wp\/v2\/media?parent=204541"}],"wp:term":[{"taxonomy":"category","embeddable":true,"href":"https:\/\/www.europesays.com\/cz\/wp-json\/wp\/v2\/categories?post=204541"},{"taxonomy":"post_tag","embeddable":true,"href":"https:\/\/www.europesays.com\/cz\/wp-json\/wp\/v2\/tags?post=204541"}],"curies":[{"name":"wp","href":"https:\/\/api.w.org\/{rel}","templated":true}]}}