{"id":204551,"date":"2026-09-06T11:05:09","date_gmt":"2026-09-06T11:05:09","guid":{"rendered":"https:\/\/www.europesays.com\/cz\/204551\/"},"modified":"2026-09-06T11:05:09","modified_gmt":"2026-09-06T11:05:09","slug":"witkoff-s-kushnerem-dorazili-do-kyjeva","status":"publish","type":"post","link":"https:\/\/www.europesays.com\/cz\/204551\/","title":{"rendered":"Witkoff s\u00a0Kushnerem dorazili do Kyjeva"},"content":{"rendered":"<p class=\"c_bB\">Ameri\u010dt\u00ed vyjednava\u010di by se nejprve m\u011bli sej\u00edt s\u00a0ukrajinsk\u00fdm vyjedn\u00e1vac\u00edm t\u00fdmem a\u00a0a\u017e pozd\u011bji je \u010dek\u00e1 jedn\u00e1n\u00ed p\u0159\u00edmo s\u00a0ukrajinskou hlavou st\u00e1tu Volodymyrem Zelensk\u00fdm, informuje list <a data-dot=\"atm-link\" target=\"_blank\" rel=\"noopener nofollow\" href=\"https:\/\/kyivindependent.com\/us-envoys-witkoff-kushner-arrive-in-ukraine\/\" class=\"c_I\">The Kyiv Independent<\/a>. Podle z\u00e1kulisn\u00edch zdroj\u016f se jedn\u00e1n\u00ed maj\u00ed z\u00fa\u010dastnit i\u00a0poradci pro n\u00e1rodn\u00ed bezpe\u010dnost z\u00a0N\u011bmecka, Francie a\u00a0Velk\u00e9 Brit\u00e1nie.<\/p>\n<p class=\"c_bB\">\u201eO p\u0159ibl\u00ed\u017een\u00ed konce v\u00e1lky m\u00e1me z\u00e1jem. M\u00edr je pot\u0159ebn\u00fd. Bezpe\u010dnostn\u00ed z\u00e1ruky jsou pot\u0159ebn\u00e9. Pov\u00e1le\u010dn\u00fd m\u00edr d\u016fstojn\u00e9ho charakteru je pot\u0159ebn\u00fd. Na\u0161e n\u00e1vrhy jsou p\u0159ipraven\u00e9,\u201c uvedl p\u0159ed p\u0159\u00edjezdem Witkoffa s\u00a0Kushnerem Zelenskyj.<\/p>\n<p class=\"c_bB\">Sobotn\u00ed jedn\u00e1n\u00ed v\u00a0Moskv\u011b si Ameri\u010dan\u00e9 i\u00a0Rusov\u00e9 pochvalovali jako konstruktivn\u00ed a\u00a0p\u0159\u00ednosn\u00e9. Podstatu pl\u00e1novan\u00fdch dal\u0161\u00edch krok\u016f, kter\u00e9 m\u011bli vyjednava\u010di s\u00a0Putinem probrat, ale ani jedna ze stran neup\u0159esnila.<\/p>\n<p class=\"c_bB\">P\u0159ed p\u0159\u00edjezdem americk\u00fdch vyjednava\u010d\u016f se hodn\u011b \u0159e\u0161ilo i\u00a0to, jak\u00fdm zp\u016fsobem do Kyjeva doraz\u00ed. Objevily se zpr\u00e1vy, \u017ee Witkoff cht\u011bl do Kyjeva let\u011bt, proto\u017ee dlouhou cestu vlakem shled\u00e1v\u00e1 nepohodlnou. Ukrajinsk\u00fd vzdu\u0161n\u00fd prostor je p\u0159itom od za\u010d\u00e1tku v\u00e1lky uzav\u0159en\u00fd. Nakonec Witkoff s\u00a0Kushnerem do Kyjeva dorazili vlakem z\u00a0Polska, jako v\u0161echny zahrani\u010dn\u00ed st\u00e1tn\u00ed n\u00e1v\u0161t\u011bvy, kter\u00e9 tam od za\u010d\u00e1tku invaze zam\u00ed\u0159ily.<\/p>\n<p><a data-dot=\"atm-link\" target=\"_self\" href=\"https:\/\/www.novinky.cz\/clanek\/valka-na-ukrajine-rusove-si-pochvaluji-jednani-s-witkoffem-a-kushnerem-40596262\" class=\"c_I\" rel=\"nofollow noopener\"><img fetchpriority=\"high\" height=\"540\" width=\"959\" src=\"https:\/\/www.europesays.com\/cz\/wp-content\/uploads\/2026\/09\/1788692709_390_steve-witkoff-kiril-dmitrijev-jared-kushner-moskva-rusko-usa.jpeg\" loading=\"eager\" decoding=\"sync\" class=\"c_t c_r\"\/><\/a><\/p>\n","protected":false},"excerpt":{"rendered":"Ameri\u010dt\u00ed vyjednava\u010di by se nejprve m\u011bli sej\u00edt s\u00a0ukrajinsk\u00fdm vyjedn\u00e1vac\u00edm t\u00fdmem a\u00a0a\u017e pozd\u011bji je \u010dek\u00e1 jedn\u00e1n\u00ed p\u0159\u00edmo s\u00a0ukrajinskou hlavou&hellip;\n","protected":false},"author":2,"featured_media":204552,"comment_status":"","ping_status":"","sticky":false,"template":"","format":"standard","meta":{"footnotes":"","_share_on_mastodon":"0"},"categories":[11],"tags":[212,378,1609,55,375,117,61,59,54,110,113,56,1136,166,57,53,52],"class_list":["post-204551","post","type-post","status-publish","format-standard","has-post-thumbnail","category-svet","tag-donald-trump","tag-francie","tag-jared-kushner","tag-mirova-jednani-o-ukrajine","tag-nemecko","tag-polsko","tag-rusko","tag-steve-witkoff","tag-svet","tag-ukrajina","tag-usa","tag-valka-rusko-ukrajina","tag-velka-britanie","tag-vladimir-putin","tag-volodymyr-zelenskyj","tag-world","tag-world-news"],"share_on_mastodon":{"url":"https:\/\/pubeurope.com\/@cz\/117223773319253594","error":""},"_links":{"self":[{"href":"https:\/\/www.europesays.com\/cz\/wp-json\/wp\/v2\/posts\/204551","targetHints":{"allow":["GET"]}}],"collection":[{"href":"https:\/\/www.europesays.com\/cz\/wp-json\/wp\/v2\/posts"}],"about":[{"href":"https:\/\/www.europesays.com\/cz\/wp-json\/wp\/v2\/types\/post"}],"author":[{"embeddable":true,"href":"https:\/\/www.europesays.com\/cz\/wp-json\/wp\/v2\/users\/2"}],"replies":[{"embeddable":true,"href":"https:\/\/www.europesays.com\/cz\/wp-json\/wp\/v2\/comments?post=204551"}],"version-history":[{"count":0,"href":"https:\/\/www.europesays.com\/cz\/wp-json\/wp\/v2\/posts\/204551\/revisions"}],"wp:featuredmedia":[{"embeddable":true,"href":"https:\/\/www.europesays.com\/cz\/wp-json\/wp\/v2\/media\/204552"}],"wp:attachment":[{"href":"https:\/\/www.europesays.com\/cz\/wp-json\/wp\/v2\/media?parent=204551"}],"wp:term":[{"taxonomy":"category","embeddable":true,"href":"https:\/\/www.europesays.com\/cz\/wp-json\/wp\/v2\/categories?post=204551"},{"taxonomy":"post_tag","embeddable":true,"href":"https:\/\/www.europesays.com\/cz\/wp-json\/wp\/v2\/tags?post=204551"}],"curies":[{"name":"wp","href":"https:\/\/api.w.org\/{rel}","templated":true}]}}