{"id":204553,"date":"2026-09-06T11:06:11","date_gmt":"2026-09-06T11:06:11","guid":{"rendered":"https:\/\/www.europesays.com\/cz\/204553\/"},"modified":"2026-09-06T11:06:11","modified_gmt":"2026-09-06T11:06:11","slug":"dlazdice-z-metra-a-sklenene-stoly-jak-vypada-kancelar-prazskeho-primatora","status":"publish","type":"post","link":"https:\/\/www.europesays.com\/cz\/204553\/","title":{"rendered":"Dla\u017edice z\u00a0metra a\u00a0sklen\u011bn\u00e9 stoly. Jak vypad\u00e1 kancel\u00e1\u0159 pra\u017esk\u00e9ho prim\u00e1tora"},"content":{"rendered":"<p class=\"e_bX\">Ve sv\u00fdch 82\u00a0letech je Bohuslav Svoboda nejstar\u0161\u00edm polistopadov\u00fdm prim\u00e1torem hlavn\u00edho m\u011bsta. O\u00a0znovuzvolen\u00ed se letos sna\u017eit nebude, do \u010dela kandid\u00e1tky Spolu pro Prahu se letos postavil Tom\u00e1\u0161 Portl\u00edk (oba ODS).<\/p>\n<p class=\"e_bX\">Praha za Svobodova veden\u00ed otev\u0159ela dlouho p\u0159ipravovan\u00fd Dvoreck\u00fd most nebo opravenou stanici metra B \u010ceskomoravskou.<\/p>\n<p class=\"e_bX\">Opozice Svobodu a\u00a0veden\u00ed m\u011bsta kritizovala za vysok\u00e9 p\u0159ebytky v\u00a0rozpo\u010dtu, kter\u00e9 se v\u00a0tomto volebn\u00edm obdob\u00ed pohybovaly mezi 20\u00a0a\u00a0t\u00e9m\u011b\u0159 30\u00a0miliardami korun. Pra\u017esk\u00e9 ANO argumentovalo, \u017ee m\u011bsto pot\u0159ebuje tyto pen\u00edze investovat do budouc\u00edch projekt\u016f. Jak uk\u00e1zal <a data-dot=\"atm-link\" target=\"_blank\" rel=\"noopener nofollow\" href=\"https:\/\/www.novinky.cz\/clanek\/domaci-exkluzivni-pruzkum-prazane-hodnoti-primatory-nejhur-dopadl-ten-soucasny-40583666\" class=\"e_n\">pr\u016fzkum pro Novinky.cz<\/a>, Svoboda dostal nejhor\u0161\u00ed hodnocen\u00ed z\u00a0prim\u00e1tor\u016f, kte\u0159\u00ed v\u00a0\u010dele m\u011bsta st\u00e1li za posledn\u00edch 20\u00a0let.<\/p>\n<p class=\"e_bX\">Odkud politik ODS Prahu vedl? Seznam Zpr\u00e1vy nahl\u00e9dly do jeho kancel\u00e1\u0159e.<\/p>\n<p>N\u00e1bytek p\u016fsob\u00ed f\u00f3rov\u011b, hodnot\u00ed architekt<\/p>\n<p class=\"e_bX\">Pracovna pra\u017esk\u00e9ho prim\u00e1tora se nach\u00e1z\u00ed v\u00a0Nov\u00e9 budov\u011b magistr\u00e1tu na Mari\u00e1nsk\u00e9m n\u00e1m\u011bst\u00ed. Lad\u011bna je v\u00a0modern\u00edm duchu. Sv\u011btlou m\u00edstnost s\u00a0d\u0159ev\u011bn\u00fdmi podlahami dopl\u0148uje tmav\u00fd n\u00e1bytek a\u00a0sklen\u011bn\u00e9 stoly, knihy a\u00a0spisy na\u0161ly m\u00edsto ve velk\u00e9 d\u0159ev\u011bn\u00e9 knihovn\u011b.<\/p>\n<p class=\"e_bX\">Podoba pra\u017esk\u00e9 kancel\u00e1\u0159e vznikla podle poradkyn\u011b prim\u00e1tora Hany V\u00edtkov\u00e9 na z\u00e1klad\u011b n\u00e1vrhu architektonick\u00e9ho ateli\u00e9ru. Na z\u00e1klad\u011b stejn\u00e9 koncepce byl do prostoru vybr\u00e1n i\u00a0n\u00e1bytek, kter\u00fd schv\u00e1lil osobn\u011b prim\u00e1tor Svoboda.<\/p>\n<p><img fetchpriority=\"high\" height=\"1877\"   width=\"2500\" src=\"https:\/\/www.europesays.com\/cz\/wp-content\/uploads\/2026\/09\/praha-primator-kancelar.jpeg\" loading=\"eager\" decoding=\"sync\" class=\"e_aa e_Z\"\/>Foto: Ale\u0161 Dole\u017eal<\/p>\n<p class=\"e_bX\">Sn\u00edmky Svobodovy pracovny v\u0161ak neud\u011blaly velk\u00fd dojem na architekta Rostislava \u0158\u00edhu. \u201eZ interi\u00e9ru nevyza\u0159uje \u017e\u00e1dn\u00e1 koncepce, c\u00edl, snaha o\u00a0vyvol\u00e1n\u00ed ur\u010dit\u00e9ho dojmu, atmosf\u00e9ry. V\u00a0m\u00edstnosti jsou prost\u011b n\u011bjak\u00e9 v\u011bci,\u201c hodnot\u00ed. N\u00e1bytek podle n\u011bj p\u016fsob\u00ed f\u00f3rov\u011b, za nepat\u0159i\u010dn\u00e9 pova\u017euje sklen\u011bn\u00e9 stoly. <\/p>\n<p class=\"e_bX\">Kancel\u00e1\u0159 by podle \u0158\u00edhy zaslou\u017eila lep\u0161\u00ed osv\u011btlen\u00ed. \u201eZ\u00e1kladn\u00ed pravidlo je, \u017ee v\u00a0interi\u00e9ru se umis\u0165uje nejprve z\u00e1kladn\u00ed sv\u011btlo, kter\u00e9 slou\u017e\u00ed k\u00a0orientaci a\u00a0zaji\u0161t\u011bn\u00ed v\u00fdchoz\u00ed sv\u011bteln\u00e9 hladiny, pot\u00e9 sv\u011btla, kter\u00e1 definuj\u00ed jednotliv\u00e9 prostory, a\u00a0nakonec dopl\u0148kov\u00e9 lampy sv\u00edt\u00edc\u00ed na detaily,\u201c popisuje s\u00a0t\u00edm, \u017ee pra\u017esk\u00e1 kancel\u00e1\u0159 m\u00e1 pouze hlavn\u00ed osv\u011btlen\u00ed a\u00a0jednu lampu vedle pohovky.<\/p>\n<p class=\"e_bX\">N\u011bkolik nedostatk\u016f nach\u00e1z\u00ed \u0158\u00edha tak\u00e9 v\u00a0detailech. Dojem podle n\u011bj kaz\u00ed nap\u0159\u00edklad viditeln\u00e9 kabely u\u00a0monitoru, levn\u011b vypadaj\u00edc\u00ed vyp\u00edna\u010de sv\u011btel \u010di viditeln\u00fd displej klimatizace. Kancel\u00e1\u0159 tak\u00e9 postr\u00e1d\u00e1 m\u00edsto pro jedn\u00e1n\u00ed ve dvou. \u201eKdy\u017e si prim\u00e1tor s\u00a0n\u00e1v\u0161t\u011bvou sedne do k\u0159es\u00edlek u\u00a0konferen\u010dn\u00edho stolku, bude to vypadat, \u017ee n\u011bkdo chyb\u00ed,\u201c dopl\u0148uje \u0158\u00edha.<\/p>\n<p>St\u0159\u00eddm\u00e9 dekorace <\/p>\n<p class=\"e_bX\">Kancel\u00e1\u0159 je na dekorace st\u0159\u00eddm\u00e1. Svobod\u016fv st\u016fl zdob\u00ed \u010depice a\u00a0lo\u010f v\u00a0lahvi, v\u00a0knihovn\u011b stoj\u00ed n\u011bkolik fotografi\u00ed, na zdi vis\u00ed obr\u00e1zky. Na polici pod televiz\u00ed jsou vyskl\u00e1d\u00e1na klad\u00edvka symbolizuj\u00edc\u00ed zapo\u010dat\u00e9 stavby. <\/p>\n<p class=\"e_bX\">Zaj\u00edmav\u00fd prvek najdete nad pohovkou\u00a0\u2013 zar\u00e1movan\u00fd \u201ev\u00fd\u0159ez\u201c ze st\u011bny metra. \u201eJe to symbol Prahy 20.\u00a0stolet\u00ed. Autorsk\u00e1 a\u00a0majetkov\u00e1 pr\u00e1va k\u00a0obrazu vlastn\u00ed spole\u010dnost Metroform, kter\u00e1 pe\u010duje o\u00a0odkaz autora dla\u017edic pra\u017esk\u00e9ho metra Jaroslava Otruby,\u201c vysv\u011btlila V\u00edtkov\u00e1. Magistr\u00e1t m\u00e1 od spole\u010dnosti d\u00edlo vyp\u016fj\u010den\u00e9. <\/p>\n<p><img height=\"1877\"   width=\"2500\" src=\"https:\/\/www.europesays.com\/cz\/wp-content\/uploads\/2026\/09\/praha-kancelar.jpeg\" loading=\"eager\" decoding=\"sync\" class=\"e_aa e_Z\"\/>Foto: Ale\u0161 Dole\u017eal<\/p>\n<p class=\"e_bX\">Obraz z\u00a0panelu metra.<\/p>\n<p class=\"e_bX\">Pro tematickou v\u00fdzdobu nach\u00e1z\u00ed \u0158\u00edha slova chv\u00e1ly. \u201eDekorace z\u00a0metra je vtipn\u00e1 a\u00a0fajn. Odkaz na n\u011bco lep\u0161\u00edho, co se v\u00a0Praze kdysi v\u00a0obt\u00ed\u017en\u00fdch podm\u00ednk\u00e1ch vytvo\u0159ilo, m\u00e1 i\u00a0vzhledem k\u00a0velikosti m\u00edstnosti dobr\u00e9 m\u011b\u0159\u00edtko,\u201c mysl\u00ed si. V\u00a0klad\u00edvk\u00e1ch zase vn\u00edm\u00e1 vzkaz \u201estav\u00edme, n\u011bco u\u017e je za n\u00e1mi\u201c. Oba prvky by v\u0161ak podle architekta d\u00e1valy v\u011bt\u0161\u00ed smysl, kdyby byly u\u00a0sebe.<\/p>\n<p class=\"e_bX\">Celkov\u00e9 hodnocen\u00ed ale tak pozitivn\u00ed nen\u00ed. \u201eA\u0165 se d\u00edv\u00e1m na n\u00e1bytek, barevnost, povrch, dopl\u0148ky, tak na mne \u010di\u0161\u00ed jen \u201am\u00e1me od\u0161krtnuto\u2018. Nev\u011b\u0159\u00edm, \u017ee takov\u00fd prostor m\u016f\u017ee podn\u011bcovat pozitivn\u00ed energii uvnit\u0159 a\u00a0vys\u00edlat dobr\u00e9 poselstv\u00ed navenek,\u201c shrnuje architekt. <\/p>\n<p class=\"e_bX\">Prostoru pro zlep\u0161en\u00ed vid\u00ed \u0158\u00edha mnoho. \u201eVym\u011bnit stoly za n\u011bco z\u00a0masivu v\u00a0podobn\u00e9 barv\u011b jako dve\u0159e \u010di knihovna, u\u00a0psac\u00edho stolu zakr\u00fdt p\u0159edek a\u00a0pohr\u00e1t si s\u00a0detailem, zlomit kontrast sv\u011btl\u00e9 podlahy polo\u017een\u00edm p\u00e1r lok\u00e1ln\u00edch koberc\u016f, vy\u0159e\u0161it osv\u011btlen\u00ed, vymalovat. To v\u0161e by pomohlo,\u201c vyjmenov\u00e1v\u00e1. <\/p>\n<p class=\"e_bX\">Prom\u011bna pracovny se zat\u00edm nepl\u00e1nuje. \u201ePan prim\u00e1tor vn\u00edm\u00e1 kancel\u00e1\u0159 p\u0159edev\u0161\u00edm jako pracovn\u00ed prostor, nikoli jako osobn\u00ed interi\u00e9rov\u00fd projekt. Je pro n\u011bj podstatn\u00e9, aby byla funk\u010dn\u00ed a\u00a0umo\u017e\u0148ovala ka\u017edodenn\u00ed pr\u00e1ci i\u00a0pracovn\u00ed jedn\u00e1n\u00ed. Se sou\u010dasn\u00fdm uspo\u0159\u00e1d\u00e1n\u00edm je\u00a0spokojen a\u00a0\u017e\u00e1dn\u00e9 z\u00e1sadn\u00ed zm\u011bny nepl\u00e1nuje,\u201c uv\u00e1d\u00ed V\u00edtkov\u00e1.<\/p>\n<p>Odkud se \u0159\u00edd\u00ed krajsk\u00e1 m\u011bsta?<\/p>\n<p class=\"e_bX\">Komun\u00e1ln\u00ed volby se bl\u00ed\u017e\u00ed. O\u00a0tom, jak se prom\u011bn\u00ed veden\u00ed \u010desk\u00fdch m\u011bst a\u00a0obc\u00ed, rozhodnou voli\u010di v\u00a0p\u00e1tek 9.\u00a0a\u00a0v sobotu 10.\u00a0\u0159\u00edjna 2026.\u00a0Nov\u00ed zastupitel\u00e9 statut\u00e1rn\u00edch m\u011bst n\u00e1sledn\u011b vyberou, kdo usedne na prim\u00e1torsk\u00e1 k\u0159esla. <\/p>\n<p class=\"e_bX\">Jak vypadaj\u00ed kancel\u00e1\u0159e prim\u00e1torek a\u00a0prim\u00e1tor\u016f \u010desk\u00fdch krajsk\u00fdch m\u011bst? Jak\u00fdmi barvami, n\u00e1bytkem a\u00a0dekoracemi se p\u0159i kl\u00ed\u010dov\u00fdch rozhodnut\u00edch obklopuj\u00ed? A\u00a0jak jejich vkus hodnot\u00ed odborn\u00edci? Do m\u00edst, odkud se \u0159\u00edd\u00ed nejv\u011bt\u0161\u00ed \u010desk\u00e1 m\u011bsta, nahl\u00ed\u017e\u00ed letn\u00ed seri\u00e1l Seznam Zpr\u00e1v.<\/p>\n<p class=\"e_bX\">Prohl\u00e9dn\u011bte si dal\u0161\u00ed prim\u00e1torsk\u00e9 kancel\u00e1\u0159e:<\/p>\n","protected":false},"excerpt":{"rendered":"Ve sv\u00fdch 82\u00a0letech je Bohuslav Svoboda nejstar\u0161\u00edm polistopadov\u00fdm prim\u00e1torem hlavn\u00edho m\u011bsta. O\u00a0znovuzvolen\u00ed se letos sna\u017eit nebude, do \u010dela&hellip;\n","protected":false},"author":2,"featured_media":204554,"comment_status":"","ping_status":"","sticky":false,"template":"","format":"standard","meta":{"footnotes":"","_share_on_mastodon":"0"},"categories":[7],"tags":[333,43,42,41,40,8435,99,13272],"class_list":["post-204553","post","type-post","status-publish","format-standard","has-post-thumbnail","category-cesko","tag-bohuslav-svoboda","tag-ceska-republika","tag-cesko","tag-czech-republic","tag-czechia","tag-kancelare","tag-praha","tag-primatori"],"share_on_mastodon":{"url":"https:\/\/pubeurope.com\/@cz\/117223777099141939","error":""},"_links":{"self":[{"href":"https:\/\/www.europesays.com\/cz\/wp-json\/wp\/v2\/posts\/204553","targetHints":{"allow":["GET"]}}],"collection":[{"href":"https:\/\/www.europesays.com\/cz\/wp-json\/wp\/v2\/posts"}],"about":[{"href":"https:\/\/www.europesays.com\/cz\/wp-json\/wp\/v2\/types\/post"}],"author":[{"embeddable":true,"href":"https:\/\/www.europesays.com\/cz\/wp-json\/wp\/v2\/users\/2"}],"replies":[{"embeddable":true,"href":"https:\/\/www.europesays.com\/cz\/wp-json\/wp\/v2\/comments?post=204553"}],"version-history":[{"count":0,"href":"https:\/\/www.europesays.com\/cz\/wp-json\/wp\/v2\/posts\/204553\/revisions"}],"wp:featuredmedia":[{"embeddable":true,"href":"https:\/\/www.europesays.com\/cz\/wp-json\/wp\/v2\/media\/204554"}],"wp:attachment":[{"href":"https:\/\/www.europesays.com\/cz\/wp-json\/wp\/v2\/media?parent=204553"}],"wp:term":[{"taxonomy":"category","embeddable":true,"href":"https:\/\/www.europesays.com\/cz\/wp-json\/wp\/v2\/categories?post=204553"},{"taxonomy":"post_tag","embeddable":true,"href":"https:\/\/www.europesays.com\/cz\/wp-json\/wp\/v2\/tags?post=204553"}],"curies":[{"name":"wp","href":"https:\/\/api.w.org\/{rel}","templated":true}]}}