{"id":204563,"date":"2026-09-06T11:15:10","date_gmt":"2026-09-06T11:15:10","guid":{"rendered":"https:\/\/www.europesays.com\/cz\/204563\/"},"modified":"2026-09-06T11:15:10","modified_gmt":"2026-09-06T11:15:10","slug":"ridic-na-ceskobudejovicku-vbehla-do-cesty-prasata-tri-zraneni","status":"publish","type":"post","link":"https:\/\/www.europesays.com\/cz\/204563\/","title":{"rendered":"\u0158idi\u010d na \u010ceskobud\u011bjovicku vb\u011bhla do cesty prasata, t\u0159i zran\u011bn\u00ed"},"content":{"rendered":"<p class=\"c_bB\">N\u011bkolik divok\u00fdch prasat vb\u011bhlo do j\u00edzdn\u00ed dr\u00e1hy \u0159idi\u010di Fordu na silnici z\u00a0Brani\u0161ova do \u010cesk\u00fdch Bud\u011bjovic v\u00a0sobotu po 22.\u00a0hodin\u011b. T\u0159iadvacetilet\u00fd mu\u017e u\u017e st\u0159etu nedok\u00e1zal zabr\u00e1nit.<\/p>\n<p class=\"c_bB\">\u201ePo n\u00e1razu bylo vozidlo odmr\u0161t\u011bno vpravo na betonovou v\u00fdpus\u0165, od kter\u00e9 se odrazilo a\u00a0oto\u010dilo proti sm\u011bru j\u00edzdy. N\u00e1sledn\u011b z\u016fstalo st\u00e1t,\u201c uvedl mluv\u010d\u00ed jiho\u010desk\u00e9 policie Miroslav \u0160up\u00edk.<\/p>\n<p class=\"c_bB\">K nehod\u011b vyrazily t\u0159i pos\u00e1dky jiho\u010desk\u00fdch z\u00e1chran\u00e1\u0159\u016f spole\u010dn\u011b s\u00a0l\u00e9ka\u0159em. Na m\u00edst\u011b zasahovali tak\u00e9 policist\u00e9 a\u00a0hasi\u010di.<\/p>\n<p class=\"c_bB\">Nejv\u00e1\u017en\u011bji zran\u011bn\u00fd mu\u017e z\u016fstal zakl\u00edn\u011bn\u00fd uvnit\u0159 havarovan\u00e9ho automobilu.<\/p>\n<p class=\"c_bB\">\u201eJe\u0161t\u011b ve vozidle jsme mu podali l\u00e9ky proti bolesti a\u00a0nasadili kr\u010dn\u00ed l\u00edmec. Hasi\u010d\u016fm se zhruba po 20\u00a0minut\u00e1ch poda\u0159ilo mu\u017ee vyprostit,\u201c uvedl mluv\u010d\u00ed jiho\u010desk\u00fdch z\u00e1chran\u00e1\u0159\u016f Vojt\u011bch M\u00edra.<\/p>\n<p class=\"c_bB\">L\u00e9ka\u0159 u\u00a0vypro\u0161t\u011bn\u00e9ho mu\u017ee vyslovil podez\u0159en\u00ed na v\u00e1\u017en\u00e1 mnoho\u010detn\u00e1 poran\u011bn\u00ed. Z\u00e1chran\u00e1\u0159i ho po o\u0161et\u0159en\u00ed ve stabilizovan\u00e9m stavu p\u0159evezli do \u010deskobud\u011bjovick\u00e9 nemocnice.<\/p>\n<p class=\"c_bB\">Dal\u0161\u00ed dva \u00fa\u010dastn\u00edci nehody utrp\u011bli podle z\u00e1chran\u00e1\u0159\u016f lehk\u00e1 a\u017e st\u0159edn\u011b t\u011b\u017ek\u00e1 zran\u011bn\u00ed. \u201ePo poskytnut\u00ed p\u0159ednemocni\u010dn\u00ed neodkladn\u00e9 p\u00e9\u010de jsme tak\u00e9 je p\u0159evezli do \u010deskobud\u011bjovick\u00e9 nemocnice,\u201c dodal M\u00edra.<\/p>\n<p class=\"c_bB\">\u0160koda na vozidle podle p\u0159edb\u011b\u017en\u00e9ho zji\u0161t\u011bn\u00ed policie p\u0159es\u00e1hne 80\u00a0tis\u00edc korun.<\/p>\n<p><a data-dot=\"atm-link\" target=\"_self\" href=\"https:\/\/www.novinky.cz\/clanek\/krimi-pri-hromadne-nehode-se-na-pisecku-tezce-zranil-motorkar-40596242\" class=\"c_I\" rel=\"nofollow noopener\"><img fetchpriority=\"high\" height=\"754\" width=\"1340\" src=\"https:\/\/www.europesays.com\/cz\/wp-content\/uploads\/2026\/09\/1788693310_62_nehoda-dodavka-rybnik.jpeg\" loading=\"eager\" decoding=\"sync\" class=\"c_t c_r\"\/><\/a><\/p>\n","protected":false},"excerpt":{"rendered":"N\u011bkolik divok\u00fdch prasat vb\u011bhlo do j\u00edzdn\u00ed dr\u00e1hy \u0159idi\u010di Fordu na silnici z\u00a0Brani\u0161ova do \u010cesk\u00fdch Bud\u011bjovic v\u00a0sobotu po 22.\u00a0hodin\u011b.&hellip;\n","protected":false},"author":2,"featured_media":204564,"comment_status":"","ping_status":"","sticky":false,"template":"","format":"standard","meta":{"footnotes":"","_share_on_mastodon":"0"},"categories":[7],"tags":[43,1112,42,41,40,323,3993,2021,11751,19643,4984,5397,4866],"class_list":["post-204563","post","type-post","status-publish","format-standard","has-post-thumbnail","category-cesko","tag-ceska-republika","tag-ceske-budejovice","tag-cesko","tag-czech-republic","tag-czechia","tag-dopravni-nehody","tag-integrovany-zachranny-system-izs","tag-jihocesky-kraj","tag-vyprosteni","tag-vyprostovani","tag-zachranari","tag-zachranka","tag-zdravotnicka-zachranna-sluzba-zzs"],"share_on_mastodon":{"url":"https:\/\/pubeurope.com\/@cz\/117223812760991491","error":""},"_links":{"self":[{"href":"https:\/\/www.europesays.com\/cz\/wp-json\/wp\/v2\/posts\/204563","targetHints":{"allow":["GET"]}}],"collection":[{"href":"https:\/\/www.europesays.com\/cz\/wp-json\/wp\/v2\/posts"}],"about":[{"href":"https:\/\/www.europesays.com\/cz\/wp-json\/wp\/v2\/types\/post"}],"author":[{"embeddable":true,"href":"https:\/\/www.europesays.com\/cz\/wp-json\/wp\/v2\/users\/2"}],"replies":[{"embeddable":true,"href":"https:\/\/www.europesays.com\/cz\/wp-json\/wp\/v2\/comments?post=204563"}],"version-history":[{"count":0,"href":"https:\/\/www.europesays.com\/cz\/wp-json\/wp\/v2\/posts\/204563\/revisions"}],"wp:featuredmedia":[{"embeddable":true,"href":"https:\/\/www.europesays.com\/cz\/wp-json\/wp\/v2\/media\/204564"}],"wp:attachment":[{"href":"https:\/\/www.europesays.com\/cz\/wp-json\/wp\/v2\/media?parent=204563"}],"wp:term":[{"taxonomy":"category","embeddable":true,"href":"https:\/\/www.europesays.com\/cz\/wp-json\/wp\/v2\/categories?post=204563"},{"taxonomy":"post_tag","embeddable":true,"href":"https:\/\/www.europesays.com\/cz\/wp-json\/wp\/v2\/tags?post=204563"}],"curies":[{"name":"wp","href":"https:\/\/api.w.org\/{rel}","templated":true}]}}