{"id":204567,"date":"2026-09-06T11:20:08","date_gmt":"2026-09-06T11:20:08","guid":{"rendered":"https:\/\/www.europesays.com\/cz\/204567\/"},"modified":"2026-09-06T11:20:08","modified_gmt":"2026-09-06T11:20:08","slug":"trochu-jako-v-bruggach-malkovich-ve-filmu-hraje-agenta-cia-pred-pucem-v-chile","status":"publish","type":"post","link":"https:\/\/www.europesays.com\/cz\/204567\/","title":{"rendered":"Trochu jako V\u00a0Brugg\u00e1ch. Malkovich ve filmu hraje agenta CIA p\u0159ed pu\u010dem v\u00a0Chile"},"content":{"rendered":"<p class=\"e_bX\">Dramatik, scen\u00e1rista a\u00a0re\u017eis\u00e9r McDonagh proslul origin\u00e1ln\u00edmi p\u0159\u00edb\u011bhy spojuj\u00edc\u00edmi ostr\u00e9 dialogy s\u00a0pochmurn\u00fdmi t\u00e9maty, jak\u00e9 p\u0159edvedl tak\u00e9 ve filmech V\u00a0Brugg\u00e1ch nebo T\u0159i billboardy kousek za Ebbingem. Svou \u010dernou komedii nazvanou Divok\u00fd k\u016f\u0148 Dev\u00edtka uvedl tento t\u00fdden na ben\u00e1tsk\u00e9m festivalu. \u010cesk\u00e1 kina ji za\u010dnou prom\u00edtat 5.\u00a0listopadu.<\/p>\n<p class=\"e_bX\">McDonagh \u0159\u00edk\u00e1, \u017ee p\u0159i psan\u00ed sc\u00e9n\u00e1\u0159e Divok\u00e9ho kon\u011b Dev\u00edtky nemyslel na sou\u010dasnost. P\u0159esto mezi tehdej\u0161\u00edmi ud\u00e1lostmi a\u00a0dne\u0161kem spat\u0159uje paralely. \u201eSv\u00fdm zp\u016fsobem \u017eijeme v\u00a0perfektn\u00ed dob\u011b pro film jako tenhle, proto\u017ee vid\u00edme, co CIA nebo ty hor\u0161\u00ed americk\u00e9 vl\u00e1dy d\u011blaly u\u017e d\u00e1vno,\u201c \u0159\u00edk\u00e1 re\u017eis\u00e9r.<\/p>\n<p><img fetchpriority=\"high\" height=\"1197\"   width=\"1800\" src=\"https:\/\/www.europesays.com\/cz\/wp-content\/uploads\/2026\/09\/benatky.jpeg\" loading=\"eager\" decoding=\"sync\" class=\"e_aa e_Z\"\/>Foto: Profimedia.cz<\/p>\n<p class=\"e_bX\">Film v\u00a0Ben\u00e1tk\u00e1ch uvedli p\u0159edstavitel\u00e9 hlavn\u00edch rol\u00ed John Malkovich (vlevo) a\u00a0Sam Rockwell (vpravo) s\u00a0re\u017eis\u00e9rem Martinem McDonaghem.<\/p>\n<p class=\"e_bX\">St\u00e1tn\u00edmu p\u0159evratu v\u00a0Chile z\u00a0roku 1973\u00a0p\u0159edch\u00e1zely tajn\u00e9 snahy USA zdiskreditovat socialistick\u00e9ho prezidenta Salvadora Allendeho. Toho nakonec svrhla junta veden\u00e1 gener\u00e1lem Augustem Pinochetem a\u00a0nastolila tvrdou diktaturu. Ot\u00e1zka zasahov\u00e1n\u00ed Spojen\u00fdch st\u00e1t\u016f do zahrani\u010dn\u00ed politiky dal\u0161\u00edch zem\u00ed za\u010dala b\u00fdt znovu aktu\u00e1ln\u00ed letos, kdy Washington zp\u016fsobil v\u00fdm\u011bnu v\u00a0\u010dele Venezuely a\u00a0odstartoval v\u00e1lku proti \u00cdr\u00e1nu, p\u0159i kter\u00e9 zem\u0159eli n\u011bkte\u0159\u00ed p\u0159edstavitel\u00e9 tamn\u00edho re\u017eimu.<\/p>\n<p class=\"e_bX\">Film Divok\u00fd k\u016f\u0148 Dev\u00edtka se z\u00a0v\u011bt\u0161\u00ed \u010d\u00e1sti odehr\u00e1v\u00e1 na Velikono\u010dn\u00edm ostrov\u011b, kde se st\u00e1rnouc\u00ed agenti CIA hran\u00ed Johnem Malkovichem a\u00a0Samem Rockwellem mus\u00ed vyrovnat s\u00a0d\u016fsledky sv\u00fdch krvav\u00fdch \u010din\u016f zp\u016fsoben\u00fdch v\u00a0r\u016fzn\u00fdch zem\u00edch v\u010detn\u011b USA.<\/p>\n<p class=\"e_bX\">\u201eJe to film o\u00a0vin\u011b a\u00a0l\u00edtosti,\u201c \u0159\u00edk\u00e1 re\u017eis\u00e9r McDonagh. \u201eV\u017edycky m\u011b zaj\u00edmaly americk\u00e9 p\u0159iznan\u00e9 i\u00a0tajn\u00e9 z\u00e1sahy v\u00a0zem\u00edch po cel\u00e9m sv\u011bt\u011b. P\u0159ijde mi, \u017ee se o\u00a0tom nemluv\u00ed dostate\u010dn\u011b,\u201c dod\u00e1v\u00e1.<\/p>\n<p class=\"e_bX\">Ve sn\u00edmku d\u00e1le \u00fa\u010dinkuj\u00ed Steve Buscemi, Parker Posey nebo chilsk\u00e1 here\u010dka Mariana Di Girolamo. Podle n\u00ed bude film v\u00a0jej\u00ed rodn\u00e9 zemi v\u00edce ne\u017e p\u011bt dek\u00e1d po p\u0159evratu siln\u011b rezonovat. \u201eJe d\u016fle\u017eit\u00e9 o\u00a0tom mluvit, abychom na to nezapomn\u011bli. Pro n\u00e1s v\u00a0Chile je to st\u00e1le nezahojen\u00e1 r\u00e1na, n\u011bco, co poznamenalo na\u0161e dosp\u00edv\u00e1n\u00ed,\u201c vysv\u011btluje p\u011btat\u0159icetilet\u00e1 here\u010dka zn\u00e1m\u00e1 z\u00a0filmu Ema.<\/p>\n<p class=\"e_bX\">Trailer z\u00a0filmu Divok\u00fd k\u016f\u0148 Dev\u00edtka.Video: Falcon<\/p>\n<p class=\"e_bX\">Navzdory politick\u00e9mu rozm\u011bru je ale Divok\u00fd k\u016f\u0148 Dev\u00edtka z\u00e1rove\u0148 charakterov\u00e1 studie pln\u00e1 McDonaghova typick\u00e9ho temn\u00e9ho humoru. Herci zvl\u00e1\u0161\u0165 oce\u0148uj\u00ed precizn\u011b napsan\u00fd sc\u00e9n\u00e1\u0159. \u201eD\u00e1v\u00e1 si z\u00e1le\u017eet na ka\u017ed\u00e9m slovu. Napsal to velmi pe\u010dliv\u011b, rozv\u00e1\u017en\u011b a\u00a0kr\u00e1sn\u011b,\u201c hodnot\u00ed McDonagha herec John Malkovich.<\/p>\n<p class=\"e_bX\">Divok\u00fd k\u016f\u0148 Dev\u00edtka je jedn\u00edm z\u00a021\u00a0sn\u00edmk\u016f, kter\u00e9 na Ben\u00e1tsk\u00e9m filmov\u00e9m festivalu usiluj\u00ed o\u00a0hlavn\u00ed cenu Zlat\u00fd lev. V\u00edt\u011bz bude zn\u00e1m p\u0159\u00ed\u0161t\u00ed sobotu.<\/p>\n<p class=\"e_bX\"><a data-dot=\"atm-link\" target=\"_blank\" rel=\"noopener nofollow\" href=\"https:\/\/www.theguardian.com\/film\/2026\/sep\/03\/wild-horse-nine-review-sam-rockwell-john-malkovich-martin-mcdonagh\" class=\"e_n\">Britsk\u00fd den\u00edk Guardian<\/a> novince ud\u011blil t\u0159i z\u00a0p\u011bti hv\u011bzdi\u010dek. \u201eDva mu\u017ei, trocha n\u00e1sil\u00ed a\u00a0hodn\u011b \u017evan\u011bn\u00ed. Od tohoto oscarov\u00e9ho scen\u00e1risty a\u00a0re\u017eis\u00e9ra celkem standardn\u00ed z\u00e1le\u017eitost, tentokr\u00e1t ale komedii a\u00a0\u0161arm trochu zasti\u0148uj\u00ed krev a\u00a0machismus,\u201c shrnuje kritik Peter Bradshaw, podle n\u011bj\u017e se lid\u00e9 v\u00a0kin\u011b n\u011bkolikr\u00e1t zasm\u011bj\u00ed a\u00a0p\u00e1rkr\u00e1t novinka opravdu zaz\u00e1\u0159\u00ed, celkov\u011b je ale v\u00fdsledek slab\u0161\u00ed ne\u017e re\u017eis\u00e9r\u016fv dal\u0161\u00ed film o\u00a0dvou profesion\u00e1ln\u00edch zabij\u00e1c\u00edch V\u00a0Brugg\u00e1ch z\u00a0roku 2008.<\/p>\n<p class=\"e_bX\">Se stejn\u00fdm sn\u00edmkem Divok\u00e9ho kon\u011b Dev\u00edtku srovn\u00e1v\u00e1 autor recenze <a data-dot=\"atm-link\" target=\"_blank\" rel=\"noopener nofollow\" href=\"https:\/\/www.indiewire.com\/criticism\/movies\/wild-horse-nine-movie-review-1235213912\/\" class=\"e_n\">na webu Indiewire.com<\/a>, podle n\u011bj\u017e jako by McDonagh zkou\u0161el p\u0159ev\u00e9st V\u00a0Brugg\u00e1ch do jazyka americk\u00fdch western\u016f. Film je vtipn\u00fd, re\u017eis\u00e9r i\u00a0Malkovich se p\u0159i nat\u00e1\u010den\u00ed zjevn\u011b dob\u0159e bavili a\u00a0kulisa Velikono\u010dn\u00edho ostrova skv\u011ble funguje, celek ale nep\u016fsob\u00ed p\u0159\u00edli\u0161 v\u011brohodn\u011b a\u00a0div\u00e1ci budou postupn\u011b ztr\u00e1cet z\u00e1jem o\u00a0postavy, m\u00edn\u00ed kritik. \u201eVe fin\u00e1le je to pikantn\u00ed, ale nep\u0159esv\u011bd\u010div\u00e1 satira,\u201c shrnuje recenzent.<\/p>\n","protected":false},"excerpt":{"rendered":"Dramatik, scen\u00e1rista a\u00a0re\u017eis\u00e9r McDonagh proslul origin\u00e1ln\u00edmi p\u0159\u00edb\u011bhy spojuj\u00edc\u00edmi ostr\u00e9 dialogy s\u00a0pochmurn\u00fdmi t\u00e9maty, jak\u00e9 p\u0159edvedl tak\u00e9 ve filmech V\u00a0Brugg\u00e1ch&hellip;\n","protected":false},"author":2,"featured_media":204568,"comment_status":"","ping_status":"","sticky":false,"template":"","format":"standard","meta":{"footnotes":"","_share_on_mastodon":"0"},"categories":[14],"tags":[20833,79,3171,1093,46491,46493,46492,80],"class_list":["post-204567","post","type-post","status-publish","format-standard","has-post-thumbnail","category-zabava","tag-benatsky-filmovy-festival","tag-entertainment","tag-filmove-festivaly","tag-filmy","tag-john-malkovich","tag-martin-mcdonagh","tag-sam-rockwell","tag-zabava"],"share_on_mastodon":{"url":"https:\/\/pubeurope.com\/@cz\/117223832300501990","error":""},"_links":{"self":[{"href":"https:\/\/www.europesays.com\/cz\/wp-json\/wp\/v2\/posts\/204567","targetHints":{"allow":["GET"]}}],"collection":[{"href":"https:\/\/www.europesays.com\/cz\/wp-json\/wp\/v2\/posts"}],"about":[{"href":"https:\/\/www.europesays.com\/cz\/wp-json\/wp\/v2\/types\/post"}],"author":[{"embeddable":true,"href":"https:\/\/www.europesays.com\/cz\/wp-json\/wp\/v2\/users\/2"}],"replies":[{"embeddable":true,"href":"https:\/\/www.europesays.com\/cz\/wp-json\/wp\/v2\/comments?post=204567"}],"version-history":[{"count":0,"href":"https:\/\/www.europesays.com\/cz\/wp-json\/wp\/v2\/posts\/204567\/revisions"}],"wp:featuredmedia":[{"embeddable":true,"href":"https:\/\/www.europesays.com\/cz\/wp-json\/wp\/v2\/media\/204568"}],"wp:attachment":[{"href":"https:\/\/www.europesays.com\/cz\/wp-json\/wp\/v2\/media?parent=204567"}],"wp:term":[{"taxonomy":"category","embeddable":true,"href":"https:\/\/www.europesays.com\/cz\/wp-json\/wp\/v2\/categories?post=204567"},{"taxonomy":"post_tag","embeddable":true,"href":"https:\/\/www.europesays.com\/cz\/wp-json\/wp\/v2\/tags?post=204567"}],"curies":[{"name":"wp","href":"https:\/\/api.w.org\/{rel}","templated":true}]}}