{"id":204571,"date":"2026-09-06T11:24:08","date_gmt":"2026-09-06T11:24:08","guid":{"rendered":"https:\/\/www.europesays.com\/cz\/204571\/"},"modified":"2026-09-06T11:24:08","modified_gmt":"2026-09-06T11:24:08","slug":"tragicka-nehoda-na-d5-dva-mladici-sjeli-z-dalnice-a-spadli-z-mostku-idnes-cz","status":"publish","type":"post","link":"https:\/\/www.europesays.com\/cz\/204571\/","title":{"rendered":"Tragick\u00e1 nehoda na D5. Dva mlad\u00edci sjeli z d\u00e1lnice a spadli z mostku &#8211; iDNES.cz"},"content":{"rendered":"<p><a href=\"https:\/\/news.google.com\/rss\/articles\/CBMitAFBVV95cUxNRnFyeUk0eTd0ZXgxMUI4djhObW1rLTN6LWE4SW1mVTgteTZsVVk3ankxVDBUQUhYQTdjX0ttemhjVm45S2V4WjVBLXJMUzJjQnhTUmJ5VjV5OG1jdTJDRVlVS2tQV1Z4bU9naW9TRTBzblBCMlJBQ1o5RXE1TVdwSjBwS3ViV2V6bHZ3ZWdWOUMtbmU3MXc5bDREaDlKSFg0WmNhZnhrTWdwbGRPQllfYURtajE?oc=5\" target=\"_blank\" rel=\"nofollow noopener\">Tragick\u00e1 nehoda na D5. Dva mlad\u00edci sjeli z d\u00e1lnice a spadli z mostku<\/a>&nbsp;&nbsp;iDNES.cz<a href=\"https:\/\/news.google.com\/rss\/articles\/CBMiswFBVV95cUxNTlc1QTFHQ1Y5S2lqMFZ4cUY5dGlmZnl3bk50d0J6R2I3T25CQVRELXhtMEg4Nkp6akJsOTNobkp6RFkwOGZBRXFnQ1RIbEJUcG1sTWhzcl9aanVteHRPMkg0NG9md1RJV04yZTFHNkpuN0tINW5ia0oteXY2M2lXdkoyT3FnSHd0d3dIczNNc2FxMTlLdTN0ZF9qaHlFTWZycjZvaFVlei1yZm43N2o0Z2otaw?oc=5\" target=\"_blank\" rel=\"nofollow noopener\">Dod\u00e1vka na Rokycansku vylet\u011bla z d\u00e1lnice a spadla z mostku. Dva mrtv\u00ed<\/a>&nbsp;&nbsp;novinky.cz<a href=\"https:\/\/news.google.com\/rss\/articles\/CBMiswFBVV95cUxOQm1rTDZmU3FJQ0xUMXNqS0NTV3pMdnNpSDUwbGhSdHpHLU5meXZVUDlDdlVON2Y1UVg5ZzdIekpVQjRtRHBBTFNfRmZOaE1qX2paaUI1UmVUb0hzYmpGUU82Q3hWNmJLdWdYWGhMdUdIQVFLRnQtQTBMRktHVVVaT3RuR1VaN21RYkZ0MzJrbHdmd2pEMkpYa1ZsTW9MY21RMHlpVExMMHdrRDhyN2VyZWFpNA?oc=5\" target=\"_blank\" rel=\"nofollow noopener\">Trag\u00e9die na D5: Zem\u0159el 19let\u00fd \u0159idi\u010d i jeho o rok star\u0161\u00ed spolujezdec<\/a>&nbsp;&nbsp;TN.cz<a href=\"https:\/\/news.google.com\/rss\/articles\/CBMinwFBVV95cUxNTlhyLU9pb2J3M3VhV0tybUlZV2dUQ3BIQThSX3BDTGV1aGxFOEJfaUVVVUNLTEJpaTUzNDBWM0hEbHlvNzRRSVRrZFB3b0cxZUtlZWIwVXE2VjBOSkNEaWtWVGxBeUFIUGVZb3dTY3BTTVNKbXBxSXphTHJqa1dtVVNLekVzanNnaHVGbHE0RkdqUlBHNFRiV1F5anM2bVk?oc=5\" target=\"_blank\" rel=\"nofollow noopener\">Tragick\u00e1 nehoda u Rokycan: Zem\u0159eli dva mlad\u00edci, jejich auto se z\u0159\u00edtilo z mostu<\/a>&nbsp;&nbsp;CNN Prima NEWS<a href=\"https:\/\/news.google.com\/rss\/articles\/CBMikgFBVV95cUxOVC13YVRpM0RVZlZfT0pqWG1qc3FmOWhSX2QzU1lDVUtPWUVEdHJjdU56dGdoclNVNzJSZ3ZlSWxVQWlUa1Q0Tkh4aEthSnM5dThFOUFvQmV3OTlERlJ6SGRSaHptN3pFZUIwTThQbkg1ejgydTQwdFpuVEZEQzFYTnlTLWV1TTF3TldUS1JmTm9lZw?oc=5\" target=\"_blank\" rel=\"nofollow noopener\">Trag\u00e9die na d\u00e1lnici na Prahu: v aut\u011b se zabili dva mlad\u00edci, v\u016fz spadl z mostku<\/a>&nbsp;&nbsp;Echo24<\/p>\n","protected":false},"excerpt":{"rendered":"Tragick\u00e1 nehoda na D5. Dva mlad\u00edci sjeli z d\u00e1lnice a spadli z mostku&nbsp;&nbsp;iDNES.czDod\u00e1vka na Rokycansku vylet\u011bla z d\u00e1lnice&hellip;\n","protected":false},"author":2,"featured_media":204572,"comment_status":"","ping_status":"","sticky":false,"template":"","format":"standard","meta":{"footnotes":"","_share_on_mastodon":"0"},"categories":[7],"tags":[43,42,41,40,747,7082,1176,24783],"class_list":["post-204571","post","type-post","status-publish","format-standard","has-post-thumbnail","category-cesko","tag-ceska-republika","tag-cesko","tag-czech-republic","tag-czechia","tag-dalnice","tag-dalnice-d5","tag-havarie","tag-rokycany"],"share_on_mastodon":{"url":"https:\/\/pubeurope.com\/@cz\/117223847765070915","error":""},"_links":{"self":[{"href":"https:\/\/www.europesays.com\/cz\/wp-json\/wp\/v2\/posts\/204571","targetHints":{"allow":["GET"]}}],"collection":[{"href":"https:\/\/www.europesays.com\/cz\/wp-json\/wp\/v2\/posts"}],"about":[{"href":"https:\/\/www.europesays.com\/cz\/wp-json\/wp\/v2\/types\/post"}],"author":[{"embeddable":true,"href":"https:\/\/www.europesays.com\/cz\/wp-json\/wp\/v2\/users\/2"}],"replies":[{"embeddable":true,"href":"https:\/\/www.europesays.com\/cz\/wp-json\/wp\/v2\/comments?post=204571"}],"version-history":[{"count":0,"href":"https:\/\/www.europesays.com\/cz\/wp-json\/wp\/v2\/posts\/204571\/revisions"}],"wp:featuredmedia":[{"embeddable":true,"href":"https:\/\/www.europesays.com\/cz\/wp-json\/wp\/v2\/media\/204572"}],"wp:attachment":[{"href":"https:\/\/www.europesays.com\/cz\/wp-json\/wp\/v2\/media?parent=204571"}],"wp:term":[{"taxonomy":"category","embeddable":true,"href":"https:\/\/www.europesays.com\/cz\/wp-json\/wp\/v2\/categories?post=204571"},{"taxonomy":"post_tag","embeddable":true,"href":"https:\/\/www.europesays.com\/cz\/wp-json\/wp\/v2\/tags?post=204571"}],"curies":[{"name":"wp","href":"https:\/\/api.w.org\/{rel}","templated":true}]}}