{"id":204581,"date":"2026-09-06T11:38:17","date_gmt":"2026-09-06T11:38:17","guid":{"rendered":"https:\/\/www.europesays.com\/cz\/204581\/"},"modified":"2026-09-06T11:38:17","modified_gmt":"2026-09-06T11:38:17","slug":"smrt-v-rodine-vemolovych-zdrcujici-odchod-pro-karlose-ahaonline-cz","status":"publish","type":"post","link":"https:\/\/www.europesays.com\/cz\/204581\/","title":{"rendered":"Smrt v rodin\u011b V\u00e9molov\u00fdch: Zdrcuj\u00edc\u00ed odchod pro Karlose &#8211; Ahaonline.cz"},"content":{"rendered":"<p><a href=\"https:\/\/news.google.com\/rss\/articles\/CBMirAFBVV95cUxQZldhallqRm54ZVdwTlFqcnJhLXdjMV9yVG92akg4UlBpX0F6aGdBVGNiX2hYN3ljR2FvMWp5WUpGZjFNRFgxYlZjMndxV3p2WmNMWDlua09zZTJNb3VkZmFOZGloNHBrb1NrOTZ5VnRmbjJfTE52UHBaSTlJSmpXaWpwb0xBaDkwZ0pIek1NRFY3dEsxOFVZeHE5RVMzZHU1dmZKQklJT0Q5TVBk?oc=5\" target=\"_blank\" rel=\"nofollow noopener\">Smrt v rodin\u011b V\u00e9molov\u00fdch: Zdrcuj\u00edc\u00ed odchod pro Karlose<\/a>&nbsp;&nbsp;Ahaonline.cz<a href=\"https:\/\/news.google.com\/rss\/articles\/CBMisAFBVV95cUxPTHVsa2J4dHRQR2JaTUFrYVBsNXpRZmYwNkp2NDdQM2tMdHdVUTYzWS01VUg3VGtHaUNfLUpyS1JZaDAxbHBEdHFfOVh6WUVwNWtFeWtJVDREWi11VDdvcDJoR2Z5dWVqbUQ1SkxQaERQU2trT1JqWWlRelhxOHpzYzhEcmRQSURPZVNvVUt2OXpkYlhZV3lBWERmSi1UVDNuVUVJYzdTaS10bEliSjZoZw?oc=5\" target=\"_blank\" rel=\"nofollow noopener\">Srdcervouc\u00ed r\u00e1na pro V\u00e9molu. Nav\u017edy se lou\u010d\u00ed s milovan\u00fdm \u010dlenem V\u00e9molandu<\/a>&nbsp;&nbsp;TN.cz<a href=\"https:\/\/news.google.com\/rss\/articles\/CBMivgFBVV95cUxPN2s3LVVDQXNfU092VEF4VXNMYnZPbTZla3lTLTFSNGNDREF2aGZqZGk4bTRWaFRkcWpzeHJ4dE8tSzVVVzZtN3I5UGZ3VU1GaGxiNW1YWVB0R1ZJemtYVHFVaDJ2MjlzNFBzanJMejA0enNyNFdGMFNqZ3ZYekNoY3VEd1NiaXVjbllrRENUWVVnUThodDF4cExONXNBVGwzVTVyTi0xdWRONlMtMnBva09XanRCb0puQm95ZW1n?oc=5\" target=\"_blank\" rel=\"nofollow noopener\">V\u00e9molu p\u0159ed n\u00e1vratem zas\u00e1hla smutn\u00e1 zpr\u00e1va. Rozlou\u010dil se se sv\u00fdm dlouholet\u00fdm par\u0165\u00e1kem<\/a>&nbsp;&nbsp;centrum.cz<a href=\"https:\/\/news.google.com\/rss\/articles\/CBMiwAFBVV95cUxNLVltTElMTmJZd0tOUVNoYlNoTk9rcDVqT1g5QW5PMmNRSThoel9QTDM5bmlUVjY1TE1rN1pGZmZ5VmVNdGNuQ0FhdGdaUVh5SUotYjZZNzNNVVYyNU4xeDFkbkhBU2tOTnB0dTltR0FEcW85eTNPbVVydXoxOVdBc1hrUkh3T29QaWpVOUZ3cENTRk5ibjhnYS1TMVlGWmVPMmFrX05oT0p0dS1DODNGREV0Q1cyZngxNDdwdVVydlU?oc=5\" target=\"_blank\" rel=\"nofollow noopener\">Karlos V\u00e9mola v slz\u00e1ch: Po odebr\u00e1n\u00ed lvice schytal dal\u0161\u00ed r\u00e1nu. P\u0159i\u0161el o milovan\u00e9ho \u010dlena rodiny<\/a>&nbsp;&nbsp;Extra.cz<a href=\"https:\/\/news.google.com\/rss\/articles\/CBMikwFBVV95cUxOV044ZVFUd205TU9wcXRJeXozYk9xUnB3WDhDNWpKUElwX2dPekZtaHZRcjBwRUMxVlBPYjJobE5vLVZkemJTcVExZnlZODdMOEpnWXhUaWVaV3JDcW9RWEFtOXI0azZGUV85VVl5YjgweDctUE9vUVBTUHBvVVR5bGpBMmpmdjl2eXota2V4bklDUjg?oc=5\" target=\"_blank\" rel=\"nofollow noopener\">Osud ho bohu\u017eel v\u016fbec ne\u0161et\u0159\u00ed! V\u00e9mola dostal dal\u0161\u00ed bolestivou r\u00e1nu<\/a>&nbsp;&nbsp;mmashorties.cz<\/p>\n","protected":false},"excerpt":{"rendered":"Smrt v rodin\u011b V\u00e9molov\u00fdch: Zdrcuj\u00edc\u00ed odchod pro Karlose&nbsp;&nbsp;Ahaonline.czSrdcervouc\u00ed r\u00e1na pro V\u00e9molu. Nav\u017edy se lou\u010d\u00ed s milovan\u00fdm \u010dlenem V\u00e9molandu&nbsp;&nbsp;TN.czV\u00e9molu&hellip;\n","protected":false},"author":2,"featured_media":204582,"comment_status":"","ping_status":"","sticky":false,"template":"","format":"standard","meta":{"footnotes":"","_share_on_mastodon":"0"},"categories":[15],"tags":[1801,1800,873,651,8511,94,93,163],"class_list":["post-204581","post","type-post","status-publish","format-standard","has-post-thumbnail","category-sport","tag-karlos-vemola","tag-lela-vemola","tag-pes","tag-rodina","tag-socialni-sit","tag-sport","tag-sports","tag-zhave-drby"],"share_on_mastodon":{"url":"https:\/\/pubeurope.com\/@cz\/117223902859041550","error":""},"_links":{"self":[{"href":"https:\/\/www.europesays.com\/cz\/wp-json\/wp\/v2\/posts\/204581","targetHints":{"allow":["GET"]}}],"collection":[{"href":"https:\/\/www.europesays.com\/cz\/wp-json\/wp\/v2\/posts"}],"about":[{"href":"https:\/\/www.europesays.com\/cz\/wp-json\/wp\/v2\/types\/post"}],"author":[{"embeddable":true,"href":"https:\/\/www.europesays.com\/cz\/wp-json\/wp\/v2\/users\/2"}],"replies":[{"embeddable":true,"href":"https:\/\/www.europesays.com\/cz\/wp-json\/wp\/v2\/comments?post=204581"}],"version-history":[{"count":0,"href":"https:\/\/www.europesays.com\/cz\/wp-json\/wp\/v2\/posts\/204581\/revisions"}],"wp:featuredmedia":[{"embeddable":true,"href":"https:\/\/www.europesays.com\/cz\/wp-json\/wp\/v2\/media\/204582"}],"wp:attachment":[{"href":"https:\/\/www.europesays.com\/cz\/wp-json\/wp\/v2\/media?parent=204581"}],"wp:term":[{"taxonomy":"category","embeddable":true,"href":"https:\/\/www.europesays.com\/cz\/wp-json\/wp\/v2\/categories?post=204581"},{"taxonomy":"post_tag","embeddable":true,"href":"https:\/\/www.europesays.com\/cz\/wp-json\/wp\/v2\/tags?post=204581"}],"curies":[{"name":"wp","href":"https:\/\/api.w.org\/{rel}","templated":true}]}}