{"id":204591,"date":"2026-09-06T11:52:07","date_gmt":"2026-09-06T11:52:07","guid":{"rendered":"https:\/\/www.europesays.com\/cz\/204591\/"},"modified":"2026-09-06T11:52:07","modified_gmt":"2026-09-06T11:52:07","slug":"babis-o-motoristech-mame-dobre-lidske-vztahy-ale-nechci-se-k-nim-vyjadrovat-idnes-cz","status":"publish","type":"post","link":"https:\/\/www.europesays.com\/cz\/204591\/","title":{"rendered":"Babi\u0161 o Motoristech: M\u00e1me dobr\u00e9 lidsk\u00e9 vztahy, ale nechci se k nim vyjad\u0159ovat &#8211; iDNES.cz"},"content":{"rendered":"<p><a href=\"https:\/\/news.google.com\/rss\/articles\/CBMi7AFBVV95cUxQWXdFZFJCNEk2V2pqY19ldVFqeUEycGEwYk5ZNUlKLVp2U3VIdklOelZYN3o0RmdOZXBfaGZmaVBmZU10cEhhX2V2VXZzMXZTNk1GTmZ1RkRsWENadkEwWERNVXhTSU1BUTVVQTN0OXdwUGZfQUd1U0xKdUlOLS1uWGxVZ3RwWGxSYW5tdnAtdmRzQWgtNkJNemxqcW9TT0VKRnZMaDJvQzFVcVRoV0oxR2RMWDV3eVd5MTkzclJnVWhNaml5bUN6V2VpUWFtR1Bhc3QwUERmd1dfOE5nX0RfT3RnU2ppWmFtdHNIZQ?oc=5\" target=\"_blank\" rel=\"nofollow noopener\">Babi\u0161 o Motoristech: M\u00e1me dobr\u00e9 lidsk\u00e9 vztahy, ale nechci se k nim vyjad\u0159ovat<\/a>&nbsp;&nbsp;iDNES.cz<a href=\"https:\/\/news.google.com\/rss\/articles\/CBMiugFBVV95cUxQWEhDSEtLcDlXM01tYVdzY2hQYTdMUGMxZXJ0bkR3MXJQcE40WUJjb2NrZmlLUTdBOHBSQ3VmaEY4M3NRMkh5R3NwS0FoUVlKYVEtN0xIXzlkQzFjOV9yMjduTTlLSmpCbTRZWHhJX00yTzllMmhsT0MycXNuVEktTmpMaW1vT29aYWxadkQ5d3lPTWF3UjlUNDRMM3RJaDRVQVdmSHQzeG43bXlBcmRVTU1IM040ZFo1amc?oc=5\" target=\"_blank\" rel=\"nofollow noopener\">\u201eM\u00e1me na to slu\u017eby, ne n\u011bjak\u00e9ho magora Folt\u00fdna.\u201c B&#8230;<\/a>&nbsp;&nbsp;forum 24<a href=\"https:\/\/news.google.com\/rss\/articles\/CBMitAFBVV95cUxPRjdWQ19qOS04UHNoLTRXQzJOaG1VcDh2U0J0X21lUURzNS05TU9LazdkQ191eFdlRncxWkpGbXUyeU1wNVF5aWx6SFFhUkZJdklpaGhocWRsNHo3cW9HcVcxYkpxcWNzWER2Sjhqa0ZNM0M2R0RFb1JZY29kZmZydm1rWEZsYlJRb3hJYVJjVnVmcjk2LVhJaVNMb1BOOEcxeXd3SnpYN0RsZldpaExMN0tMXzQ?oc=5\" target=\"_blank\" rel=\"nofollow noopener\">Sledujte Partii: Premi\u00e9r Babi\u0161 doraz\u00ed exkluzivn\u011b do studia. \u0158e\u010d bude o st\u00e1tn\u00edm rozpo\u010dtu<\/a>&nbsp;&nbsp;CNN Prima NEWS<a href=\"https:\/\/news.google.com\/rss\/articles\/CBMi4AFBVV95cUxPblVFMFNDOGZwNktJekE2bzRhZTZRbUdhVC1QQzhPQTRXM2VOWEJGTExadmJQdlZJZFdEQWYwb2tsbnlja1JTdXcxNDZYRk5JdTNSN1RzdVdHQkt5R2FnRm1xOE9SNjdnS05VaGd4cEpEZnJYVWRaU2IzajktaFA4ai11ajZKN2ZMUXVjb21YTWxsQlJ2OFZFUzhXVnhyS09QZHIzUXd1SGg0M3FEU0wtVHhvZFBNY0I3OVExZHVVdHJ1WThBQVBvQ1A2eDN5TnRkRUJiRlNsTk9qMUJiQjlnV9IB5gFBVV95cUxPcXRUQVczNWd0dW9FbWlFVnR1WUM2a2hrUzdpTlp3ekxGbGMyWEZRVWtBRWx0YmhVRkN4OFVodWotdHVlOTVRamhLSUR6VDlTcUlUMmdqQV8tNUYzZkpVcFJSQXM0WFY3bzZ4cVdsb2dMRVpNZ3kyN1N2UXR6T0FXbXBvNXJIaDRlb0t5ejdqWkdJS0JiNmhqNFluSjJpMl9BUUl1eHNWVEVMN0EtVWpNR1N6X2R2SGhZNm0yTGNsOFBhVVFEMjVXWlp0SXk5Z0ZqdEEyZ0lQdnplbHBmb19RVDJ4MUE5QQ?oc=5\" target=\"_blank\" rel=\"nofollow noopener\">Babi\u0161 o Macinkov\u011b pr\u016f\u0161vihu se zakuklencem: \u201eJe to jeho v\u011bc!\u201c A \u201esjel\u201c ho za slova o Turkov\u011b nehod\u011b<\/a>&nbsp;&nbsp;www.prahanadlani.cz<a href=\"https:\/\/news.google.com\/rss\/articles\/CBMi3wFBVV95cUxPOFo0NVljZElLRDhsMlF5N1h5VHBvdUxYZS05WkpjLUoyd2hfdDM2cUlBVXEyZlZfbEJJS0I4VUdlRW1SWlp5Tzh1cGdUT2JvdmNOU3NVVnVmSGxMdldmR3FxdTYyRS00ZnhaLTEwT0xIUjJCTFY1aC1ybG1INFl3a21BWnNfaHdjMFg0c3BlNHI1LXJHNVBrVXd5aW9GZ25zRkJtNkhPUjJBcmdPZDExTkxJSUdyLWRvUHlmYjgtcEViTHotazlqWmJoMlh2bnUxVEVobXNOTXR0bXhlaW9r?oc=5\" target=\"_blank\" rel=\"nofollow noopener\">Babi\u0161 o Macinkovi: Nep\u0159ijde mi to norm\u00e1ln\u00ed. Vyrovnan\u00fd rozpo\u010det je nesmysl. Glosovali jsme \u017eiv\u011b<\/a>&nbsp;&nbsp;Reflex.cz<\/p>\n","protected":false},"excerpt":{"rendered":"Babi\u0161 o Motoristech: M\u00e1me dobr\u00e9 lidsk\u00e9 vztahy, ale nechci se k nim vyjad\u0159ovat&nbsp;&nbsp;iDNES.cz\u201eM\u00e1me na to slu\u017eby, ne n\u011bjak\u00e9ho&hellip;\n","protected":false},"author":2,"featured_media":204592,"comment_status":"","ping_status":"","sticky":false,"template":"","format":"standard","meta":{"footnotes":"","_share_on_mastodon":"0"},"categories":[7],"tags":[266,43,42,41,40,561],"class_list":["post-204591","post","type-post","status-publish","format-standard","has-post-thumbnail","category-cesko","tag-andrej-babis","tag-ceska-republika","tag-cesko","tag-czech-republic","tag-czechia","tag-hnuti-ano"],"share_on_mastodon":{"url":"https:\/\/pubeurope.com\/@cz\/117223957746131428","error":""},"_links":{"self":[{"href":"https:\/\/www.europesays.com\/cz\/wp-json\/wp\/v2\/posts\/204591","targetHints":{"allow":["GET"]}}],"collection":[{"href":"https:\/\/www.europesays.com\/cz\/wp-json\/wp\/v2\/posts"}],"about":[{"href":"https:\/\/www.europesays.com\/cz\/wp-json\/wp\/v2\/types\/post"}],"author":[{"embeddable":true,"href":"https:\/\/www.europesays.com\/cz\/wp-json\/wp\/v2\/users\/2"}],"replies":[{"embeddable":true,"href":"https:\/\/www.europesays.com\/cz\/wp-json\/wp\/v2\/comments?post=204591"}],"version-history":[{"count":0,"href":"https:\/\/www.europesays.com\/cz\/wp-json\/wp\/v2\/posts\/204591\/revisions"}],"wp:featuredmedia":[{"embeddable":true,"href":"https:\/\/www.europesays.com\/cz\/wp-json\/wp\/v2\/media\/204592"}],"wp:attachment":[{"href":"https:\/\/www.europesays.com\/cz\/wp-json\/wp\/v2\/media?parent=204591"}],"wp:term":[{"taxonomy":"category","embeddable":true,"href":"https:\/\/www.europesays.com\/cz\/wp-json\/wp\/v2\/categories?post=204591"},{"taxonomy":"post_tag","embeddable":true,"href":"https:\/\/www.europesays.com\/cz\/wp-json\/wp\/v2\/tags?post=204591"}],"curies":[{"name":"wp","href":"https:\/\/api.w.org\/{rel}","templated":true}]}}