{"id":204601,"date":"2026-09-06T12:02:19","date_gmt":"2026-09-06T12:02:19","guid":{"rendered":"https:\/\/www.europesays.com\/cz\/204601\/"},"modified":"2026-09-06T12:02:19","modified_gmt":"2026-09-06T12:02:19","slug":"dvojita-bolest-na-pohrbu-syna-neckare-slzy-nejen-za-vaclava","status":"publish","type":"post","link":"https:\/\/www.europesays.com\/cz\/204601\/","title":{"rendered":"Dvojit\u00e1 bolest na poh\u0159bu syna Neck\u00e1\u0159e: Slzy nejen za V\u00e1clava"},"content":{"rendered":"<p class=\"isSelectedEnd\">Posledn\u00ed rozlou\u010den\u00ed s V\u00e1clavem <a class=\"celebrity celebwiki\" href=\"https:\/\/celebwiki.blesk.cz\/osobnost\/6930\/jan-neckar\/\" target=\"_blank\" rel=\"nofollow noopener\">Neck\u00e1\u0159em<\/a> mlad\u0161\u00edm se uskute\u010dnilo v kostele C\u00edrkve \u010deskoslovensk\u00e9 husitsk\u00e9 v pra\u017esk\u00fdch Vr\u0161ovic\u00edch. P\u0159i\u0161la rodina i bl\u00edzc\u00ed p\u0159\u00e1tel\u00e9 a nechyb\u011bly kv\u011btiny a smute\u010dn\u00ed v\u011bnce.<\/p>\n<p class=\"isSelectedEnd\">\u201eS vd\u011b\u010dnost\u00ed za to, \u017ee byl, \u017ee jsme ho znali, za l\u00e1sku, kterou mezi n\u00e1mi rozd\u00e1val, oznamujeme, \u017ee 24. srpna byl milostiv\u00fdm Bohem z tohoto sv\u011bta odvol\u00e1n V\u00e1clav Neck\u00e1\u0159 mlad\u0161\u00ed,\u201c st\u00e1lo na smute\u010dn\u00edm ozn\u00e1men\u00ed.<\/p>\n<p class=\"isSelectedEnd\">Syn slavn\u00e9ho zp\u011bv\u00e1ka zem\u0159el po rychle postupuj\u00edc\u00ed infekci. Je\u0161t\u011b kr\u00e1tce p\u0159edt\u00edm pracoval po boku sv\u00e9ho otce. B\u011bhem let pro n\u011bj nebyl jen synem, ale tak\u00e9 bl\u00edzk\u00fdm spolupracovn\u00edkem a zvuka\u0159em. Po Neck\u00e1\u0159ov\u011b mozkov\u00e9 mrtvici v roce 2002 mu nav\u00edc pom\u00e1hal s n\u00e1vratem na koncertn\u00ed p\u00f3dia.<\/p>\n<p class=\"isSelectedEnd\">Sobotn\u00ed n\u00e1vrat do vr\u0161ovick\u00e9ho kostela tak musel zp\u011bv\u00e1kovi p\u0159ipomenout i prosinec 2015. Pr\u00e1v\u011b zde tehdy dal posledn\u00ed sbohem sv\u00e9 \u017een\u011b Jaroslav\u011b, s n\u00ed\u017e pro\u017eil des\u00edtky let.<\/p>\n<p class=\"isSelectedEnd\">Kostel nav\u00edc pro man\u017eele Neck\u00e1\u0159ovy nebyl n\u00e1hodn\u011b vybran\u00fdm m\u00edstem. \u201eSem jsme se s Jarkou chodili cel\u00fd \u017eivot modlit,\u201c vysv\u011btloval Neck\u00e1\u0159 po jej\u00ed smrti, pro\u010d se rodina rozhodla rozlou\u010dit pr\u00e1v\u011b tam.<\/p>\n<p>Jaroslava Neck\u00e1\u0159ov\u00e1 zem\u0159ela v prosinci 2015 po dlouhodob\u00fdch zdravotn\u00edch probl\u00e9mech. O necel\u00fdch jeden\u00e1ct let pozd\u011bji tak Neck\u00e1\u0159 vstoupil do stejn\u00e9ho kostela znovu \u2013 tentokr\u00e1t kv\u016fli posledn\u00edmu rozlou\u010den\u00ed se sv\u00fdm jedin\u00fdm synem.<\/p>\n<p>    <a href=\"https:\/\/www.ahaonline.cz\/clanek\/zhave-drby\/237230\/nejtezsi-den-neckare-scenar-pohrbu-syna.html\" rel=\"nofollow noopener\" target=\"_blank\"><\/p>\n<p>        <img decoding=\"async\" src=\"https:\/\/www.europesays.com\/cz\/wp-content\/uploads\/2026\/09\/9956321-crop.jpg\" alt=\"Nejt\u011b\u017e\u0161\u00ed den Neck\u00e1\u0159e: Sc\u00e9n\u00e1\u0159 poh\u0159bu syna! \" title=\"Nejt\u011b\u017e\u0161\u00ed den Neck\u00e1\u0159e: Sc\u00e9n\u00e1\u0159 poh\u0159bu syna! \" height=\"140\" width=\"220\" class=\"lazyload \" loading=\"lazy\" \/><\/p>\n<p>    <\/a><\/p>\n","protected":false},"excerpt":{"rendered":"Posledn\u00ed rozlou\u010den\u00ed s V\u00e1clavem Neck\u00e1\u0159em mlad\u0161\u00edm se uskute\u010dnilo v kostele C\u00edrkve \u010deskoslovensk\u00e9 husitsk\u00e9 v pra\u017esk\u00fdch Vr\u0161ovic\u00edch. P\u0159i\u0161la rodina&hellip;\n","protected":false},"author":2,"featured_media":204602,"comment_status":"","ping_status":"","sticky":false,"template":"","format":"standard","meta":{"footnotes":"","_share_on_mastodon":"0"},"categories":[10],"tags":[38001,17,21,3275,11636,16,908,18,19,22,11700,17967,163,20],"class_list":["post-204601","post","type-post","status-publish","format-standard","has-post-thumbnail","category-zpravy","tag-cirkev-ceskoslovenska-husitska","tag-headlines","tag-hlavni-udalosti","tag-infekce","tag-kostel","tag-news","tag-pohreb","tag-top-news","tag-top-stories","tag-udalosti-dne","tag-vaclav-neckar","tag-vrsovice","tag-zhave-drby","tag-zpravy"],"share_on_mastodon":{"url":"https:\/\/pubeurope.com\/@cz\/117223997248256858","error":""},"_links":{"self":[{"href":"https:\/\/www.europesays.com\/cz\/wp-json\/wp\/v2\/posts\/204601","targetHints":{"allow":["GET"]}}],"collection":[{"href":"https:\/\/www.europesays.com\/cz\/wp-json\/wp\/v2\/posts"}],"about":[{"href":"https:\/\/www.europesays.com\/cz\/wp-json\/wp\/v2\/types\/post"}],"author":[{"embeddable":true,"href":"https:\/\/www.europesays.com\/cz\/wp-json\/wp\/v2\/users\/2"}],"replies":[{"embeddable":true,"href":"https:\/\/www.europesays.com\/cz\/wp-json\/wp\/v2\/comments?post=204601"}],"version-history":[{"count":0,"href":"https:\/\/www.europesays.com\/cz\/wp-json\/wp\/v2\/posts\/204601\/revisions"}],"wp:featuredmedia":[{"embeddable":true,"href":"https:\/\/www.europesays.com\/cz\/wp-json\/wp\/v2\/media\/204602"}],"wp:attachment":[{"href":"https:\/\/www.europesays.com\/cz\/wp-json\/wp\/v2\/media?parent=204601"}],"wp:term":[{"taxonomy":"category","embeddable":true,"href":"https:\/\/www.europesays.com\/cz\/wp-json\/wp\/v2\/categories?post=204601"},{"taxonomy":"post_tag","embeddable":true,"href":"https:\/\/www.europesays.com\/cz\/wp-json\/wp\/v2\/tags?post=204601"}],"curies":[{"name":"wp","href":"https:\/\/api.w.org\/{rel}","templated":true}]}}