{"id":204631,"date":"2026-09-06T12:49:11","date_gmt":"2026-09-06T12:49:11","guid":{"rendered":"https:\/\/www.europesays.com\/cz\/204631\/"},"modified":"2026-09-06T12:49:11","modified_gmt":"2026-09-06T12:49:11","slug":"chteji-znovu-valku-narkl-nemce-lavrov","status":"publish","type":"post","link":"https:\/\/www.europesays.com\/cz\/204631\/","title":{"rendered":"Cht\u011bj\u00ed znovu v\u00e1lku, na\u0159kl N\u011bmce Lavrov"},"content":{"rendered":"<p class=\"c_bB\">\u201eMysl\u00edm, \u017ee to ani nen\u00ed t\u0159eba dlouze vysv\u011btlovat. (N\u011bmci) Cht\u011bj\u00ed znovu v\u00e1lku,\u201c prohl\u00e1sil podle <a data-dot=\"atm-link\" target=\"_blank\" rel=\"noopener nofollow\" href=\"https:\/\/www.vesti.ru\/ns\/lavrov-schel-nachalom-nastoyashchej-vojny-obvineniya-v-adres-rf-iz-za-bpla-v-lejpcige\" class=\"c_I\">port\u00e1lu V\u011bsti <\/a>\u0161\u00e9f rusk\u00e9 diplomacie.<\/p>\n<p class=\"c_bB\">Lavrov se vyjad\u0159oval k\u00a0n\u011bmeck\u00e9 reakci na srpnov\u00fd hybridn\u00ed \u00fatok na v\u00fdchodon\u011bmeck\u00e9 leti\u0161t\u011b Lipsko\/Halle, kter\u00fd n\u011bmeck\u00e1 vl\u00e1da p\u0159i\u010d\u00edt\u00e1 Rusku.<\/p>\n<p class=\"c_bB\">N\u011bmeck\u00e1 vl\u00e1da srpnov\u00fd hybridn\u00ed \u00fatok na v\u00fdchodon\u011bmeck\u00e9 leti\u0161t\u011b Lipsko\/Halle p\u0159i\u010d\u00edt\u00e1 Rusku, kter\u00e9 to pop\u00edr\u00e1. Zam\u011bstnanec lipsk\u00e9ho leti\u0161t\u011b 4.\u00a0srpna pobl\u00ed\u017e ukrajinsk\u00e9ho letadla spole\u010dnosti Antonov objevil dron s\u00a0v\u00fdbu\u0161ninou, ale s\u00a0nefunk\u010dn\u00ed rozn\u011btkou.<\/p>\n<p><a data-dot=\"atm-link\" target=\"_self\" href=\"https:\/\/www.novinky.cz\/clanek\/zahranicni-za-utokem-drony-v-lipsku-stal-kreml-nemecko-uzavre-rusky-konzulat-40595508\" class=\"c_I\" rel=\"nofollow noopener\"><img fetchpriority=\"high\" height=\"1080\" width=\"1920\" src=\"https:\/\/www.europesays.com\/cz\/wp-content\/uploads\/2026\/09\/1788698950_130_lipsko-halle-lipsko-nemecko-letadlo-letiste-dron.jpeg\" loading=\"eager\" decoding=\"sync\" class=\"c_t c_r\"\/><\/a><\/p>\n<p class=\"c_bB\">\u201eLipsko, leti\u0161t\u011b. Na\u0161li n\u011bjak\u00fd dron. \u0158ekli, \u017ee je to rusk\u00fd dron, a\u00a0nikdo se neobt\u011b\u017eoval to vy\u0161et\u0159it. Tohle je v\u00a0podstat\u011b za\u010d\u00e1tek skute\u010dn\u00e9 v\u00e1lky,\u201c popsal Lavrov incident z\u00a0rusk\u00e9ho hlediska.<\/p>\n<p class=\"c_bB\">\u201eVyhodili gener\u00e1ln\u00ed konzul\u00e1t z\u00a0Bonnu a\u00a0ozn\u00e1mili, \u017ee ukon\u010dili dohodu. Zav\u00edraj\u00ed Rusk\u00fd d\u016fm v\u00a0Berl\u00edn\u011b,\u201c pokra\u010doval. \u201ePamatuji si, \u017ee p\u0159ed za\u010d\u00e1tkem druh\u00e9 sv\u011btov\u00e9 v\u00e1lky, respektive Velk\u00e9 vlasteneck\u00e9 v\u00e1lky, N\u011bmci tak\u00e9 zav\u0159eli sv\u00e9 diplomatick\u00e9 mise,\u201c doplnil s\u00a0t\u00edm, \u017ee takov\u00e1 hra je \u201eabsolutn\u011b nep\u0159ijateln\u00e1\u201c.<\/p>\n<p class=\"c_bB\">Rusk\u00fd ministr zahrani\u010d\u00ed se tak\u00e9 ost\u0159e vymezil proti n\u011bmeck\u00e9mu kancl\u00e9\u0159i Friedrichu Merzovi. \u201eV\u0161echna ta Merzova prohl\u00e1\u0161en\u00ed o\u00a0tom, \u017ee z\u00a0N\u011bmecka op\u011bt ud\u011bl\u00e1 nejv\u011bt\u0161\u00ed vojenskou mocnost Evropy, se uv\u00e1d\u011bj\u00ed do praxe. V\u00a0podstat\u011b n\u00e1m vyhla\u0161uje v\u00e1lku,\u201c \u0159ekl Lavrov. \u201eUk\u00e1zalo se, \u017ee pr\u00e1v\u011b tyto metast\u00e1zy nacismu za\u010d\u00ednaj\u00ed vyv\u011brat na povrch. Jedn\u00e1 se o\u00a0nebezpe\u010dn\u00fd jev. V\u011b\u0159\u00edm, \u017ee rusk\u00e9 veden\u00ed z\u00a0toho vyvod\u00ed p\u0159\u00edslu\u0161n\u00e9 z\u00e1v\u011bry,\u201c dodal.<\/p>\n<p class=\"c_bB\">Lavrov u\u017e d\u0159\u00edve ozn\u00e1mil, \u017ee Moskva hodl\u00e1 v\u00a0reakci na opat\u0159en\u00ed Berl\u00edna odpov\u011bd\u011bt uzav\u0159en\u00edm Goetheho institut\u016f v\u00a0Rusku.<\/p>\n<p><a data-dot=\"atm-link\" target=\"_self\" href=\"https:\/\/www.novinky.cz\/clanek\/zahranicni-kdybychom-to-chteli-provest-dopadlo-by-to-jinak-rusove-opet-odmitli-odpovednost-za-utok-v-lipsku-40596250\" class=\"c_I\" rel=\"nofollow noopener\"><img fetchpriority=\"high\" height=\"1080\" width=\"1920\" src=\"https:\/\/www.europesays.com\/cz\/wp-content\/uploads\/2026\/09\/1788698950_130_lipsko-halle-lipsko-nemecko-letadlo-letiste-dron.jpeg\" loading=\"eager\" decoding=\"sync\" class=\"c_t c_r\"\/><\/a>\u201eKdybychom to cht\u011bli ud\u011blat, vypadalo by to jinak\u201c<\/p>\n<p class=\"c_bB\">Tak\u00e9 rusk\u00fd velvyslanec v\u00a0N\u011bmecku Sergej N\u011b\u010dajev v\u00a0sobotu odm\u00edtl, \u017ee by Moskva byla zodpov\u011bdn\u00e1 za zm\u00edn\u011bn\u00fd hybridn\u00ed \u00fatok. Kdyby ho cht\u011blo prov\u00e9st Rusko, dopadl by podle n\u011bj jinak.<\/p>\n<p class=\"c_bB\">\u201eKdybychom skute\u010dn\u011b cht\u011bli v\u00a0Lipsku n\u011bco sp\u00e1chat, mohlo by to\u00a0\u2013 jak jist\u011b v\u00edte\u00a0\u2013 vypadat \u00fapln\u011b jinak,\u201c \u0159ekl N\u011b\u010dajev. \u201eAle nem\u00e1me nejmen\u0161\u00ed \u00famysl provokovat zdej\u0161\u00ed obyvatele nebo vl\u00e1du,\u201c dodal.<\/p>\n<p class=\"c_bB\">N\u011bmeck\u00fd kancl\u00e9\u0159 Friedrich Merz v\u00a0sobotu \u0159ekl, \u017ee \u00fatok na leti\u0161t\u011b u\u00a0Lipska ukazuje, \u017ee zem\u011b stoj\u00ed p\u0159ed z\u00e1sadn\u00edm zlomem s\u00a0dalekos\u00e1hl\u00fdmi dopady, kter\u00e9 budou z\u0159ejm\u00e9 a\u017e ze zp\u011btn\u00e9ho pohledu. Varoval tak\u00e9 Moskvu, aby v\u00a0tomto druhu hybridn\u00ed v\u00e1lky nepokra\u010dovala.<\/p>\n<p class=\"c_bB\">N\u011bmeck\u00e1 policie ohled\u00e1v\u00e1 leti\u0161t\u011b v\u00a0LipskuVideo: Reuters<\/p>\n<p><a data-dot=\"atm-link\" target=\"_self\" href=\"https:\/\/www.novinky.cz\/clanek\/valka-na-ukrajine-rusko-uzavre-goetheho-instituty-40595785\" class=\"c_I\" rel=\"nofollow noopener\"><img height=\"2304\" width=\"4096\" src=\"https:\/\/www.europesays.com\/cz\/wp-content\/uploads\/2026\/09\/1788698951_757_f2d6.jpeg\" loading=\"eager\" decoding=\"sync\" class=\"c_t c_r\"\/><\/a><\/p>\n","protected":false},"excerpt":{"rendered":"\u201eMysl\u00edm, \u017ee to ani nen\u00ed t\u0159eba dlouze vysv\u011btlovat. (N\u011bmci) Cht\u011bj\u00ed znovu v\u00e1lku,\u201c prohl\u00e1sil podle port\u00e1lu V\u011bsti \u0161\u00e9f rusk\u00e9&hellip;\n","protected":false},"author":2,"featured_media":204632,"comment_status":"","ping_status":"","sticky":false,"template":"","format":"standard","meta":{"footnotes":"","_share_on_mastodon":"0"},"categories":[10],"tags":[114,17,21,3858,533,13390,375,16,61,1203,18,19,22,20],"class_list":["post-204631","post","type-post","status-publish","format-standard","has-post-thumbnail","category-zpravy","tag-friedrich-merz","tag-headlines","tag-hlavni-udalosti","tag-incident","tag-letiste","tag-lipsko","tag-nemecko","tag-news","tag-rusko","tag-sergej-lavrov","tag-top-news","tag-top-stories","tag-udalosti-dne","tag-zpravy"],"share_on_mastodon":{"url":"https:\/\/pubeurope.com\/@cz\/117224182016246602","error":""},"_links":{"self":[{"href":"https:\/\/www.europesays.com\/cz\/wp-json\/wp\/v2\/posts\/204631","targetHints":{"allow":["GET"]}}],"collection":[{"href":"https:\/\/www.europesays.com\/cz\/wp-json\/wp\/v2\/posts"}],"about":[{"href":"https:\/\/www.europesays.com\/cz\/wp-json\/wp\/v2\/types\/post"}],"author":[{"embeddable":true,"href":"https:\/\/www.europesays.com\/cz\/wp-json\/wp\/v2\/users\/2"}],"replies":[{"embeddable":true,"href":"https:\/\/www.europesays.com\/cz\/wp-json\/wp\/v2\/comments?post=204631"}],"version-history":[{"count":0,"href":"https:\/\/www.europesays.com\/cz\/wp-json\/wp\/v2\/posts\/204631\/revisions"}],"wp:featuredmedia":[{"embeddable":true,"href":"https:\/\/www.europesays.com\/cz\/wp-json\/wp\/v2\/media\/204632"}],"wp:attachment":[{"href":"https:\/\/www.europesays.com\/cz\/wp-json\/wp\/v2\/media?parent=204631"}],"wp:term":[{"taxonomy":"category","embeddable":true,"href":"https:\/\/www.europesays.com\/cz\/wp-json\/wp\/v2\/categories?post=204631"},{"taxonomy":"post_tag","embeddable":true,"href":"https:\/\/www.europesays.com\/cz\/wp-json\/wp\/v2\/tags?post=204631"}],"curies":[{"name":"wp","href":"https:\/\/api.w.org\/{rel}","templated":true}]}}