{"id":204647,"date":"2026-09-06T13:07:18","date_gmt":"2026-09-06T13:07:18","guid":{"rendered":"https:\/\/www.europesays.com\/cz\/204647\/"},"modified":"2026-09-06T13:07:18","modified_gmt":"2026-09-06T13:07:18","slug":"takhle-bydlel-freddie-mercury-podivejte-se-na-vzacne-fotky-z-jeho-sidla","status":"publish","type":"post","link":"https:\/\/www.europesays.com\/cz\/204647\/","title":{"rendered":"Takhle bydlel Freddie Mercury. Pod\u00edvejte se na vz\u00e1cn\u00e9 fotky z jeho s\u00eddla"},"content":{"rendered":"<p>\n                        Jak bydlela rockov\u00e1 legenda Freddie Mercury, kter\u00e1 by se 5. z\u00e1\u0159\u00ed do\u017eila osmdes\u00e1tky? Posledn\u00edm bydli\u0161t\u011bm frontmana Queen bylo jeho lond\u00fdnsk\u00e9 s\u00eddlo. P\u0159ed n\u011bkolika lety se cena luxusn\u00ed nemovitosti pohybovala kolem 38 milion\u016f dolar\u016f (890 milion\u016f korun).\n                    <\/p>\n<p>Garden Lodge, kter\u00e1 se nach\u00e1z\u00ed ve \u010dtvrti Kensington v z\u00e1padn\u00edm Lond\u00fdn\u011b, byla domovem frontmana skupiny Queen dlouh\u00fdch jeden\u00e1ct let, <a target=\"_blank\" href=\"https:\/\/edition.cnn.com\/2024\/02\/27\/style\/freddie-mercury-home-london-sale-intl-scli\/index.html\" rel=\"nofollow noopener\">napsala p\u0159ed \u010dasem CNN<\/a>. Spole\u010dn\u011b s architektem a design\u00e9rem Robinem Moorem Edem d\u016fm zrenovovali tak, aby pln\u011b vyhovoval osobit\u00e9mu vkusu zp\u011bv\u00e1ka. \u201eMercury si p\u0159\u00e1l, aby d\u016fm byl nezapomenuteln\u00fdm a p\u0159\u00edjemn\u00fdm m\u00edstem, kter\u00e9 odr\u00e1\u017e\u00ed jeho \u017eivou osobnost a eklektismus,\u201c uvedla p\u0159ed lety v tiskov\u00e9 zpr\u00e1v\u011b realitn\u00ed kancel\u00e1\u0159 Knight Frank.<\/p>\n<p>\u010cT\u011aTE TAK\u00c9: <a target=\"_blank\" href=\"https:\/\/cnn.iprima.cz\/kenuv-dum-snu-i-hobitin-nahlednete-do-mist-kde-se-budete-citit-jako-ve-filmu-425943\" rel=\"nofollow noopener\">Hobit\u00edn, Shrekova ba\u017eina i Ken\u016fv d\u016fm. Nahl\u00e9dn\u011bte do m\u00edst, kde se budete c\u00edtit jako ve filmu<\/a><\/p>\n<p>Interi\u00e9r domu z\u016fstal po t\u0159i desetilet\u00ed t\u00e9m\u011b\u0159 cel\u00fd v podob\u011b, v jak\u00e9 ho Mercury zanechal, v\u010detn\u011b staro\u017eitn\u00e9ho n\u00e1bytku, um\u011bleck\u00fdch d\u011bl a p\u0159epychov\u00fdch l\u00e1tek. V\u011bt\u0161ina vybaven\u00ed se v\u0161ak v minulosti prodala v aukci Sotheby&#8217;s, v n\u00ed\u017e se vybralo v\u00edce ne\u017e 50 milion\u016f dolar\u016f (p\u0159es 1,1 miliardy K\u010d), p\u0159i\u010dem\u017e \u010d\u00e1st v\u00fdt\u011b\u017eku \u0161la ve prosp\u011bch Mercuryho nadace Phoenix Trust a Nadace Eltona Johna pro AIDS.<\/p>\n<p class=\"intro-title-mobile\">\n        \u010ct\u011bte tak\u00e9\n    <\/p>\n<p>        <a href=\"https:\/\/cnn.iprima.cz\/kapela-queen-vydala-pisnicku-nahranou-pred-30-lety-zapomneli-jsme-na-ni-priznal-bubenik-190166\" class=\"image-link\" rel=\"nofollow noopener\" target=\"_blank\"><\/p>\n<p>            <img decoding=\"async\" loading=\"lazy\" class=\"image\" src=\"https:\/\/www.europesays.com\/cz\/wp-content\/uploads\/2026\/09\/69ea489ef5893cd556903152f164c698.jpg\" alt=\"Kapela Queen (1976)\"\/><\/p>\n<p>            <\/a><\/p>\n<p class=\"intro-title-desktop\">\n            \u010ct\u011bte tak\u00e9\n        <\/p>\n<p>                <a href=\"https:\/\/cnn.iprima.cz\/kapela-queen-vydala-pisnicku-nahranou-pred-30-lety-zapomneli-jsme-na-ni-priznal-bubenik-190166\" class=\"title-link\" rel=\"nofollow noopener\" target=\"_blank\"><\/p>\n<p class=\"title\">\n                Kapela Queen vydala p\u00edsni\u010dku nahranou p\u0159ed 30 lety. Zapomn\u011bli jsme na ni, p\u0159iznal buben\u00edk\n            <\/p>\n<p>        <\/a><\/p>\n<p>                                                                                                13. \u0159\u00edj 2022, 18:38<\/p>\n<p>                6 min \u010dten\u00ed<\/p>\n<p>Na jednom ze sn\u00edmk\u016f je j\u00eddelna, kter\u00e1 je vymalov\u00e1na citrusov\u011b \u017elutou barvou, \u00fadajn\u011b Freddieho obl\u00edbenou. Prostor n\u00e1sledn\u011b dotv\u00e1\u0159\u00ed velk\u00fd d\u0159ev\u011bn\u00fd st\u016fl s\u00a0\u017eidlemi a komoda ze stejn\u00e9ho setu. Druh\u00e1 pak zobrazuje vstupn\u00ed halu za\u0159\u00edzenou vy\u0159ez\u00e1van\u00fdm n\u00e1bytkem a staro\u017eitn\u00fdmi obrazy.<\/p>\n<p>Do hlavn\u00edho apartm\u00e1 nemovitosti se vstupuje p\u0159es Mercuryho b\u00fdvalou \u0161atnu, do kter\u00e9 ukl\u00e1dal sv\u00e9 oble\u010den\u00ed a jevi\u0161tn\u00ed kost\u00fdmy.\u00a0M\u00edstnost je zrcadlov\u00e1 od podlahy ke stropu, s n\u011bkolika sk\u0159\u00ed\u0148ov\u00fdmi dve\u0159mi.<\/p>\n<p>V dom\u011b se d\u00e1le nach\u00e1z\u00ed tak\u00e9 ob\u00fdv\u00e1k za\u0159\u00edzen\u00fd v japonsk\u00e9m stylu s velk\u00fdmi francouzsk\u00fdmi dve\u0159mi do zahrady pln\u00e9 magn\u00f3li\u00ed. V\u00a0ob\u00fdv\u00e1ku\u00a0d\u0159\u00edve st\u00e1l klav\u00edr, na kter\u00e9m Mercury napsal proslulou skladbu Bohemian Rhapsody.<\/p>\n<p>Po sv\u00e9 smrti Mercury nemovitost odk\u00e1zal sv\u00e9 p\u0159\u00edtelkyni Mary Austinov\u00e9. Ta o n\u011bj pe\u010dovala v\u00edce ne\u017e t\u0159icet let. \u201eByla radost v tom dom\u011b \u017e\u00edt, m\u00e1m na n\u011bj spoustu kr\u00e1sn\u00fdch vzpom\u00ednek.\u00a0Te\u010f,\u00a0kdy\u017e je pr\u00e1zdn\u00fd, p\u0159en\u00e1\u0161\u00ed m\u011b to do doby, kdy jsme s Freddiem \u0161li na jeho prohl\u00eddku. Jakmile jsme vstoupili do t\u011bch pov\u011bstn\u00fdch zelen\u00fdch dve\u0159\u00ed, stal se pro n\u00e1s m\u00edstem klidu, opravdov\u00fdm domem um\u011blce. Nyn\u00ed ale nastal \u010das pod\u011blit se o tyto pocity s dal\u0161\u00edm \u010dlov\u011bkem,&#8220; uvedla.<\/p>\n<p>MOHLO V\u00c1M UNIKNOUT: Freddie byl d\u017eentlmen, \u0159\u00edk\u00e1 komorn\u00edk Mercuryho. M\u011bl \u00fa\u017easn\u00fd smysl pro humor, sv\u00e9 zuby r\u00e1d nem\u011bl<\/p>\n<p class=\"!text-semibold-14-14 !text-black mb-0 mt-2\">\n                Vystudovala liter\u00e1rn\u00ed tvorbu na Vysok\u00e9 \u0161kole kreativn\u00ed komunikace a n\u00e1sledn\u011b nav\u00e1zala studiem m\u00e9di\u00ed na Metropolitn\u00ed univerzit\u011b v Praze. Od dubna 2023 p\u016fsob\u00ed jako redaktorka v on-line redakci CNN Prima NEWS. (Michaela.Bartosova@iprima.cz)\n            <\/p>\n","protected":false},"excerpt":{"rendered":"Jak bydlela rockov\u00e1 legenda Freddie Mercury, kter\u00e1 by se 5. z\u00e1\u0159\u00ed do\u017eila osmdes\u00e1tky? Posledn\u00edm bydli\u0161t\u011bm frontmana Queen bylo&hellip;\n","protected":false},"author":2,"featured_media":204648,"comment_status":"","ping_status":"","sticky":false,"template":"","format":"standard","meta":{"footnotes":"","_share_on_mastodon":"0"},"categories":[10],"tags":[1311,8062,6078,13159,46500,17,21,46499,6260,2111,46501,4403,16,18,19,22,1136,20],"class_list":["post-204647","post","type-post","status-publish","format-standard","has-post-thumbnail","category-zpravy","tag-bydleni","tag-cnn","tag-dum","tag-freddie-mercury","tag-garden-lodge","tag-headlines","tag-hlavni-udalosti","tag-kensington","tag-lifestyle","tag-londyn","tag-mary-austinova","tag-nemovitost","tag-news","tag-top-news","tag-top-stories","tag-udalosti-dne","tag-velka-britanie","tag-zpravy"],"share_on_mastodon":{"url":"https:\/\/pubeurope.com\/@cz\/117224252544060014","error":""},"_links":{"self":[{"href":"https:\/\/www.europesays.com\/cz\/wp-json\/wp\/v2\/posts\/204647","targetHints":{"allow":["GET"]}}],"collection":[{"href":"https:\/\/www.europesays.com\/cz\/wp-json\/wp\/v2\/posts"}],"about":[{"href":"https:\/\/www.europesays.com\/cz\/wp-json\/wp\/v2\/types\/post"}],"author":[{"embeddable":true,"href":"https:\/\/www.europesays.com\/cz\/wp-json\/wp\/v2\/users\/2"}],"replies":[{"embeddable":true,"href":"https:\/\/www.europesays.com\/cz\/wp-json\/wp\/v2\/comments?post=204647"}],"version-history":[{"count":0,"href":"https:\/\/www.europesays.com\/cz\/wp-json\/wp\/v2\/posts\/204647\/revisions"}],"wp:featuredmedia":[{"embeddable":true,"href":"https:\/\/www.europesays.com\/cz\/wp-json\/wp\/v2\/media\/204648"}],"wp:attachment":[{"href":"https:\/\/www.europesays.com\/cz\/wp-json\/wp\/v2\/media?parent=204647"}],"wp:term":[{"taxonomy":"category","embeddable":true,"href":"https:\/\/www.europesays.com\/cz\/wp-json\/wp\/v2\/categories?post=204647"},{"taxonomy":"post_tag","embeddable":true,"href":"https:\/\/www.europesays.com\/cz\/wp-json\/wp\/v2\/tags?post=204647"}],"curies":[{"name":"wp","href":"https:\/\/api.w.org\/{rel}","templated":true}]}}