{"id":204657,"date":"2026-09-06T13:23:11","date_gmt":"2026-09-06T13:23:11","guid":{"rendered":"https:\/\/www.europesays.com\/cz\/204657\/"},"modified":"2026-09-06T13:23:11","modified_gmt":"2026-09-06T13:23:11","slug":"lavrov-oznacil-obvineni-od-zapadu-z-utoku-v-lipsku-za-zacatek-valky","status":"publish","type":"post","link":"https:\/\/www.europesays.com\/cz\/204657\/","title":{"rendered":"Lavrov ozna\u010dil obvin\u011bn\u00ed od Z\u00e1padu z\u00a0\u00fatoku v\u00a0Lipsku za za\u010d\u00e1tek v\u00e1lky"},"content":{"rendered":"<p class=\"e_bX\">Obvin\u011bn\u00ed ze strany z\u00e1padn\u00edch zem\u00ed, \u017ee se Moskva pod\u00edlela na dronov\u00e9m incidentu v\u00a0Lipsku, jsou v\u00a0podstat\u011b za\u010d\u00e1tkem skute\u010dn\u00e9 v\u00e1lky, prohl\u00e1sil podle agentury Interfax rusk\u00fd ministr zahrani\u010d\u00ed Sergej Lavrov. N\u011bmeck\u00e1 vl\u00e1da srpnov\u00fd hybridn\u00ed \u00fatok na v\u00fdchodon\u011bmeck\u00e9 leti\u0161t\u011b Lipsko\/Halle p\u0159i\u010d\u00edt\u00e1 Rusku, kter\u00e9 to pop\u00edr\u00e1. Zam\u011bstnanec leti\u0161t\u011b pobl\u00ed\u017e ukrajinsk\u00e9ho letadla spole\u010dnosti Antonov objevil 4.\u00a0srpna dron s\u00a0v\u00fdbu\u0161ninou, ale s\u00a0nefunk\u010dn\u00ed rozn\u011btkou.<\/p>\n<p class=\"e_bX\">\u201eNa\u0161li n\u011bjak\u00fd dron. Tvrdili, \u017ee se jednalo o\u00a0rusk\u00fd dron, ale nikdo se to neobt\u011b\u017eoval vy\u0161et\u0159it. To je v\u00a0podstat\u011b za\u010d\u00e1tek skute\u010dn\u00e9 v\u00e1lky,\u201c \u0159ekl Lavrov v\u00a0rozhovoru s\u00a0rusk\u00fdmi m\u00e9dii.<\/p>\n<p><a data-dot=\"mol-article-card-media\" aria-hidden=\"true\" tabindex=\"-1\" href=\"https:\/\/www.seznamzpravy.cz\/clanek\/audio-podcast-5-59-obavy-o-nemeckou-slabost-odveta-vuci-rusku-zveda-otazku-jestli-je-razantni-314438\" class=\"e_n f_l8\" rel=\"nofollow noopener\" target=\"_blank\"><img fetchpriority=\"high\" height=\"1963\"   width=\"3490\" src=\"https:\/\/www.europesays.com\/cz\/wp-content\/uploads\/2026\/09\/1788700989_237_lipsko.jpeg\" loading=\"eager\" decoding=\"sync\" class=\"e_aa e_Z\"\/><\/a><\/p>\n<p class=\"e_bX\">N\u011bmecko v\u00a0reakci na leti\u0161tn\u00ed incident rozhodlo mimo jin\u00e9 o\u00a0uzav\u0159en\u00ed rusk\u00e9ho gener\u00e1ln\u00edho konzul\u00e1tu v\u00a0Bonnu a\u00a0vypov\u011bzen\u00ed smlouvy kulturn\u00edmu institutu Rusk\u00fd d\u016fm v\u00a0Berl\u00edn\u011b. Podle kritik\u016f toti\u017e dlouho neslou\u017eil um\u011blc\u016fm, ale \u0161pion\u016fm.<\/p>\n<p class=\"e_bX\">Lavrov v\u00a0rozhovoru na tyto kroky reagoval. \u201ePamatuji si, \u017ee p\u0159ed za\u010d\u00e1tkem druh\u00e9 sv\u011btov\u00e9 v\u00e1lky, nebo sp\u00ed\u0161e velk\u00e9 vlasteneck\u00e9 v\u00e1lky, N\u011bmci rovn\u011b\u017e zav\u00edrali sv\u00e9 diplomatick\u00e9 mise,\u201c prohl\u00e1sil \u0161\u00e9f rusk\u00e9 diplomacie. Lavrov u\u017e d\u0159\u00edve ozn\u00e1mil, \u017ee Moskva na opat\u0159en\u00ed Berl\u00edna hodl\u00e1 odpov\u011bd\u011bt uzav\u0159en\u00edm Goetheho institut\u016f v\u00a0Rusku.<\/p>\n<p class=\"e_bX\">Rusk\u00fd ministr zahrani\u010d\u00ed se tak\u00e9 ost\u0159e vymezil proti n\u011bmeck\u00e9mu kancl\u00e9\u0159i Friedrichu Merzovi. \u201eV\u0161echna ta Merzova prohl\u00e1\u0161en\u00ed o\u00a0tom, \u017ee z\u00a0N\u011bmecka op\u011bt ud\u011bl\u00e1 nejv\u011bt\u0161\u00ed vojenskou mocnost Evropy, se uv\u00e1d\u011bj\u00ed do praxe. V\u00a0podstat\u011b n\u00e1m vyhla\u0161uje v\u00e1lku,\u201c \u0159ekl Lavrov. \u201eUk\u00e1zalo se, \u017ee pr\u00e1v\u011b tyto metast\u00e1zy nacismu za\u010d\u00ednaj\u00ed vyv\u011brat na povrch. Jedn\u00e1 se o\u00a0nebezpe\u010dn\u00fd jev. V\u011b\u0159\u00edm, \u017ee rusk\u00e9 veden\u00ed z\u00a0toho vyvod\u00ed p\u0159\u00edslu\u0161n\u00e9 z\u00e1v\u011bry,\u201c dodal.<\/p>\n<p class=\"e_bX\">N\u011bmeck\u00e9 \u00fa\u0159ady \u00fatok v\u00a0Lipsku ozna\u010duj\u00ed za sou\u010d\u00e1st rusk\u00fdch hybridn\u00edch operac\u00ed. \u00datok podle n\u011bmeck\u00e9ho ministerstva vnitra provedli naverbovan\u00ed agenti najat\u00ed rusk\u00fdmi st\u00e1tn\u00edmi org\u00e1ny. Moskva odpov\u011bdnost odm\u00edt\u00e1.<\/p>\n<p><a data-dot=\"mol-article-card-media\" aria-hidden=\"true\" tabindex=\"-1\" href=\"https:\/\/www.seznamzpravy.cz\/clanek\/zahranicni-stredni-evropa-trn-v-oku-slavna-skola-neni-pro-afd-dost-nemecka-314649\" class=\"e_n f_l8\" rel=\"nofollow noopener\" target=\"_blank\"><img height=\"2304\"   width=\"4096\" src=\"https:\/\/www.europesays.com\/cz\/wp-content\/uploads\/2026\/09\/bauhaus.jpeg\" loading=\"eager\" decoding=\"sync\" class=\"e_aa e_Z\"\/><\/a><a data-dot=\"mol-article-card-media\" aria-hidden=\"true\" tabindex=\"-1\" href=\"https:\/\/www.seznamzpravy.cz\/clanek\/ekonomika-firmy-volkswagen-zrejme-spusti-rozsahle-propousteni-usporny-plan-dostal-zelenou-314601\" class=\"e_n f_l8\" rel=\"nofollow noopener\" target=\"_blank\"><img height=\"1012\"   width=\"1800\" src=\"https:\/\/www.europesays.com\/cz\/wp-content\/uploads\/2026\/09\/1788700991_8_volkswagen.jpeg\" loading=\"eager\" decoding=\"sync\" class=\"e_aa e_Z\"\/><\/a><\/p>\n","protected":false},"excerpt":{"rendered":"Obvin\u011bn\u00ed ze strany z\u00e1padn\u00edch zem\u00ed, \u017ee se Moskva pod\u00edlela na dronov\u00e9m incidentu v\u00a0Lipsku, jsou v\u00a0podstat\u011b za\u010d\u00e1tkem skute\u010dn\u00e9 v\u00e1lky,&hellip;\n","protected":false},"author":2,"featured_media":204658,"comment_status":"","ping_status":"","sticky":false,"template":"","format":"standard","meta":{"footnotes":"","_share_on_mastodon":"0"},"categories":[11],"tags":[3858,13390,375,1203,54,56,53,52],"class_list":["post-204657","post","type-post","status-publish","format-standard","has-post-thumbnail","category-svet","tag-incident","tag-lipsko","tag-nemecko","tag-sergej-lavrov","tag-svet","tag-valka-rusko-ukrajina","tag-world","tag-world-news"],"share_on_mastodon":{"url":"https:\/\/pubeurope.com\/@cz\/117224315837520530","error":""},"_links":{"self":[{"href":"https:\/\/www.europesays.com\/cz\/wp-json\/wp\/v2\/posts\/204657","targetHints":{"allow":["GET"]}}],"collection":[{"href":"https:\/\/www.europesays.com\/cz\/wp-json\/wp\/v2\/posts"}],"about":[{"href":"https:\/\/www.europesays.com\/cz\/wp-json\/wp\/v2\/types\/post"}],"author":[{"embeddable":true,"href":"https:\/\/www.europesays.com\/cz\/wp-json\/wp\/v2\/users\/2"}],"replies":[{"embeddable":true,"href":"https:\/\/www.europesays.com\/cz\/wp-json\/wp\/v2\/comments?post=204657"}],"version-history":[{"count":0,"href":"https:\/\/www.europesays.com\/cz\/wp-json\/wp\/v2\/posts\/204657\/revisions"}],"wp:featuredmedia":[{"embeddable":true,"href":"https:\/\/www.europesays.com\/cz\/wp-json\/wp\/v2\/media\/204658"}],"wp:attachment":[{"href":"https:\/\/www.europesays.com\/cz\/wp-json\/wp\/v2\/media?parent=204657"}],"wp:term":[{"taxonomy":"category","embeddable":true,"href":"https:\/\/www.europesays.com\/cz\/wp-json\/wp\/v2\/categories?post=204657"},{"taxonomy":"post_tag","embeddable":true,"href":"https:\/\/www.europesays.com\/cz\/wp-json\/wp\/v2\/tags?post=204657"}],"curies":[{"name":"wp","href":"https:\/\/api.w.org\/{rel}","templated":true}]}}