{"id":204753,"date":"2026-09-06T15:01:13","date_gmt":"2026-09-06T15:01:13","guid":{"rendered":"https:\/\/www.europesays.com\/cz\/204753\/"},"modified":"2026-09-06T15:01:13","modified_gmt":"2026-09-06T15:01:13","slug":"ifa-2026-basketbalovy-robot-je-naprosty-hit-tvurci-uz-vybrali-27-milionu-korun","status":"publish","type":"post","link":"https:\/\/www.europesays.com\/cz\/204753\/","title":{"rendered":"IFA 2026: Basketbalov\u00fd robot je naprost\u00fd hit, tv\u016frci u\u017e vybrali 27\u00a0milion\u016f korun"},"content":{"rendered":"<p class=\"c_bB\">\u017de novinka bude hit, bylo jasn\u00e9 u\u017e p\u0159ed startem berl\u00ednsk\u00e9ho veletrhu. V\u00a0l\u00e9t\u011b se toti\u017e konala crowdfundingov\u00e1 kampa\u0148, ve kter\u00e9 tv\u016frci vyb\u00edrali pen\u00edze na rozjet\u00ed masov\u00e9 v\u00fdroby. Na Kickstarteru se vybralo 1,3\u00a0milionu dolar\u016f, v\u00a0p\u0159epo\u010dtu zhruba 27\u00a0milion\u016f korun.<\/p>\n<p class=\"c_bB\">C\u00edl byl p\u0159itom nastaven\u00fd na pouh\u00fdch 10\u00a0tis\u00edc dolar\u016f (208\u00a0000\u00a0K\u010d). Do kampan\u011b se zapojily stovky lid\u00ed a\u00a0projekt skon\u010dil na v\u00edce ne\u017e t\u0159in\u00e1ctin\u00e1sobku p\u016fvodn\u011b po\u017eadovan\u00e9 \u010d\u00e1stky. Na veletrh IFA pak tv\u016frci p\u0159ivezli funk\u010dn\u00ed prototyp, kter\u00fd se prakticky ji\u017e neli\u0161\u00ed od produk\u010dn\u00ed verze.<\/p>\n<p><a data-dot=\"atm-link\" target=\"_self\" href=\"https:\/\/www.novinky.cz\/clanek\/internet-a-pc-mobil-ifa-2026-applu-se-to-libit-nebude-nove-iphony-se-vystavuji-na-kazdem-rohu-jeste-pred-premierou-40596277\" class=\"c_I\" rel=\"nofollow noopener\"><img fetchpriority=\"high\" height=\"1012\" width=\"1800\" src=\"https:\/\/www.europesays.com\/cz\/wp-content\/uploads\/2026\/09\/1788706871_568_iphone-unik-ifa-2026.mpo.jpeg\" loading=\"eager\" decoding=\"sync\" class=\"c_t c_r\"\/><\/a>M\u00ed\u010d let\u00ed p\u0159esn\u011b za hr\u00e1\u010dem<\/p>\n<p class=\"c_bB\">Princip je p\u0159ekvapiv\u011b jednoduch\u00fd. Hr\u00e1\u010d si stoupne na h\u0159i\u0161t\u011b, p\u0159iprav\u00ed se ke st\u0159elb\u011b a\u00a0Lumistar Carry se postar\u00e1 o\u00a0zbytek. \u010cty\u0159i kamery s\u00a0celkov\u00fdm zorn\u00fdm polem 190\u00a0stup\u0148\u016f sleduj\u00ed jeho pozici, pohyb i\u00a0m\u00ed\u010d. Kdy\u017e hr\u00e1\u010d ud\u011bl\u00e1 ur\u010den\u00e9 gesto, robot mu p\u0159ihr\u00e1vku po\u0161le automaticky. Nemus\u00ed hledat ovlada\u010d ani odb\u00edhat k\u00a0za\u0159\u00edzen\u00ed.<\/p>\n<p class=\"c_bB\">A pr\u00e1v\u011b v\u00a0tom je hlavn\u00ed rozd\u00edl proti klasick\u00fdm vyst\u0159elova\u010d\u016fm m\u00ed\u010d\u016f. Carry se nesna\u017e\u00ed pouze opakovat jednu a\u00a0tut\u00e9\u017e p\u0159ihr\u00e1vku. Jeho motory mohou m\u011bnit rychlost, v\u00fd\u0161ku, oblouk i\u00a0backspin tak, aby p\u0159ihr\u00e1vka p\u0159ipom\u00ednala tu od skute\u010dn\u00e9ho spoluhr\u00e1\u010de. Do z\u00e1sobn\u00edku se vejdou a\u017e \u010dty\u0159i m\u00ed\u010de a\u00a0nejkrat\u0161\u00ed interval mezi p\u0159ihr\u00e1vkami m\u00e1 b\u00fdt 2,5\u00a0sekundy. Maxim\u00e1ln\u00ed dosah v\u00fdrobce uv\u00e1d\u00ed kolem deseti metr\u016f.<\/p>\n<p class=\"c_bB\">Robot nav\u00edc nemus\u00ed slou\u017eit jen jednomu \u010dlov\u011bku. Syst\u00e9m dok\u00e1\u017ee sou\u010dasn\u011b sledovat a\u017e p\u011bt hr\u00e1\u010d\u016f a\u00a0p\u0159ihr\u00e1vky mezi nimi st\u0159\u00eddat. Z\u00a0individu\u00e1ln\u00edho tr\u00e9ninku se tak m\u016f\u017ee st\u00e1t mal\u00e1 sout\u011b\u017e, ve kter\u00e9 se na obrazovce zobrazuj\u00ed sk\u00f3re a\u00a0po\u0159ad\u00ed.<\/p>\n<p><img height=\"1350\"   width=\"1800\" src=\"https:\/\/www.europesays.com\/cz\/wp-content\/uploads\/2026\/09\/lumistar-carry.mpo.jpeg\" loading=\"eager\" decoding=\"sync\" class=\"c_t c_r\"\/>Foto: Miloslav Fi\u0161er, Novinky<\/p>\n<p class=\"c_bB\">Lumistar Carry na veletrhu IFA 2026<\/p>\n<p>Tren\u00e9r, kter\u00fd nezapom\u00edn\u00e1<\/p>\n<p class=\"c_bB\">T\u00edm ale schopnosti Carry nekon\u010d\u00ed. Robot m\u00e1 fungovat tak\u00e9 jako jak\u00fdsi digit\u00e1ln\u00ed tren\u00e9r. Pomoc\u00ed kamer a\u00a0softwaru analyzuje pohyb t\u011bla p\u0159i st\u0159elb\u011b\u00a0\u2013 od pr\u00e1ce nohou a\u017e po pohyb rukou\u00a0\u2013 a\u00a0sleduje nap\u0159\u00edklad trajektorii st\u0159ely nebo jej\u00ed rotaci.<\/p>\n<p class=\"c_bB\">V\u00fdsledkem maj\u00ed b\u00fdt p\u0159ehledy a\u00a0takzvan\u00e9 heatmapy, ze kter\u00fdch hr\u00e1\u010d pozn\u00e1, odkud se mu da\u0159\u00ed st\u0159\u00edlet a\u00a0kde m\u00e1 naopak rezervy. Syst\u00e9m podle v\u00fdrobce dok\u00e1\u017ee na z\u00e1klad\u011b p\u0159edchoz\u00edho tr\u00e9ninku p\u0159ipravovat tak\u00e9 dal\u0161\u00ed tr\u00e9ninkov\u00fd pl\u00e1n.<\/p>\n<p class=\"c_bB\">V praxi tak nejde jen o\u00a0to dostat co nejrychleji dal\u0161\u00ed m\u00ed\u010d do ruky. Carry m\u00e1 sb\u00edrat data o\u00a0cel\u00e9m tr\u00e9ninku a\u00a0prom\u011bnit je v\u00a0informace, se kter\u00fdmi m\u016f\u017ee hr\u00e1\u010d d\u00e1l pracovat.<\/p>\n<p class=\"c_bB\">Tr\u00e9nink si lze nav\u00edc nastavit podle vlastn\u00edch pot\u0159eb. U\u017eivatel m\u016f\u017ee m\u011bnit po\u010det opakov\u00e1n\u00ed z\u00a0jednotliv\u00fdch pozic, intervaly mezi p\u0159ihr\u00e1vkami nebo zp\u016fsob, jak\u00fdm jsou m\u00ed\u010de doru\u010dov\u00e1ny. Speci\u00e1ln\u00ed re\u017eim Lead-Pass je ur\u010den\u00fd nap\u0159\u00edklad pro n\u00e1cvik pohybu bez m\u00ed\u010de a\u00a0n\u00e1sledn\u00e9ho zakon\u010den\u00ed. Ovl\u00e1d\u00e1n\u00ed prob\u00edh\u00e1 p\u0159es desetipalcov\u00fd displej p\u0159\u00edmo na za\u0159\u00edzen\u00ed nebo prost\u0159ednictv\u00edm mobiln\u00ed aplikace.<\/p>\n<p>Vejde se i\u00a0do gar\u00e1\u017ee<\/p>\n<p class=\"c_bB\">P\u0159esto\u017ee Lumistar Carry p\u016fsob\u00ed na h\u0159i\u0161ti jako pom\u011brn\u011b robustn\u00ed za\u0159\u00edzen\u00ed, v\u00fdrobce ho navrhl tak, aby s\u00a0n\u00edm dok\u00e1zal manipulovat jedin\u00fd \u010dlov\u011bk. Samotn\u00e1 jednotka v\u00e1\u017e\u00ed zhruba 35\u00a0kilogram\u016f a\u00a0m\u00e1 kole\u010dka a\u00a0madlo. Automatick\u00e1 s\u00ed\u0165 se m\u00e1 rozlo\u017eit po stisknut\u00ed jedin\u00e9ho tla\u010d\u00edtka, p\u0159i\u010dem\u017e cel\u00e9 spu\u0161t\u011bn\u00ed m\u00e1 zabrat zhruba minutu.<\/p>\n<p class=\"c_bB\">Na jedno nabit\u00ed m\u00e1 robot zvl\u00e1dnout a\u017e \u010dty\u0159i hodiny intenzivn\u00edho tr\u00e9ninku. Baterii lze dob\u00edt z\u00a020\u00a0na 80\u00a0procent za m\u00e9n\u011b ne\u017e dv\u011b hodiny a\u00a0za\u0159\u00edzen\u00ed m\u016f\u017ee fungovat tak\u00e9 p\u0159\u00edmo ze z\u00e1suvky. Nechyb\u00ed dokonce USB konektor pro nab\u00edjen\u00ed telefonu.<\/p>\n<p class=\"c_bB\">Myslelo se i\u00a0na bezpe\u010dnost. Pokud senzory zaznamenaj\u00ed \u010dlov\u011bka v\u00a0ochrann\u00e9 z\u00f3n\u011b zhruba 2,8\u00a0metru kolem za\u0159\u00edzen\u00ed, Carry m\u00e1 okam\u017eit\u011b zastavit pod\u00e1v\u00e1n\u00ed m\u00ed\u010d\u016f.<\/p>\n<p>Na prvn\u00edch h\u0159i\u0161t\u00edch u\u017e letos<\/p>\n<p class=\"c_bB\">Lumistar bude prioritn\u011b doru\u010dovat prvn\u00ed roboty podporovatel\u016fm z\u00a0Kickstarteru b\u011bhem leto\u0161n\u00edho podzimu. V\u0161e tedy nasv\u011bd\u010duje tomu, \u017ee se tyto automatizovan\u00e9 syst\u00e9my objev\u00ed na prvn\u00edch h\u0159i\u0161t\u00edch je\u0161t\u011b p\u0159ed V\u00e1nocemi.<\/p>\n<p class=\"c_bB\">Robotick\u00e9ho protihr\u00e1\u010de bylo mo\u017en\u00e9 na Kickstarteru z\u00edskat za 2499\u00a0dolar\u016f (52\u00a0000\u00a0K\u010d), ve voln\u00e9m prodeji se po\u010d\u00edt\u00e1 s\u00a0cenou 3999\u00a0dolar\u016f, co\u017e odpov\u00edd\u00e1 zhruba 83\u00a0000\u00a0K\u010d. Kdy p\u0159esn\u011b se novinka dostane na pulty obchod\u016f a\u00a0zda si ji bude moci koupit kdokoliv, v\u0161ak z\u00e1stupci spole\u010dnosti na berl\u00ednsk\u00e9m v\u00fdstavi\u0161ti neup\u0159esnili.<\/p>\n<p><img height=\"1350\"   width=\"1800\" src=\"https:\/\/www.europesays.com\/cz\/wp-content\/uploads\/2026\/09\/1788706873_656_lumistar-carry.mpo.jpeg\" loading=\"eager\" decoding=\"sync\" class=\"c_t c_r\"\/>Foto: Miloslav Fi\u0161er, Novinky<\/p>\n<p class=\"c_bB\">Lumistar Carry na veletrhu IFA 2026<\/p>\n<p><a data-dot=\"atm-link\" target=\"_self\" href=\"https:\/\/www.novinky.cz\/clanek\/internet-a-pc-hardware-ifa-2026-vidi-uplne-vsude-a-nataci-v-8k-dji-ma-novou-360deg-kameru-40596266\" class=\"c_I\" rel=\"nofollow noopener\"><img height=\"1012\" width=\"1800\" src=\"https:\/\/www.europesays.com\/cz\/wp-content\/uploads\/2026\/09\/1788706873_42_dji-osmo-360-ii-dji-osmo-360-ii.mpo.jpeg\" loading=\"eager\" decoding=\"sync\" class=\"c_t c_r\"\/><\/a><\/p>\n","protected":false},"excerpt":{"rendered":"\u017de novinka bude hit, bylo jasn\u00e9 u\u017e p\u0159ed startem berl\u00ednsk\u00e9ho veletrhu. V\u00a0l\u00e9t\u011b se toti\u017e konala crowdfundingov\u00e1 kampa\u0148, ve&hellip;\n","protected":false},"author":2,"featured_media":204754,"comment_status":"","ping_status":"","sticky":false,"template":"","format":"standard","meta":{"footnotes":"","_share_on_mastodon":"0"},"categories":[15],"tags":[1085,4125,45891,94,93,1105],"class_list":["post-204753","post","type-post","status-publish","format-standard","has-post-thumbnail","category-sport","tag-basketbal","tag-berlin","tag-ifa-berlin","tag-sport","tag-sports","tag-veletrh"],"share_on_mastodon":{"url":"https:\/\/pubeurope.com\/@cz\/117224701231483386","error":""},"_links":{"self":[{"href":"https:\/\/www.europesays.com\/cz\/wp-json\/wp\/v2\/posts\/204753","targetHints":{"allow":["GET"]}}],"collection":[{"href":"https:\/\/www.europesays.com\/cz\/wp-json\/wp\/v2\/posts"}],"about":[{"href":"https:\/\/www.europesays.com\/cz\/wp-json\/wp\/v2\/types\/post"}],"author":[{"embeddable":true,"href":"https:\/\/www.europesays.com\/cz\/wp-json\/wp\/v2\/users\/2"}],"replies":[{"embeddable":true,"href":"https:\/\/www.europesays.com\/cz\/wp-json\/wp\/v2\/comments?post=204753"}],"version-history":[{"count":0,"href":"https:\/\/www.europesays.com\/cz\/wp-json\/wp\/v2\/posts\/204753\/revisions"}],"wp:featuredmedia":[{"embeddable":true,"href":"https:\/\/www.europesays.com\/cz\/wp-json\/wp\/v2\/media\/204754"}],"wp:attachment":[{"href":"https:\/\/www.europesays.com\/cz\/wp-json\/wp\/v2\/media?parent=204753"}],"wp:term":[{"taxonomy":"category","embeddable":true,"href":"https:\/\/www.europesays.com\/cz\/wp-json\/wp\/v2\/categories?post=204753"},{"taxonomy":"post_tag","embeddable":true,"href":"https:\/\/www.europesays.com\/cz\/wp-json\/wp\/v2\/tags?post=204753"}],"curies":[{"name":"wp","href":"https:\/\/api.w.org\/{rel}","templated":true}]}}