{"id":204814,"date":"2026-09-06T16:20:16","date_gmt":"2026-09-06T16:20:16","guid":{"rendered":"https:\/\/www.europesays.com\/cz\/204814\/"},"modified":"2026-09-06T16:20:16","modified_gmt":"2026-09-06T16:20:16","slug":"valka-v-iranu-nejspis-potrva-dalsich-sest-mesicu-trump-ma-podle-byvaleho-sefa-pentagonu-tri-moznosti","status":"publish","type":"post","link":"https:\/\/www.europesays.com\/cz\/204814\/","title":{"rendered":"V\u00e1lka v\u00a0\u00cdr\u00e1nu nejsp\u00ed\u0161 potrv\u00e1 dal\u0161\u00edch \u0161est m\u011bs\u00edc\u016f. Trump m\u00e1 podle b\u00fdval\u00e9ho \u0161\u00e9fa Pentagonu t\u0159i mo\u017enosti"},"content":{"rendered":"<p class=\"c_bB\">\u201eNen\u00ed z\u00e1hadou, \u017ee Spojen\u00e9 st\u00e1ty a\u00a0\u00cdr\u00e1n uv\u00e1zly v\u00a0p\u0159\u00ed\u0161ern\u00e9 patov\u00e9 situaci, kde se jim nab\u00edz\u00ed jen velmi m\u00e1lo mo\u017enost\u00ed, jak tuto v\u00e1lku ukon\u010dit. Domn\u00edv\u00e1m se, \u017ee je pravd\u011bpodobn\u00e9, \u017ee tato v\u00e1lka bude bez \u0159e\u0161en\u00ed pokra\u010dovat dal\u0161\u00edch \u0161est m\u011bs\u00edc\u016f,\u201c \u0159ekl v\u00a0<a data-dot=\"atm-link\" target=\"_blank\" rel=\"noopener nofollow\" href=\"https:\/\/www.theguardian.com\/world\/2026\/sep\/06\/iran-war-trump-leon-panetta-interview\" class=\"c_I\">rozhovoru<\/a> b\u00fdval\u00fd ministr obrany z\u00a0administrativy demokrata Baracka Obamy. Trumpovi se podle Panetty nyn\u00ed nab\u00edz\u00ed t\u0159i mo\u017enosti.<\/p>\n<p class=\"c_bB\">Prvn\u00ed je v\u00e1lku ukon\u010dit a\u00a0p\u0159iznat, \u017ee selhal, ale to si pr\u00fd nedok\u00e1\u017ee p\u0159edstavit, \u017ee by Trump n\u011bkdy ud\u011blal.<\/p>\n<p class=\"c_bB\">Druhou mo\u017enost\u00ed je prodlu\u017eov\u00e1n\u00ed sou\u010dasn\u00e9ho patov\u00e9ho stavu \u201eperiodick\u00fdmi \u00fatoky obou stran, oko za oko\u201c, kdy se ob\u011b zem\u011b budou sna\u017eit vyhnout rozpout\u00e1n\u00ed nebezpe\u010dn\u011bj\u0161\u00ed v\u00e1lky, ale z\u00e1rove\u0148 nebudou vyjedn\u00e1vat a\u00a0ani jedna strana se nevzd\u00e1. Pr\u00e1v\u011b tato varianta by podle b\u00fdval\u00e9ho ministra vedla k\u00a0nekone\u010dn\u00e9mu konfliktu.<\/p>\n<p><a data-dot=\"atm-link\" target=\"_self\" href=\"https:\/\/www.novinky.cz\/clanek\/zahranicni-americane-zasahli-tri-iranske-tankery-40596251\" class=\"c_I\" rel=\"nofollow noopener\"><img fetchpriority=\"high\" height=\"1080\" width=\"1920\" src=\"https:\/\/www.europesays.com\/cz\/wp-content\/uploads\/2026\/09\/1788711614_8_8241.jpeg\" loading=\"eager\" decoding=\"sync\" class=\"c_t c_r\"\/><\/a><\/p>\n<p class=\"c_bB\">T\u0159et\u00ed mo\u017enost\u00ed, kter\u00e1 se podle Panetty Trumpovi nab\u00edz\u00ed, je zabr\u00e1n\u00ed Hormuzsk\u00e9ho pr\u016flivu, kter\u00fdm by \u00cdr\u00e1n p\u0159ipravil o\u00a0jeho \u201enejnebezpe\u010dn\u011bj\u0161\u00ed v\u00fdhodu\u201c, tedy schopnost naru\u0161it uzav\u0159en\u00edm pr\u016flivu glob\u00e1ln\u00ed obchod.<\/p>\n<p class=\"c_bB\">\u201eTak\u017ee prezident bu\u010f zabere a\u00a0ud\u011bl\u00e1, co je pot\u0159eba, aby Hormuzsk\u00fd pr\u016fliv otev\u0159el, nebo bude d\u00e1l p\u0159edst\u00edrat, \u017ee patovou situaci n\u011bjak\u00fdm zp\u016fsobem vyhr\u00e1v\u00e1, i\u00a0kdy\u017e to tak re\u00e1ln\u011b nen\u00ed,\u201c dodal b\u00fdval\u00fd ministr.<\/p>\n<p class=\"c_bB\">Na ot\u00e1zky americk\u00fdch report\u00e9r\u016f o\u00a0v\u00e1lce s\u00a0\u00cdr\u00e1nem tento t\u00fdden odpov\u00eddal Trump\u016fv viceprezident J. D. Vance. Ten nejprve uvedl, \u017ee by konflikt v\u00e1lkou v\u016fbec nenaz\u00fdval. Kdy\u017e se jej pak novin\u00e1\u0159i dopt\u00e1vali, zda podle n\u011bj konflikt do listopadov\u00fdch voleb do Kongresu skon\u010d\u00ed, odpov\u011bd\u011bl: \u201eDomn\u00edv\u00e1m se, \u017ee skute\u010dnost je takov\u00e1, \u017ee odpov\u011b\u010f na tuto ot\u00e1zku nezn\u00e1m.\u201c<\/p>\n<p class=\"c_bB\">Americk\u00e9 v\u00e1le\u010dn\u00e9 snahy podle Panetty tak\u00e9 oslabuje chaos, kter\u00fd v\u00a0Pentagonu panuje pod veden\u00edm sou\u010dasn\u00e9ho ministra Petea Hegsetha. Kv\u016fli konfliktu s\u00a0Hegsethem p\u00e1r dn\u00ed p\u0159ed Panettov\u00fdm rozhovorem n\u00e1hle rezignoval americk\u00fd ministr arm\u00e1dy Dan Driscoll.<\/p>\n<p><a data-dot=\"atm-link\" target=\"_self\" href=\"https:\/\/www.novinky.cz\/clanek\/zahranicni-amerika-namestek-pentagonu-po-rozeprich-s-hegsethem-konci-40595398\" class=\"c_I\" rel=\"nofollow noopener\"><img height=\"2250\" width=\"4000\" src=\"https:\/\/www.europesays.com\/cz\/wp-content\/uploads\/2026\/09\/1788711614_767_03f2.jpeg\" loading=\"eager\" decoding=\"sync\" class=\"c_t c_r\"\/><\/a><\/p>\n<p class=\"c_bB\">\u201eAmeri\u010dt\u00ed voj\u00e1ci jdou do v\u00e1lky v\u00a0dob\u011b, kdy v\u00a0Pentagonu ve velitelsk\u00e9 struktu\u0159e panuje ohromn\u00fd zmatek, co\u017e skute\u010dn\u011b vytv\u00e1\u0159\u00ed pocit, jako by ho nikdo ne\u0159\u00eddil. J\u00e1 se domn\u00edv\u00e1m, \u017ee a\u0165 u\u017e je to \u00cdr\u00e1n nebo kdokoliv jin\u00fd z\u00a0na\u0161ich protivn\u00edk\u016f, te\u010f se na USA koukaj\u00ed a\u00a0vid\u00ed slabinu v\u00a0na\u0161\u00ed schopnosti skute\u010dn\u011b implementovat na\u0161e vojensk\u00e9 kapacity na obranu zem\u011b,\u201c zhodnotil situaci Panetta.<\/p>\n<p class=\"c_bB\">Pentagon zpr\u00e1vy o\u00a0vnit\u0159n\u00edm chaosu v\u00a0\u00fa\u0159adu dlouhodob\u011b pop\u00edr\u00e1. Naopak tvrd\u00ed, \u017ee ministerstvo pod Hegsethem \u201e\u0161lape na pln\u00e9 obr\u00e1tky\u201c.<\/p>\n<p class=\"c_bB\">\u201ePremisa, \u017ee je ministerstvo v\u00a0rozvratu, nem\u00e1 \u017e\u00e1dn\u00e9 opodstatn\u011bn\u00ed a\u00a0je ur\u00e1\u017ekou ka\u017ed\u00e9ho oddan\u00e9ho profesion\u00e1la a\u00a0v\u00e1le\u010dn\u00edka v\u00a0t\u00e9to budov\u011b, kter\u00fd ka\u017ed\u00fd den chod\u00ed do pr\u00e1ce, aby br\u00e1nil tento n\u00e1rod. Tak vypad\u00e1 reforma,\u201c prohl\u00e1sil mluv\u010d\u00ed Pentagonu Sean Parnell.<\/p>\n<p><a data-dot=\"atm-link\" target=\"_self\" href=\"https:\/\/www.novinky.cz\/clanek\/zahranicni-amerika-kdo-rekl-ze-dochazi-munice-v-armade-usa-probehlo-bezprecedentni-testovani-na-detektoru-lzi-40596207\" class=\"c_I\" rel=\"nofollow noopener\"><img height=\"2304\" width=\"4096\" src=\"https:\/\/www.europesays.com\/cz\/wp-content\/uploads\/2026\/09\/1788711616_520_f078.jpeg\" loading=\"eager\" decoding=\"sync\" class=\"c_t c_r\"\/><\/a><\/p>\n","protected":false},"excerpt":{"rendered":"\u201eNen\u00ed z\u00e1hadou, \u017ee Spojen\u00e9 st\u00e1ty a\u00a0\u00cdr\u00e1n uv\u00e1zly v\u00a0p\u0159\u00ed\u0161ern\u00e9 patov\u00e9 situaci, kde se jim nab\u00edz\u00ed jen velmi m\u00e1lo mo\u017enost\u00ed,&hellip;\n","protected":false},"author":2,"featured_media":204815,"comment_status":"","ping_status":"","sticky":false,"template":"","format":"standard","meta":{"footnotes":"","_share_on_mastodon":"0"},"categories":[11],"tags":[4495,212,6387,808,2664,7825,46516,463,7884,54,113,53,52],"class_list":["post-204814","post","type-post","status-publish","format-standard","has-post-thumbnail","category-svet","tag-blizky-vychod","tag-donald-trump","tag-hormuzsky-pruliv","tag-iran","tag-james-david-vance","tag-konflikt-usa-izrael-iran","tag-leon-panetta","tag-pentagon","tag-peter-hegseth","tag-svet","tag-usa","tag-world","tag-world-news"],"share_on_mastodon":{"url":"https:\/\/pubeurope.com\/@cz\/117225011824019035","error":""},"_links":{"self":[{"href":"https:\/\/www.europesays.com\/cz\/wp-json\/wp\/v2\/posts\/204814","targetHints":{"allow":["GET"]}}],"collection":[{"href":"https:\/\/www.europesays.com\/cz\/wp-json\/wp\/v2\/posts"}],"about":[{"href":"https:\/\/www.europesays.com\/cz\/wp-json\/wp\/v2\/types\/post"}],"author":[{"embeddable":true,"href":"https:\/\/www.europesays.com\/cz\/wp-json\/wp\/v2\/users\/2"}],"replies":[{"embeddable":true,"href":"https:\/\/www.europesays.com\/cz\/wp-json\/wp\/v2\/comments?post=204814"}],"version-history":[{"count":0,"href":"https:\/\/www.europesays.com\/cz\/wp-json\/wp\/v2\/posts\/204814\/revisions"}],"wp:featuredmedia":[{"embeddable":true,"href":"https:\/\/www.europesays.com\/cz\/wp-json\/wp\/v2\/media\/204815"}],"wp:attachment":[{"href":"https:\/\/www.europesays.com\/cz\/wp-json\/wp\/v2\/media?parent=204814"}],"wp:term":[{"taxonomy":"category","embeddable":true,"href":"https:\/\/www.europesays.com\/cz\/wp-json\/wp\/v2\/categories?post=204814"},{"taxonomy":"post_tag","embeddable":true,"href":"https:\/\/www.europesays.com\/cz\/wp-json\/wp\/v2\/tags?post=204814"}],"curies":[{"name":"wp","href":"https:\/\/api.w.org\/{rel}","templated":true}]}}