{"id":204844,"date":"2026-09-06T16:38:14","date_gmt":"2026-09-06T16:38:14","guid":{"rendered":"https:\/\/www.europesays.com\/cz\/204844\/"},"modified":"2026-09-06T16:38:14","modified_gmt":"2026-09-06T16:38:14","slug":"volby-v-sasku-anhaltsku-podle-prognoz-drtive-vyhrala-afd","status":"publish","type":"post","link":"https:\/\/www.europesays.com\/cz\/204844\/","title":{"rendered":"Volby v\u00a0Sasku-Anhaltsku podle progn\u00f3z drtiv\u011b vyhr\u00e1la AfD"},"content":{"rendered":"<p class=\"c_bB\">AfD, kterou sasko-anhaltsk\u00e1 zemsk\u00e1 tajn\u00e1 slu\u017eba pova\u017euje od roku 2023\u00a0za prokazateln\u011b pravicov\u011b extremistickou, ale podle progn\u00f3z nez\u00edskala v\u00a0zemsk\u00e9m sn\u011bmu v\u011bt\u0161inu 42\u00a0mand\u00e1t\u016f. ZDF j\u00ed zat\u00edm p\u0159isuzuje 44,5\u00a0procenta hlas\u016f a\u00a041\u00a0k\u0159esel, ARD 44\u00a0procent hlas\u016f a\u00a039\u00a0k\u0159esel.<\/p>\n<p class=\"c_bB\">\u201eAfD v\u00fdsledkem ve volb\u00e1ch v\u00a0Sasku-Anhaltsku p\u00ed\u0161e d\u011bjiny,\u201c prohl\u00e1sil p\u0159esto podle <a data-dot=\"atm-link\" target=\"_blank\" rel=\"noopener nofollow\" href=\"https:\/\/www.bild.de\/politik\/inland\/sachsen-anhalt-wahlbeteiligung-bis-14-uhr-fast-verdoppelt-6a9d6841c0adcd67d87bb88a\" class=\"c_I\">den\u00edku Bild <\/a>zemsk\u00fd l\u00eddr Ulrich Siegmund.<\/p>\n<p class=\"c_bB\">Na druh\u00e9m m\u00edst\u011b podle p\u0159edb\u011b\u017en\u00fdch v\u00fdsledk\u016f skon\u010dila dosud vl\u00e1dn\u00ed K\u0159es\u0165anskodemokratick\u00e1 unie (CDU) s\u00a018,5\u00a0procenta, kterou tak AfD porazila o\u00a0t\u00e9m\u011b\u0159 neuv\u011b\u0159iteln\u00fdch 25,5\u00a0procentn\u00edch bod\u016f.<\/p>\n<p class=\"c_bB\">O t\u0159et\u00ed m\u00edsto se podle progn\u00f3z d\u011bl\u00ed soci\u00e1ln\u00ed demokrat\u00e9 (SPD) a\u00a0postkomunistick\u00e1 Levice (Die Linke), kter\u00e9 maj\u00ed shodn\u011b po dev\u00edti procentech.<\/p>\n<p class=\"c_bB\">Volby ve spolkov\u00e9 zemi Sasko-Anhaltsko prov\u00e1zela rekordn\u00ed \u00fa\u010dast. Podle den\u00edku Bild se k\u00a0urn\u00e1m dostavilo v\u00edce ne\u017e 65\u00a0procent opr\u00e1vn\u011bn\u00fdch voli\u010d\u016f. AfD tak z\u00edskala \u201evelmi siln\u00fd mand\u00e1t.\u201c<\/p>\n<p><a data-dot=\"atm-link\" target=\"_self\" href=\"https:\/\/www.novinky.cz\/clanek\/zahranicni-naskok-je-drtivy-afd-s-sarmantnim-lidrem-v-cele-vede-i-v-poslednim-pruzkumu-pred-volbami-v-sasku-anhaltsku-40596226\" class=\"c_I\" rel=\"nofollow noopener\"><img fetchpriority=\"high\" height=\"2304\" width=\"4096\" src=\"https:\/\/www.europesays.com\/cz\/wp-content\/uploads\/2026\/09\/1788712694_666_e00e.jpeg\" loading=\"eager\" decoding=\"sync\" class=\"c_t c_r\"\/><\/a><\/p>\n","protected":false},"excerpt":{"rendered":"AfD, kterou sasko-anhaltsk\u00e1 zemsk\u00e1 tajn\u00e1 slu\u017eba pova\u017euje od roku 2023\u00a0za prokazateln\u011b pravicov\u011b extremistickou, ale podle progn\u00f3z nez\u00edskala v\u00a0zemsk\u00e9m&hellip;\n","protected":false},"author":2,"featured_media":204845,"comment_status":"","ping_status":"","sticky":false,"template":"","format":"standard","meta":{"footnotes":"","_share_on_mastodon":"0"},"categories":[11],"tags":[375,12664,54,959,53,52],"class_list":["post-204844","post","type-post","status-publish","format-standard","has-post-thumbnail","category-svet","tag-nemecko","tag-sasko-anhaltsko","tag-svet","tag-volby","tag-world","tag-world-news"],"share_on_mastodon":{"url":"https:\/\/pubeurope.com\/@cz\/117225082957939700","error":""},"_links":{"self":[{"href":"https:\/\/www.europesays.com\/cz\/wp-json\/wp\/v2\/posts\/204844","targetHints":{"allow":["GET"]}}],"collection":[{"href":"https:\/\/www.europesays.com\/cz\/wp-json\/wp\/v2\/posts"}],"about":[{"href":"https:\/\/www.europesays.com\/cz\/wp-json\/wp\/v2\/types\/post"}],"author":[{"embeddable":true,"href":"https:\/\/www.europesays.com\/cz\/wp-json\/wp\/v2\/users\/2"}],"replies":[{"embeddable":true,"href":"https:\/\/www.europesays.com\/cz\/wp-json\/wp\/v2\/comments?post=204844"}],"version-history":[{"count":0,"href":"https:\/\/www.europesays.com\/cz\/wp-json\/wp\/v2\/posts\/204844\/revisions"}],"wp:featuredmedia":[{"embeddable":true,"href":"https:\/\/www.europesays.com\/cz\/wp-json\/wp\/v2\/media\/204845"}],"wp:attachment":[{"href":"https:\/\/www.europesays.com\/cz\/wp-json\/wp\/v2\/media?parent=204844"}],"wp:term":[{"taxonomy":"category","embeddable":true,"href":"https:\/\/www.europesays.com\/cz\/wp-json\/wp\/v2\/categories?post=204844"},{"taxonomy":"post_tag","embeddable":true,"href":"https:\/\/www.europesays.com\/cz\/wp-json\/wp\/v2\/tags?post=204844"}],"curies":[{"name":"wp","href":"https:\/\/api.w.org\/{rel}","templated":true}]}}