{"id":20512,"date":"2026-03-11T04:33:16","date_gmt":"2026-03-11T04:33:16","guid":{"rendered":"https:\/\/www.europesays.com\/cz\/20512\/"},"modified":"2026-03-11T04:33:16","modified_gmt":"2026-03-11T04:33:16","slug":"po-hradech-v-doprovodu-plesla-ceska-televize-uvede-novou-radu-cyklu-skryte-skvosty-aktualne-cz","status":"publish","type":"post","link":"https:\/\/www.europesays.com\/cz\/20512\/","title":{"rendered":"Po hradech v doprovodu Plesla. \u010cesk\u00e1 televize uvede novou \u0159adu cyklu Skryt\u00e9 skvosty \u2013 Aktu\u00e1ln\u011b.cz"},"content":{"rendered":"<p>&#8222;Prvn\u00ed d\u00edl bude z hradu Lipnice, kde pracuje jako kastel\u00e1n m\u016fj dlouholet\u00fd kamar\u00e1d Marek Hanzl\u00edk. Mysl\u00edm, \u017ee to bude d\u00edl, ve kter\u00e9m se div\u00e1ci dozv\u011bd\u00ed mnoho zaj\u00edmav\u00fdch v\u011bc\u00ed o stavebn\u00edm v\u00fdvoji toho hradu, o t\u0159icetilet\u00e9 v\u00e1lce, velk\u00e9m po\u017e\u00e1ru m\u011bsta Lipnice nebo o znovuzrozen\u00ed toho objektu, na kter\u00e9m se spolupod\u00edlel i Jaroslav Ha\u0161ek,&#8220; \u0159ekl Plesl.<\/p>\n<p>Dal\u0161\u00edch dev\u011bt p\u016flhodinov\u00fdch d\u00edl\u016f zavede div\u00e1ky do Da\u010dic, Slati\u0148an, Karlovy Koruny, na Vald\u0161tejn, \u0160ternberk, do B\u0159eznice, Sv\u011btl\u00e9 nad S\u00e1zavou, do kl\u00e1\u0161tera Plasy a do Z\u00e1kup. Cyklus vznikl ve spolupr\u00e1ci \u010cesk\u00e9 televize s <a href=\"https:\/\/magazin.aktualne.cz\/stitky\/narodni-pamatkovy-ustav\" rel=\"nofollow noopener\" target=\"_blank\">N\u00e1rodn\u00edm pam\u00e1tkov\u00fdm \u00fastavem<\/a> (NP\u00da) a agenturou CzechTourism.<\/p>\n<p>&#8222;N\u00e1rodn\u00ed pam\u00e1tkov\u00fd \u00fastav je partnerem seri\u00e1lu Skryt\u00e9 skvosty u\u017e od jeho prvn\u00ed \u0159ady. Velmi si v\u00e1\u017e\u00edme toho, \u017ee seri\u00e1l p\u0159edstavuje pam\u00e1tky nejen jako architektonicky v\u00fdjime\u010dn\u00e9 objekty, ale p\u0159edev\u0161\u00edm jako m\u00edsta s vlastn\u00edm p\u0159\u00edb\u011bhem a pam\u011bt\u00ed. Jsou to pam\u00e1tky, kter\u00e9 maj\u00ed lidem i dnes co \u0159\u00edct a kter\u00e9 tvo\u0159\u00ed d\u016fle\u017eitou sou\u010d\u00e1st na\u0161eho kulturn\u00edho d\u011bdictv\u00ed,&#8220; uvedla Na\u010fa Goryczkov\u00e1, gener\u00e1ln\u00ed \u0159editelka NP\u00da, kter\u00fd se star\u00e1 o sedm z deseti pam\u00e1tek p\u0159edstaven\u00fdch v t\u00e9to s\u00e9rii.<\/p>\n<p>Herec a pr\u016fvodce <a href=\"https:\/\/magazin.aktualne.cz\/stitky\/jaroslav-plesl\" rel=\"nofollow noopener\" target=\"_blank\">Plesl<\/a> po hradech a z\u00e1mc\u00edch ve sv\u00e9m voln\u00e9m \u010dase mnoho let prov\u00e1zel, dokonce cht\u011bl b\u00fdt jeden \u010das i kastel\u00e1nem. &#8222;Hrady a z\u00e1mky jsou mou v\u00e1\u0161n\u00ed a kon\u00ed\u010dkem. Jinak jsem ale po nich prov\u00e1zel, kdy\u017e mi bylo \u0161estn\u00e1ct, a jinak p\u0159ed p\u011bti lety, proto\u017ee v ka\u017ed\u00e9m v\u011bku v\u00e1s zaj\u00edm\u00e1 n\u011bco jin\u00e9ho. Moje je\u0161itnost a stavovsk\u00e1 hrdost pr\u016fvodcovsk\u00e1 mi v\u0161ak br\u00e1nily v tom, abych vid\u011bl nud\u00edc\u00edho se n\u00e1v\u0161t\u011bvn\u00edka,&#8220; sd\u011blil Plesl.<\/p>\n<p>Ve t\u0159et\u00ed \u0159ad\u011b dokument\u00e1rn\u00edho cyklu Skryt\u00e9 skvosty div\u00e1ci uvid\u00ed nejen st\u00e1tn\u00ed pam\u00e1tky, ale i objekty v soukrom\u00e9m vlastnictv\u00ed. Vypr\u00e1v\u011bn\u00ed dopln\u00ed z\u00e1b\u011bry z archivu<a href=\"https:\/\/magazin.aktualne.cz\/stitky\/ceska-televize\" rel=\"nofollow noopener\" target=\"_blank\"> \u010cesk\u00e9 televize<\/a>, kter\u00fd skr\u00fdv\u00e1 mnoho poklad\u016f v podob\u011b historick\u00fdch obr\u00e1zk\u016f dan\u00fdch pam\u00e1tek, ale t\u0159eba i film\u016f, kter\u00e9 se na dan\u00e9m m\u00edst\u011b nat\u00e1\u010dely.<\/p>\n<p>&#8222;Jsme zem\u00ed zasl\u00edbenou pam\u00e1tk\u00e1m a \u010ce\u0161i miluj\u00ed putov\u00e1n\u00ed po hradech, z\u00e1mc\u00edch, kl\u00e1\u0161terech i tvrz\u00edch. Cyklus Skryt\u00e9 skvosty nab\u00edz\u00ed bli\u017e\u0161\u00ed pozn\u00e1n\u00ed m\u00edst, kter\u00e1 mo\u017en\u00e1 nejsou tolik zn\u00e1m\u00e1, ale o to p\u0159ekvapiv\u011bj\u0161\u00ed \u010di atraktivn\u011bj\u0161\u00ed dok\u00e1\u017eou b\u00fdt. A tak\u00e9 p\u0159edstavuje celou plej\u00e1du zap\u00e1len\u00fdch, ob\u011btav\u00fdch a \u010dasto velmi tvo\u0159iv\u00fdch kastel\u00e1n\u016f i nov\u00fdch majitel\u016f,&#8220; podotkla kreativn\u00ed producentka Pol\u00e1kov\u00e1.<\/p>\n<p>Z dokument\u00e1rn\u00edho po\u0159adu Skryt\u00e9 skvosty vych\u00e1z\u00ed i stejnojmenn\u00e1 kniha, ve kter\u00e9 auto\u0159i Monika Bobkov\u00e1 a Martin \u010cervenka p\u0159edstav\u00ed 20 pam\u00e1tek \u2013 od hrad\u016f a z\u00e1mk\u016f p\u0159es kl\u00e1\u0161ter a prvorepublikovou vilu a\u017e po ostravsk\u00fd d\u016fl.<\/p>\n","protected":false},"excerpt":{"rendered":"&#8222;Prvn\u00ed d\u00edl bude z hradu Lipnice, kde pracuje jako kastel\u00e1n m\u016fj dlouholet\u00fd kamar\u00e1d Marek Hanzl\u00edk. Mysl\u00edm, \u017ee to&hellip;\n","protected":false},"author":2,"featured_media":20513,"comment_status":"","ping_status":"","sticky":false,"template":"","format":"standard","meta":{"footnotes":"","_share_on_mastodon":"0"},"categories":[14],"tags":[737,79,10037,9248,875,80],"class_list":["post-20512","post","type-post","status-publish","format-standard","has-post-thumbnail","category-zabava","tag-ceska-televize","tag-entertainment","tag-hrady-a-zamky-v-cr","tag-jaroslav-plesl","tag-serial","tag-zabava"],"share_on_mastodon":{"url":"https:\/\/pubeurope.com\/@cz\/116208677843275749","error":""},"_links":{"self":[{"href":"https:\/\/www.europesays.com\/cz\/wp-json\/wp\/v2\/posts\/20512","targetHints":{"allow":["GET"]}}],"collection":[{"href":"https:\/\/www.europesays.com\/cz\/wp-json\/wp\/v2\/posts"}],"about":[{"href":"https:\/\/www.europesays.com\/cz\/wp-json\/wp\/v2\/types\/post"}],"author":[{"embeddable":true,"href":"https:\/\/www.europesays.com\/cz\/wp-json\/wp\/v2\/users\/2"}],"replies":[{"embeddable":true,"href":"https:\/\/www.europesays.com\/cz\/wp-json\/wp\/v2\/comments?post=20512"}],"version-history":[{"count":0,"href":"https:\/\/www.europesays.com\/cz\/wp-json\/wp\/v2\/posts\/20512\/revisions"}],"wp:featuredmedia":[{"embeddable":true,"href":"https:\/\/www.europesays.com\/cz\/wp-json\/wp\/v2\/media\/20513"}],"wp:attachment":[{"href":"https:\/\/www.europesays.com\/cz\/wp-json\/wp\/v2\/media?parent=20512"}],"wp:term":[{"taxonomy":"category","embeddable":true,"href":"https:\/\/www.europesays.com\/cz\/wp-json\/wp\/v2\/categories?post=20512"},{"taxonomy":"post_tag","embeddable":true,"href":"https:\/\/www.europesays.com\/cz\/wp-json\/wp\/v2\/tags?post=20512"}],"curies":[{"name":"wp","href":"https:\/\/api.w.org\/{rel}","templated":true}]}}