{"id":20886,"date":"2026-03-11T11:26:10","date_gmt":"2026-03-11T11:26:10","guid":{"rendered":"https:\/\/www.europesays.com\/cz\/20886\/"},"modified":"2026-03-11T11:26:10","modified_gmt":"2026-03-11T11:26:10","slug":"ukrajina-a-rusko-se-vzajemne-napadly-drony-urady-hlasi-obeti-a-ranene","status":"publish","type":"post","link":"https:\/\/www.europesays.com\/cz\/20886\/","title":{"rendered":"Ukrajina a\u00a0Rusko se vz\u00e1jemn\u011b napadly drony, \u00fa\u0159ady hl\u00e1s\u00ed ob\u011bti a\u00a0ran\u011bn\u00e9"},"content":{"rendered":"<p class=\"e_bK\">Dva lid\u00e9 p\u0159i\u0161li o\u00a0\u017eivot p\u0159i rusk\u00e9m \u00fatoku na Charkov na v\u00fdchod\u011b Ukrajiny, jeden \u010dlov\u011bk utrp\u011bl zran\u011bn\u00ed p\u0159i ukrajinsk\u00e9m \u00faderu na So\u010di na jihu Ruska, uv\u00e1d\u011bj\u00ed \u00fa\u0159ady obou zem\u00ed. Ukrajinsk\u00e9 drony podle zpr\u00e1v na soci\u00e1ln\u00edch s\u00edt\u00edch zas\u00e1hly chemi\u010dku Kujby\u0161evAzot ve m\u011bst\u011b Togliatti, kter\u00e9 le\u017e\u00ed asi 800\u00a0kilometr\u016f na v\u00fdchod od Moskvy.<\/p>\n<p class=\"e_bK\">O dvou zabit\u00fdch ve druh\u00e9m nejv\u011bt\u0161\u00edm ukrajinsk\u00e9m m\u011bst\u011b <a data-dot=\"atm-link\" target=\"_blank\" rel=\"noopener nofollow\" href=\"https:\/\/t.me\/ihor_terekhov\/3603\" class=\"e_m\">informoval<\/a> starosta Charkova Ihor Terechov, podle kter\u00e9ho Rusov\u00e9 <a data-dot=\"atm-link\" target=\"_blank\" rel=\"noopener nofollow\" href=\"https:\/\/t.me\/ihor_terekhov\/3602\" class=\"e_m\">za\u00fato\u010dili<\/a> na civiln\u00ed podnik. Po\u010det zran\u011bn\u00fdch mezit\u00edm vzrostl na sedm, <a data-dot=\"atm-link\" target=\"_blank\" rel=\"noopener nofollow\" href=\"https:\/\/t.me\/synegubov\/20488\" class=\"e_m\">uvedl<\/a> \u0161\u00e9f oblastn\u00ed spr\u00e1vy Oleh Syn\u011bhubov.<\/p>\n<p><a data-dot=\"mol-article-card-media\" aria-hidden=\"true\" tabindex=\"-1\" href=\"https:\/\/www.seznamzpravy.cz\/clanek\/audio-podcast-ptam-se-ja-co-cesko-riskuje-nizsimi-vydaji-na-obranu-byvaly-sef-armady-odpovida-301184\" class=\"e_m h_mi\" rel=\"nofollow noopener\" target=\"_blank\"><img fetchpriority=\"high\" height=\"1687\"   width=\"3000\" src=\"https:\/\/www.europesays.com\/cz\/wp-content\/uploads\/2026\/03\/defa.jpeg\" loading=\"eager\" decoding=\"sync\" class=\"e_U e_S\"\/><\/a><\/p>\n<p class=\"e_bK\">Trosky ukrajinsk\u00e9ho dronu zranily jednoho \u010dlov\u011bka v\u00a0\u010dernomo\u0159sk\u00e9m letovisku So\u010di, <a data-dot=\"atm-link\" target=\"_blank\" rel=\"noopener nofollow\" href=\"https:\/\/t.me\/opershtab23\/15357\" class=\"e_m\">ozn\u00e1mil<\/a> krizov\u00fd \u0161t\u00e1b rusk\u00e9ho Krasnodarsk\u00e9ho kraje. Ran\u011bn\u00e9mu sta\u010dilo ambulantn\u00ed o\u0161et\u0159en\u00ed, nepot\u0159eboval hospitalizaci, dodal.<\/p>\n<p class=\"e_bK\">Ukrajinsk\u00e9 drony zas\u00e1hly chemi\u010dku Kujby\u0161evAzot v\u00a0Togliatti, ve kter\u00e9 vypukl po\u017e\u00e1r, informuj\u00ed zpravodajsk\u00e9 kan\u00e1ly na soci\u00e1ln\u00ed s\u00edti Telegram. Podle serveru RBK-Ukrajina drony po\u0161kodily strategick\u00fd rusk\u00fd chemick\u00fd z\u00e1vod, kter\u00fd je p\u0159edn\u00edm v\u00fdrobcem miner\u00e1ln\u00edch hnojiv a\u00a0tak\u00e9 d\u016fle\u017eit\u00fdm dodavatelem surovin pro chemick\u00fd a\u00a0textiln\u00ed pr\u016fmysl.<\/p>\n<p class=\"e_bK\">Ofici\u00e1ln\u011b tyto informace nebyly potvrzeny. Gubern\u00e1tor Samarsk\u00e9 oblasti Vja\u010deslav Fedori\u0161\u010dev na telegramu <a data-dot=\"atm-link\" target=\"_blank\" rel=\"noopener nofollow\" href=\"https:\/\/t.me\/fedorishchev_official\/391\" class=\"e_m\">informoval<\/a> o\u00a0rozs\u00e1hl\u00e9m n\u00e1letu ukrajinsk\u00fdch bezpilotn\u00edch letadel, kter\u00e9 podle n\u011bj byly sest\u0159eleny, n\u00e1let si podle n\u011bj nevy\u017e\u00e1dal ob\u011bti ani ran\u011bn\u00e9. Dal\u0161\u00ed podrobnosti nesd\u011blil.<\/p>\n<p class=\"e_bK\">V Brjansk\u00e9 oblasti na z\u00e1pad\u011b Ruska, kde st\u0159ely s\u00a0plochou dr\u00e1hou letu Storm Shadow <a data-dot=\"atm-link\" target=\"_blank\" rel=\"noopener nofollow\" href=\"https:\/\/t.me\/GeneralStaffZSU\/35923\" class=\"e_m\">podle<\/a> ukrajinsk\u00e9ho gener\u00e1ln\u00edho \u0161t\u00e1bu v\u00a0\u00fater\u00fd zas\u00e1hly z\u00e1vod vyr\u00e1b\u011bj\u00edc\u00ed elektronick\u00e9 sou\u010d\u00e1stky pro rusk\u00e9 zbran\u011b, \u00fa\u0159ady <a data-dot=\"atm-link\" target=\"_blank\" rel=\"noopener nofollow\" href=\"https:\/\/t.me\/avbogomaz\/18391\" class=\"e_m\">vyhl\u00e1sily<\/a> den smutku na pam\u00e1tku \u0161esti ob\u011bt\u00ed. Po\u010det ran\u011bn\u00fdch stoupl z\u00a0p\u016fvodn\u011b ozn\u00e1men\u00fdch 37\u00a0na 42, napsal na telegramu gubern\u00e1tor Alexandr Bogomaz. Ukrajinci podle n\u011bj za\u00fato\u010dili na Brjansk sedmi st\u0159elami.<\/p>\n<p class=\"e_bK\">Rusk\u00e1 protivzdu\u0161n\u00e1 obrana b\u011bhem noci zni\u010dila 185\u00a0ukrajinsk\u00fdch dron\u016f, <a data-dot=\"atm-link\" target=\"_blank\" rel=\"noopener nofollow\" href=\"https:\/\/t.me\/mod_russia\/61864\" class=\"e_m\">tvrd\u00ed<\/a> rusk\u00e9 ministerstvo obrany, ani\u017e by zm\u00ednilo celkov\u00fd po\u010det \u00fato\u010d\u00edc\u00edch dron\u016f \u010di p\u0159\u00edpadn\u00e9 \u0161kody.<\/p>\n<p class=\"e_bK\">Rusko b\u011bhem noci vyslalo proti Ukrajin\u011b 99\u00a0dron\u016f, z\u00a0nich\u017e 90\u00a0se poda\u0159ilo zne\u0161kodnit, <a data-dot=\"atm-link\" target=\"_blank\" rel=\"noopener nofollow\" href=\"https:\/\/t.me\/kpszsu\/57687\" class=\"e_m\">informovalo<\/a> ukrajinsk\u00e9 letectvo. Bez dal\u0161\u00edch podrobnost\u00ed dodalo, \u017ee zaznamenalo z\u00e1sahy dev\u00edti dron\u016f na \u0161esti m\u00edstech. N\u00e1lety pokra\u010duj\u00ed, varovalo.<\/p>\n","protected":false},"excerpt":{"rendered":"Dva lid\u00e9 p\u0159i\u0161li o\u00a0\u017eivot p\u0159i rusk\u00e9m \u00fatoku na Charkov na v\u00fdchod\u011b Ukrajiny, jeden \u010dlov\u011bk utrp\u011bl zran\u011bn\u00ed p\u0159i ukrajinsk\u00e9m&hellip;\n","protected":false},"author":2,"featured_media":20887,"comment_status":"","ping_status":"","sticky":false,"template":"","format":"standard","meta":{"footnotes":"","_share_on_mastodon":"0"},"categories":[11],"tags":[464,10181,54,897,56,53,52],"class_list":["post-20886","post","type-post","status-publish","format-standard","has-post-thumbnail","category-svet","tag-drony","tag-nalety","tag-svet","tag-utok","tag-valka-rusko-ukrajina","tag-world","tag-world-news"],"share_on_mastodon":{"url":"https:\/\/pubeurope.com\/@cz\/116210301828193043","error":""},"_links":{"self":[{"href":"https:\/\/www.europesays.com\/cz\/wp-json\/wp\/v2\/posts\/20886","targetHints":{"allow":["GET"]}}],"collection":[{"href":"https:\/\/www.europesays.com\/cz\/wp-json\/wp\/v2\/posts"}],"about":[{"href":"https:\/\/www.europesays.com\/cz\/wp-json\/wp\/v2\/types\/post"}],"author":[{"embeddable":true,"href":"https:\/\/www.europesays.com\/cz\/wp-json\/wp\/v2\/users\/2"}],"replies":[{"embeddable":true,"href":"https:\/\/www.europesays.com\/cz\/wp-json\/wp\/v2\/comments?post=20886"}],"version-history":[{"count":0,"href":"https:\/\/www.europesays.com\/cz\/wp-json\/wp\/v2\/posts\/20886\/revisions"}],"wp:featuredmedia":[{"embeddable":true,"href":"https:\/\/www.europesays.com\/cz\/wp-json\/wp\/v2\/media\/20887"}],"wp:attachment":[{"href":"https:\/\/www.europesays.com\/cz\/wp-json\/wp\/v2\/media?parent=20886"}],"wp:term":[{"taxonomy":"category","embeddable":true,"href":"https:\/\/www.europesays.com\/cz\/wp-json\/wp\/v2\/categories?post=20886"},{"taxonomy":"post_tag","embeddable":true,"href":"https:\/\/www.europesays.com\/cz\/wp-json\/wp\/v2\/tags?post=20886"}],"curies":[{"name":"wp","href":"https:\/\/api.w.org\/{rel}","templated":true}]}}