{"id":20914,"date":"2026-03-11T11:55:10","date_gmt":"2026-03-11T11:55:10","guid":{"rendered":"https:\/\/www.europesays.com\/cz\/20914\/"},"modified":"2026-03-11T11:55:10","modified_gmt":"2026-03-11T11:55:10","slug":"zivou-kulturu-neprejedete-studenti-demonstrovali-proti-klempirovi","status":"publish","type":"post","link":"https:\/\/www.europesays.com\/cz\/20914\/","title":{"rendered":"\u201e\u017divou kulturu nep\u0159ejedete.\u201c Studenti demonstrovali proti Klemp\u00ed\u0159ovi"},"content":{"rendered":"<p class=\"e_bK\">Pochodem p\u0159ed s\u00eddlo Ministerstva kultury na pra\u017esk\u00e9m Malt\u00e9zsk\u00e9m n\u00e1m\u011bst\u00ed a\u00a0sborov\u00fdm zp\u011bvem protestsongu Jednou budem d\u00e1l vyvrcholila ve st\u0159edu r\u00e1no demonstrace n\u011bkolika stovek lid\u00ed proti ministrovi kultury Otu Klemp\u00ed\u0159ovi ze strany Motorist\u00e9 sob\u011b. Svolali ji studenti um\u011bleck\u00fdch \u0161kol kv\u016fli pl\u00e1novan\u00fdm \u0161krt\u016fm.<\/p>\n<p class=\"e_bK\">\u201ePo\u017eadujeme vr\u00e1cen\u00ed rozpo\u010dtu Ministerstva kultury do p\u016fvodn\u011b navrhovan\u00e9 v\u00fd\u0161e. Sou\u010dasn\u00e9 \u0161krty jsou neakceptovateln\u00e9. V\u00a0p\u0159\u00edpad\u011b, \u017ee rozpo\u010det nebude dorovn\u00e1n, po\u017eadujeme demisi ministra kultury,\u201c zvolal jeden z\u00a0organiz\u00e1tor\u016f, student Filip Nov\u00e1k z\u00a0pra\u017esk\u00e9 DAMU.<\/p>\n<p class=\"e_bK\">\u201eJsem r\u00e1d, \u017ee mlad\u00ed lid\u00e9 stoj\u00ed za kulturou. A\u00a0samoz\u0159ejm\u011b vn\u00edm\u00e1m jejich obavy a\u00a0ch\u00e1pu i\u00a0jistou nervozitu um\u011blc\u016f. Opravdu to neberu na lehkou v\u00e1hu. V\u00edm, \u017ee pro spoustu um\u011blc\u016f to nen\u00ed jen pr\u00e1ce, ale cel\u00fd \u017eivot,\u201c reagoval ve st\u0159edu Klemp\u00ed\u0159 pro Seznam Zpr\u00e1vy.<\/p>\n<p class=\"e_bK\">Podle n\u011bj situace nen\u00ed jednoduch\u00e1 pro \u017e\u00e1dn\u00fd resort. \u201e\u0160et\u0159it mus\u00ed cel\u00fd st\u00e1t, nejen Ministerstvo kultury. Rozpo\u010det je ale v\u00a0sou\u010dasn\u00e9 chv\u00edli maximem mo\u017en\u00e9ho, kter\u00e9 se poda\u0159ilo domluvit po \u0159ad\u011b komplikovan\u00fdch jedn\u00e1n\u00ed. Budu hledat cesty, jak financov\u00e1n\u00ed kultury do budoucna stabilizovat,\u201c uvedl a\u00a0vzk\u00e1zal, \u017ee ud\u011bl\u00e1 maximum mo\u017en\u00e9ho pro to, \u201eabychom spolu mluvili a\u00a0hledali \u0159e\u0161en\u00ed spole\u010dn\u011b\u201c.<\/p>\n<p class=\"e_bK\">N\u00e1vrh st\u00e1tn\u00edho rozpo\u010dtu Ministerstva kultury na leto\u0161ek po\u010d\u00edt\u00e1 s\u00a0v\u00fddaji 17,6\u00a0miliardy korun, co\u017e je o\u00a0zhruba 1,17\u00a0miliardy m\u00e9n\u011b oproti n\u00e1vrhu minul\u00e9 vl\u00e1dy. Organiz\u00e1tor\u016fm demonstrace vad\u00ed zejm\u00e9na pokles pen\u011bz na takzvan\u00e9 \u017eiv\u00e9 um\u011bn\u00ed, co\u017e zahrnuje koncerty, divadeln\u00ed p\u0159edstaven\u00ed nebo hudebn\u00ed festivaly. Dle propo\u010dt\u016f profesn\u00edch organizac\u00ed by se meziro\u010dn\u00ed pokles v\u00a0t\u00e9to oblasti m\u011bl bl\u00ed\u017eit 30\u00a0procent\u016fm, celkem asi 336,8\u00a0milionu korun.<\/p>\n<p><img fetchpriority=\"high\" height=\"1199\"   width=\"1800\" src=\"https:\/\/www.europesays.com\/cz\/wp-content\/uploads\/2026\/03\/1773230108_972_oto-klempir.jpeg\" loading=\"eager\" decoding=\"sync\" class=\"e_U e_S\"\/>Foto: Profimedia.cz<\/p>\n<p class=\"e_bK\">Dvaa\u0161edes\u00e1tilet\u00fd ministr kultury Oto Klemp\u00ed\u0159 je zn\u00e1m jako dlouholet\u00fd texta\u0159 a\u00a0rapper funkov\u00e9 skupiny J.A.R.<\/p>\n<p class=\"e_bK\">Ministr za\u010d\u00e1tkem m\u011bs\u00edce ve Sn\u011bmovn\u011b odm\u00edtl pozm\u011b\u0148ovac\u00ed n\u00e1vrh sv\u00e9ho p\u0159edch\u016fdce Martina Baxy z\u00a0ODS, kter\u00fd cht\u011bl nav\u00fd\u0161it dotace na \u017eiv\u00e9 um\u011bn\u00ed o\u00a0300\u00a0milion\u016f korun. \u201eNemohu se k\u00a0n\u00e1vrhu p\u0159ipojit, proto\u017ee na to prost\u011b v\u00a0rozpo\u010dtu nejsou pen\u00edze,\u201c vysv\u011btlil Klemp\u00ed\u0159.<\/p>\n<p class=\"e_bK\">St\u0159ede\u010dn\u00ed demonstrace za\u010dala na Malostransk\u00e9m n\u00e1m\u011bst\u00ed, kde Poslaneck\u00e1 sn\u011bmovna r\u00e1no zah\u00e1jila jedn\u00e1n\u00ed o\u00a0z\u00e1v\u011bre\u010dn\u00e9m t\u0159et\u00edm \u010dten\u00ed n\u00e1vrhu st\u00e1tn\u00edho rozpo\u010dtu pro leto\u0161n\u00ed rok.\u00a0Po vystoupen\u00ed kapely Hyj\u00e9 a\u00a0sboru Vesel\u00e9 chv\u00edle si vzali slovo studenti DAMU. Ministra vyzvali, a\u0165 nav\u00fd\u0161\u00ed rozpo\u010det, nezpochyb\u0148uje odbornost grantov\u00fdch komis\u00ed a\u00a0respektuje kulturn\u00ed priority z\u00a0programov\u00e9ho prohl\u00e1\u0161en\u00ed vl\u00e1dy. <\/p>\n<p class=\"e_bK\">N\u00e1sledn\u00e9 kr\u00e1tk\u00e9 projevy p\u0159ednesli studenti pra\u017esk\u00e9 HAMU, FAMU, UMPRUM nebo Filozofick\u00e9 fakulty Univerzity Karlovy, brn\u011bnsk\u00e9 JAMU, \u00fasteck\u00e9 Fakulty um\u011bn\u00ed a\u00a0designu Univerzity Jana Evangelisty Purkyn\u011b nebo Z\u00e1pado\u010desk\u00e9 univerzity v\u00a0Plzni. <\/p>\n<p class=\"e_bK\">Vymezili se mimo jin\u00e9 proti my\u0161lence, \u017ee si na sebe kultura mus\u00ed vyd\u011blat, co\u017e by podle nich znamenalo zdra\u017een\u00ed vstupn\u00e9ho a\u00a0spousta lid\u00ed by si pak kulturu nemohla dovolit. <\/p>\n<p><img height=\"2732\"   width=\"4096\" src=\"https:\/\/www.europesays.com\/cz\/wp-content\/uploads\/2026\/03\/8603.jpeg\" loading=\"eager\" decoding=\"sync\" class=\"e_U e_S\"\/>Foto: Renata Mat\u011bjkov\u00e1, Seznam Zpr\u00e1vy<\/p>\n<p class=\"e_bK\">Nap\u0159\u00edklad studentky Fakulty um\u011bn\u00ed a\u00a0architektury Technick\u00e9 univerzity v\u00a0Liberci popisovaly, jak jejich m\u011bsto u\u017e te\u010f trp\u00ed malou pestrost\u00ed kulturn\u00edch akc\u00ed. Pr\u00e1v\u011b podporu kultury pova\u017euj\u00ed za zp\u016fsob, jak zastavit odliv mlad\u00fdch lid\u00ed do v\u011bt\u0161\u00edch m\u011bst. \u201eJedin\u00e9, o\u00a0co \u017e\u00e1d\u00e1me, jsou podm\u00ednky, za kter\u00fdch budeme moct pokra\u010dovat v\u00a0na\u0161\u00ed pr\u00e1ci,\u201c doplnila studentka Anna z\u00a0JAMU. V\u011bt\u0161ina\u00a0\u0159e\u010dn\u00edk\u016f nebyla p\u0159edstavena cel\u00fdm jm\u00e9nem.<\/p>\n<p class=\"e_bK\">Mnoz\u00ed se obecn\u011b vymezili proti stran\u011b Motorist\u00e9 sob\u011b. \u201eM\u00edsto spalovac\u00edch motor\u016f nastartujme podporu kultury v\u00a0na\u0161\u00ed zemi,\u201c \u0159ekl nap\u0159\u00edklad student Martin z\u00a0HAMU. \u201ePravda a\u00a0kultura mus\u00ed zv\u00edt\u011bzit nad l\u017e\u00ed a\u00a0Motoristy,\u201c dodal Vojta z\u00a0JAMU.<\/p>\n<p class=\"e_bK\">\u00da\u010dastn\u00edci demonstrace pozd\u011bji Mosteckou a\u00a0L\u00e1ze\u0148skou ulic\u00ed do\u0161li k\u00a0s\u00eddlu Ministerstva kultury, kde n\u011bkte\u0159\u00ed p\u00edskali \u010di skandovali hesla jako \u201ehanba\u201c a \u201e\u017eivou kulturu nep\u0159ejedete\u201c.<\/p>\n<p class=\"e_bK\">Pl\u00e1novan\u00e9 \u0161krty v\u00a0takzvan\u00e9m \u017eiv\u00e9m um\u011bn\u00ed kritizuj\u00ed i\u00a0oborov\u00e9 Asociace profesion\u00e1ln\u00edch divadel, Asociace hudebn\u00edch festival\u016f nebo Asociace symfonick\u00fdch orchestr\u016f a\u00a0p\u011bveck\u00fdch sbor\u016f. Podle nich mohou \u00faspory v\u00e9st k\u00a0m\u00e9n\u011b p\u0159edstaven\u00edm, krat\u0161\u00edm sezon\u00e1m, nebo dokonce k\u00a0z\u00e1niku projekt\u016f v\u00a0n\u011bkter\u00fdch m\u011bstech.<\/p>\n<p><img height=\"2732\"   width=\"4096\" src=\"https:\/\/www.europesays.com\/cz\/wp-content\/uploads\/2026\/03\/8337.jpeg\" loading=\"eager\" decoding=\"sync\" class=\"e_U e_S\"\/>Foto: Renata Mat\u011bjkov\u00e1, Seznam Zpr\u00e1vy<\/p>\n<p class=\"e_bK\">Demonstraci svolali a\u00a0tak\u00e9 moderovali studenti Filip Nov\u00e1k a\u00a0Julie \u0160i\u0161kov\u00e1 z\u00a0pra\u017esk\u00e9 DAMU.<\/p>\n<p class=\"e_bK\">\u201eTak velk\u00fd z\u00e1sah do financov\u00e1n\u00ed, jak\u00fd pro tento rok p\u0159ipravil ministr Oto Klemp\u00ed\u0159 \u010desk\u00e9 kulturn\u00ed sc\u00e9n\u011b, jsme v\u00a0polistopadov\u00e9 dob\u011b je\u0161t\u011b neza\u017eili,\u201c zhodnotila divadeln\u00ed kriti\u010dka Marie Reslov\u00e1, kter\u00e1 dlouhodob\u011b sleduje financov\u00e1n\u00ed kultury. <\/p>\n<p class=\"e_bK\">Podle n\u00ed nejde jen o\u00a0sn\u00ed\u017een\u00ed rozpo\u010dtu na \u017eivou kulturu, ale obecn\u011b o\u00a0to, jak hodl\u00e1 ministerstvo pen\u00edze rozd\u011blovat. \u201eOto Klemp\u00ed\u0159 se opakovan\u011b vyj\u00e1d\u0159il, \u017ee podporovat chce hlavn\u011b excelenci, tedy um\u011blecky \u0161pi\u010dkov\u00e9 subjekty a\u00a0instituce, kter\u00e9 se dok\u00e1\u017eou prosadit i\u00a0v mezin\u00e1rodn\u00edm m\u011b\u0159\u00edtku. A\u00a0tak\u00e9 \u017ee by s\u00e1m cht\u011bl v\u00edce ovliv\u0148ovat, komu ministerstvo pen\u00edze nakonec po\u0161le, co\u017e je osv\u011bd\u010den\u00fd zp\u016fsob, jak se mezi kulturn\u00edmi akt\u00e9ry nakupuje loajalita,\u201c dodala Reslov\u00e1.<\/p>\n<p class=\"e_bK\">Za \u201ebezprecedentn\u00ed a\u00a0zbab\u011bl\u00fd\u201c pak ozna\u010duje zp\u016fsob, jak\u00fdm ministr komunikuje. Podle n\u00ed poskytuje minimum rozhovor\u016f, nevystupuje na tiskov\u00fdch konferenc\u00edch a\u00a0naopak vytv\u00e1\u0159\u00ed propaga\u010dn\u00ed selfie a \u201enehor\u00e1zn\u011b nekompetentn\u00ed statusy na soci\u00e1ln\u00edch s\u00edt\u00edch\u201c, jak uvedla.<\/p>\n<p>\u201eV rekordn\u011b kr\u00e1tk\u00e9m \u010dase \u00fasp\u011b\u0161n\u011b vyvolal protesty kulturn\u00ed ve\u0159ejnosti u\u017e po t\u0159ech m\u011bs\u00edc\u00edch od n\u00e1stupu do funkce,\u201c uvedla Reslov\u00e1.<\/p>\n<p><a data-dot=\"mol-article-card-media\" aria-hidden=\"true\" tabindex=\"-1\" href=\"https:\/\/www.seznamzpravy.cz\/clanek\/audio-podcast-vlevo-dole-vlevo-dole-ruseni-poplatku-odlozeno-ministr-klempir-se-obava-pekla-299244\" class=\"e_m h_mi\" rel=\"nofollow noopener\" target=\"_blank\"><img height=\"1080\"   width=\"1920\" src=\"https:\/\/www.europesays.com\/cz\/wp-content\/uploads\/2026\/03\/vlevo-dole-oto-klempir.jpeg\" loading=\"eager\" decoding=\"sync\" class=\"e_U e_S\"\/><\/a><\/p>\n<p class=\"e_bK\">Dle odbornice v\u011bt\u0161\u00ed kulturn\u00ed organizace Klemp\u00ed\u0159ovy \u0161krty p\u0159e\u017eij\u00ed a\u00a0zaplat\u00ed nezbytn\u00e9 n\u00e1klady, ale u\u017e jim nemus\u00ed zb\u00fdt pen\u00edze na samotnou tv\u016fr\u010d\u00ed \u010dinnost. \u201e\u0160krty pak fat\u00e1ln\u011b po\u0161kod\u00ed ty nejk\u0159eh\u010d\u00ed: men\u0161\u00ed, nez\u00e1visl\u00e9 um\u011bleck\u00e9 projekty a\u00a0soubory, nepochybn\u011b tak\u00e9 kulturn\u00ed periodika. \u010cesk\u00e1 kultura tak p\u0159ijde o\u00a0to nejcenn\u011bj\u0161\u00ed: \u017eivotod\u00e1rn\u00e9 podhoub\u00ed, z\u00a0n\u011bho\u017e vyr\u016fst\u00e1 jej\u00ed rozmanitost a\u00a0ministrem vz\u00fdvan\u00e1 excelence,\u201c varovala Marie Reslov\u00e1.<\/p>\n<p class=\"e_bK\">Dvaa\u0161edes\u00e1tilet\u00fd Klemp\u00ed\u0159, zn\u00e1m\u00fd jako texta\u0159 a\u00a0rapper funkov\u00e9 skupiny J.A.R., se ministrem kultury ve vl\u00e1d\u011b premi\u00e9ra Andreje Babi\u0161e z\u00a0hnut\u00ed ANO stal v\u00a0prosinci. Za priority ozna\u010duje vytvo\u0159en\u00ed stabiln\u00edho prost\u0159ed\u00ed pro kulturn\u00ed organizace, dlouhodob\u00e9 a\u00a0p\u0159edv\u00eddateln\u00e9 financov\u00e1n\u00ed i\u00a0dostupnost kultury nap\u0159\u00ed\u010d regiony. Chce tak\u00e9 zlep\u0161it platov\u00e9 a\u00a0pracovn\u00ed podm\u00ednky lid\u00ed v\u00a0kultu\u0159e. <\/p>\n<p class=\"e_bK\">V\u011bt\u0161ina pozornosti se Klemp\u00ed\u0159ovi dosud v\u011bnovala v\u00a0souvislosti s\u00a0financov\u00e1n\u00edm ve\u0159ejnopr\u00e1vn\u00edch m\u00e9di\u00ed, tedy \u010cesk\u00e9 televize a\u00a0\u010cesk\u00e9ho rozhlasu. Ministr d\u0159\u00edve uvedl, \u017ee vl\u00e1da koncesion\u00e1\u0159sk\u00e9 poplatky zru\u0161\u00ed.<\/p>\n","protected":false},"excerpt":{"rendered":"Pochodem p\u0159ed s\u00eddlo Ministerstva kultury na pra\u017esk\u00e9m Malt\u00e9zsk\u00e9m n\u00e1m\u011bst\u00ed a\u00a0sborov\u00fdm zp\u011bvem protestsongu Jednou budem d\u00e1l vyvrcholila ve st\u0159edu&hellip;\n","protected":false},"author":2,"featured_media":20915,"comment_status":"","ping_status":"","sticky":false,"template":"","format":"standard","meta":{"footnotes":"","_share_on_mastodon":"0"},"categories":[7],"tags":[43,42,41,40,2837,1172,3920,2644,9134],"class_list":["post-20914","post","type-post","status-publish","format-standard","has-post-thumbnail","category-cesko","tag-ceska-republika","tag-cesko","tag-czech-republic","tag-czechia","tag-demonstrace","tag-divadelni-predstaveni","tag-ministerstvo-kultury-mkcr","tag-oto-klempir","tag-skrty"],"share_on_mastodon":{"url":"https:\/\/pubeurope.com\/@cz\/116210416006083964","error":""},"_links":{"self":[{"href":"https:\/\/www.europesays.com\/cz\/wp-json\/wp\/v2\/posts\/20914","targetHints":{"allow":["GET"]}}],"collection":[{"href":"https:\/\/www.europesays.com\/cz\/wp-json\/wp\/v2\/posts"}],"about":[{"href":"https:\/\/www.europesays.com\/cz\/wp-json\/wp\/v2\/types\/post"}],"author":[{"embeddable":true,"href":"https:\/\/www.europesays.com\/cz\/wp-json\/wp\/v2\/users\/2"}],"replies":[{"embeddable":true,"href":"https:\/\/www.europesays.com\/cz\/wp-json\/wp\/v2\/comments?post=20914"}],"version-history":[{"count":0,"href":"https:\/\/www.europesays.com\/cz\/wp-json\/wp\/v2\/posts\/20914\/revisions"}],"wp:featuredmedia":[{"embeddable":true,"href":"https:\/\/www.europesays.com\/cz\/wp-json\/wp\/v2\/media\/20915"}],"wp:attachment":[{"href":"https:\/\/www.europesays.com\/cz\/wp-json\/wp\/v2\/media?parent=20914"}],"wp:term":[{"taxonomy":"category","embeddable":true,"href":"https:\/\/www.europesays.com\/cz\/wp-json\/wp\/v2\/categories?post=20914"},{"taxonomy":"post_tag","embeddable":true,"href":"https:\/\/www.europesays.com\/cz\/wp-json\/wp\/v2\/tags?post=20914"}],"curies":[{"name":"wp","href":"https:\/\/api.w.org\/{rel}","templated":true}]}}