{"id":22141,"date":"2026-03-12T13:01:11","date_gmt":"2026-03-12T13:01:11","guid":{"rendered":"https:\/\/www.europesays.com\/cz\/22141\/"},"modified":"2026-03-12T13:01:11","modified_gmt":"2026-03-12T13:01:11","slug":"piloti-aerolinek-lufthansa-stavkuji-ruseni-letu-zasahlo-i-spojeni-s-prahou","status":"publish","type":"post","link":"https:\/\/www.europesays.com\/cz\/22141\/","title":{"rendered":"Piloti aerolinek Lufthansa st\u00e1vkuj\u00ed, ru\u0161en\u00ed let\u016f zas\u00e1hlo i\u00a0spojen\u00ed s\u00a0Prahou"},"content":{"rendered":"<p class=\"e_bK\">Piloti n\u011bmeck\u00e9 leteck\u00e9 spole\u010dnosti Lufthansa dnes minutu po p\u016flnoci zah\u00e1jili dvoudenn\u00ed st\u00e1vku za lep\u0161\u00ed platy a\u00a0d\u016fchody. Zru\u0161ena kv\u016fli n\u00ed byla i\u00a0\u0159ada spoj\u016f mezi Prahou na jedn\u00e9 a\u00a0Mnichovem a\u00a0Frankfurtem nad Mohanem na druh\u00e9 stran\u011b. Lufthansa ve st\u0159edu sl\u00edbila, \u017ee navzdory st\u00e1vce vyprav\u00ed nejm\u00e9n\u011b polovinu pl\u00e1novan\u00fdch let\u016f. Podle dne\u0161n\u00edch \u00fadaj\u016f ale mo\u017en\u00e1 tento slib nedok\u00e1\u017ee splnit.<\/p>\n<p class=\"e_bK\">St\u00e1vka podle pl\u00e1nu potrv\u00e1 do p\u00e1te\u010dn\u00edch 23:59.\u00a0Kr\u00e1tce po poledni hl\u00e1sil Frankfurt nad Mohanem 400\u00a0zru\u0161en\u00fdch let\u016f z\u00a01165\u00a0pl\u00e1novan\u00fdch na dne\u0161ek, Mnichov 230\u00a0z\u00a0800.<\/p>\n<p><a data-dot=\"mol-article-card-media\" aria-hidden=\"true\" tabindex=\"-1\" href=\"https:\/\/www.seznamzpravy.cz\/clanek\/ekonomika-byznys-doprava-malem-vletli-nad-odpaliste-raket-ma-lufthansa-problemy-s-bezpecnosti-293995\" class=\"e_m h_mi\" rel=\"nofollow noopener\" target=\"_blank\"><img fetchpriority=\"high\" height=\"562\"   width=\"1000\" src=\"https:\/\/www.europesays.com\/cz\/wp-content\/uploads\/2026\/03\/lufthansa-boeing-787-dreamliner.jpeg\" loading=\"eager\" decoding=\"sync\" class=\"e_U e_S\"\/><\/a><\/p>\n<p class=\"e_bK\">Aerolinky ve st\u0159ede\u010dn\u00edm prohl\u00e1\u0161en\u00ed ubezpe\u010dily, \u017ee na obou leti\u0161t\u00edch vyprav\u00ed p\u0159inejmen\u0161\u00edm polovinu let\u016f, na d\u00e1lkov\u00fdch tras\u00e1ch 60\u00a0procent. Dopravce tak\u00e9 uvedl, \u017ee na Bl\u00edzk\u00fd v\u00fdchod se bude oba dva dny kv\u016fli \u00edr\u00e1nsk\u00e9 v\u00e1lce l\u00e9tat d\u00e1l.<\/p>\n<p class=\"e_bK\">Podle dne\u0161n\u00edho vyj\u00e1d\u0159en\u00ed p\u0159edsedy odbor\u016f Vereinigung Cockpit (VC) Andrease Pinheira je ale \u00fa\u010dast na st\u00e1vce v\u011bt\u0161\u00ed, ne\u017e se \u010dekalo. Dopoledne bylo podle n\u011bj zru\u0161eno 75\u00a0procent let\u016f na kr\u00e1tk\u00fdch a\u00a070\u00a0procent let\u016f na dlouh\u00fdch tras\u00e1ch.<\/p>\n<p class=\"e_bK\">Podle <a data-dot=\"atm-link\" target=\"_blank\" rel=\"noopener nofollow\" href=\"https:\/\/www.prg.aero\/prehled-letu#\/\" class=\"e_m\">webu<\/a> pra\u017esk\u00e9ho Leti\u0161t\u011b V\u00e1clava Havla bylo zru\u0161eno \u0161est dne\u0161n\u00edch let\u016f z\u00a0Prahy do Mnichova a\u00a0do Frankfurtu nad Mohanem a\u00a0\u0161est p\u0159\u00edlet\u016f z\u00a0t\u011bchto destinac\u00ed. V\u00a0p\u00e1tek u\u017e jsou zru\u0161eny dva odlety a\u00a0jeden p\u0159\u00edlet.<\/p>\n<p class=\"e_bK\">St\u00e1vka, kter\u00e1 dnes za\u010dala, je v\u00a0kr\u00e1tk\u00e9 dob\u011b u\u017e druhou. \u010cty\u0159iadvacet hodin st\u00e1vkovali piloti Lufthansy u\u017e 12.\u00a0\u00fanora. Podle aerolinek bylo tehdy zru\u0161eno 800\u00a0spoj\u016f. K\u00a0pilot\u016fm se v\u00a0\u00fanoru p\u0159idal i\u00a0palubn\u00ed person\u00e1l z\u00a0odborov\u00e9ho svazu Ufo.<\/p>\n<p class=\"e_bK\">Nyn\u00ed st\u00e1vkuj\u00ed jen piloti, kter\u00fdch pracuje v\u00a0Lufthanse asi 5000.\u00a0V\u00a0dce\u0159in\u00e9 spole\u010dnosti Lufthansa Cityline po\u017eaduj\u00ed st\u00e1vkuj\u00edc\u00ed zv\u00fd\u0161en\u00ed plat\u016f, v\u00a0mate\u0159sk\u00e9 spole\u010dnosti a\u00a0v dal\u0161\u00ed dce\u0159in\u00e9 spole\u010dnosti Cargo jde pilot\u016fm o\u00a0vy\u0161\u0161\u00ed p\u0159\u00edsp\u011bvek zam\u011bstnavatele k\u00a0d\u016fchodu. Odbor\u00e1\u0159i o\u010dek\u00e1vaj\u00ed, \u017ee n\u00e1sledky st\u00e1vky budou ve srovn\u00e1n\u00ed s\u00a0\u00fanorem slab\u0161\u00ed, zru\u0161eno bude podle jejich odhadu asi 300\u00a0let\u016f denn\u011b.<\/p>\n<p class=\"e_bK\">Kv\u016fli st\u00e1vce pl\u00e1nuje Lufthansa vypravit na nezru\u0161en\u00fdch link\u00e1ch v\u011bt\u0161\u00ed letadla. Lety nech\u00e1 obsluhovat nest\u00e1vkuj\u00edc\u00edmi leteck\u00fdmi spole\u010dnostmi z\u00a0koncernu a\u00a0tak\u00e9 zam\u011bstn\u00e1 dobrovoln\u00e9 pos\u00e1dky. Michael Niggemann z\u00a0veden\u00ed spole\u010dnosti ozna\u010dil dne\u0161n\u00ed st\u00e1vku za zbyte\u010dnou eskalaci.<\/p>\n","protected":false},"excerpt":{"rendered":"Piloti n\u011bmeck\u00e9 leteck\u00e9 spole\u010dnosti Lufthansa dnes minutu po p\u016flnoci zah\u00e1jili dvoudenn\u00ed st\u00e1vku za lep\u0161\u00ed platy a\u00a0d\u016fchody. Zru\u0161ena kv\u016fli&hellip;\n","protected":false},"author":2,"featured_media":22142,"comment_status":"","ping_status":"","sticky":false,"template":"","format":"standard","meta":{"footnotes":"","_share_on_mastodon":"0"},"categories":[11],"tags":[3654,2900,5695,54,53,52,6491],"class_list":["post-22141","post","type-post","status-publish","format-standard","has-post-thumbnail","category-svet","tag-letadla","tag-lufthansa","tag-stavky","tag-svet","tag-world","tag-world-news","tag-zrusene-lety"],"share_on_mastodon":{"url":"https:\/\/pubeurope.com\/@cz\/116216337784334172","error":""},"_links":{"self":[{"href":"https:\/\/www.europesays.com\/cz\/wp-json\/wp\/v2\/posts\/22141","targetHints":{"allow":["GET"]}}],"collection":[{"href":"https:\/\/www.europesays.com\/cz\/wp-json\/wp\/v2\/posts"}],"about":[{"href":"https:\/\/www.europesays.com\/cz\/wp-json\/wp\/v2\/types\/post"}],"author":[{"embeddable":true,"href":"https:\/\/www.europesays.com\/cz\/wp-json\/wp\/v2\/users\/2"}],"replies":[{"embeddable":true,"href":"https:\/\/www.europesays.com\/cz\/wp-json\/wp\/v2\/comments?post=22141"}],"version-history":[{"count":0,"href":"https:\/\/www.europesays.com\/cz\/wp-json\/wp\/v2\/posts\/22141\/revisions"}],"wp:featuredmedia":[{"embeddable":true,"href":"https:\/\/www.europesays.com\/cz\/wp-json\/wp\/v2\/media\/22142"}],"wp:attachment":[{"href":"https:\/\/www.europesays.com\/cz\/wp-json\/wp\/v2\/media?parent=22141"}],"wp:term":[{"taxonomy":"category","embeddable":true,"href":"https:\/\/www.europesays.com\/cz\/wp-json\/wp\/v2\/categories?post=22141"},{"taxonomy":"post_tag","embeddable":true,"href":"https:\/\/www.europesays.com\/cz\/wp-json\/wp\/v2\/tags?post=22141"}],"curies":[{"name":"wp","href":"https:\/\/api.w.org\/{rel}","templated":true}]}}