{"id":22769,"date":"2026-03-13T05:58:10","date_gmt":"2026-03-13T05:58:10","guid":{"rendered":"https:\/\/www.europesays.com\/cz\/22769\/"},"modified":"2026-03-13T05:58:10","modified_gmt":"2026-03-13T05:58:10","slug":"stalo-pri-nas-stesti-uvedomoval-si-priske-vysledek-bral-kouc-sparty-jako-milosrdny","status":"publish","type":"post","link":"https:\/\/www.europesays.com\/cz\/22769\/","title":{"rendered":"St\u00e1lo p\u0159i n\u00e1s \u0161t\u011bst\u00ed, uv\u011bdomoval si Priske. V\u00fdsledek bral kou\u010d Sparty jako milosrdn\u00fd"},"content":{"rendered":"<p class=\"b_by\">Alkmaar (od na\u0161eho zpravodaje) &#8211; Takhle vyto\u010den\u00e9ho tren\u00e9ra Priskeho, jako tomu bylo v\u00a0pr\u016fb\u011bhu z\u00e1pasu, zahl\u00e9dl v\u00a0posledn\u00ed dob\u011b asi m\u00e1lokdo. Mo\u017en\u00e1 snad\u00a0nizozem\u0161t\u00ed novin\u00e1\u0159i, kte\u0159\u00ed si ho pamatuj\u00ed z\u00a0anga\u017em\u00e1 ve Feyenoordu, k\u00a0\u010demu\u017e se sna\u017eili sv\u00e9st diskuzi.<\/p>\n<p class=\"b_by\">\u201eNem\u00e1m zapot\u0159eb\u00ed tady mluvit o\u00a0m\u00e9m anga\u017em\u00e1 v\u00a0Nizozemsku. M\u011bl jsem ve Feyenoordu t\u011b\u017ek\u00e9 i\u00a0hezk\u00e9 chv\u00edle. Jsem tady v\u0161ak se Spartou, o\u00a0kter\u00e9 se chci bavit,\u201c odpov\u00eddal kou\u010d novin\u00e1\u0159\u016fm v\u00a0tiskov\u00e9m st\u0159edisku stadionu AZ Alkmaar.<\/p>\n<p><a data-dot=\"atm-link\" target=\"_self\" href=\"https:\/\/www.sport.cz\/clanek\/fotbal-evropska-konferencni-liga-kazdy-si-musi-sahnout-do-svedomi-a-zacit-u-sebe-golman-sparty-volil-velmi-uprimna-slova-5419606\" class=\"b_V g_iD\" rel=\"nofollow noopener\"><img fetchpriority=\"high\" height=\"2730\" width=\"3641\" src=\"https:\/\/www.europesays.com\/cz\/wp-content\/uploads\/2026\/03\/1773381489_295_sport-fotbal-surovcik-sparta.jpeg\" loading=\"eager\" decoding=\"sync\" class=\"b_B b_z\"\/><\/a><\/p>\n<p class=\"b_by\">A tak p\u0159i\u0161la \u0159e\u010d na v\u00fdkon Sparty.<\/p>\n<p>Tren\u00e9re, takhle na\u0161tvan\u00e9ho v\u00a0z\u00e1pase jsem v\u00e1s z\u0159ejm\u011b je\u0161t\u011b nevid\u011bl. Co se v\u00e1m nel\u00edbilo?<\/p>\n<p class=\"b_by\">Bylo toho v\u00edc. Nel\u00edbilo se mi, jak jsme se prezentovali. Mysl\u00edm, \u017ee byly f\u00e1ze hry, kter\u00e9 se n\u00e1m docela povedly\u00a0\u2013 za\u010d\u00e1tek prvn\u00ed i\u00a0druh\u00e9 p\u016fle. Mus\u00edme hr\u00e1t ale l\u00e9pe del\u0161\u00ed \u010dasov\u00fd \u00fasek, dr\u017eet v\u00edce m\u00ed\u010d. P\u0159\u00edli\u0161 \u010dasto o\u00a0n\u011bj p\u0159ich\u00e1z\u00edme a\u00a0jsme nuceni b\u00fdt zata\u017een\u00ed. Vlastn\u011b je to u\u017e dlouho, co si pamatuju z\u00e1pas, kdy jsme soupe\u0159i dovolili tolik \u0161anc\u00ed. T\u00edm to ale neh\u00e1z\u00edm jen na obranu, v\u0161e za\u010d\u00edn\u00e1 u\u00a0\u00fatoku, kde nepodr\u017e\u00edme m\u00ed\u010d.<\/p>\n<p>Br\u00e1n\u011bn\u00ed v\u00e1m ale celkov\u011b d\u011blalo probl\u00e9m, souhlas\u00edte?<\/p>\n<p class=\"b_by\">Ur\u010dit\u011b. Mus\u00edme se na to pozorn\u011b pod\u00edvat.<\/p>\n<p>Z\u0159ejm\u011b v\u00e1m nepomohlo ani nucen\u00e9 st\u0159\u00edd\u00e1n\u00ed Mat\u011bje Ryne\u0161e.<\/p>\n<p class=\"b_by\">Zat\u00edm up\u0159\u00edmn\u011b nev\u00edm, jak to s\u00a0n\u00edm vypad\u00e1. C\u00edtil achilovku nebo l\u00fdtko, s\u00a0\u010d\u00edm\u017e m\u011bl posledn\u00ed t\u00fddny probl\u00e9my. Mus\u00edme po\u010dkat a\u00a0uvid\u00edme. Tak\u00e9 \u0160evinsk\u00fd m\u011bl ale probl\u00e9m, jak jste mohli vid\u011bt. Zran\u011bn\u00ed je ale sou\u010d\u00e1st\u00ed fotbalu.<\/p>\n<p><a data-dot=\"atm-link\" target=\"_self\" href=\"https:\/\/www.sport.cz\/clanek\/fotbal-evropska-konferencni-liga-jeden-zakrok-a-sen-byl-pryc-byvala-opora-plzne-se-vraci-na-misto-cinu-jen-s-eskem-na-hrudi-5418151\" class=\"b_V g_iD\" rel=\"nofollow noopener\"><img height=\"1198\" width=\"1598\" src=\"https:\/\/www.europesays.com\/cz\/wp-content\/uploads\/2026\/03\/ales-hruska.jpeg\" loading=\"eager\" decoding=\"sync\" class=\"b_B b_z\"\/><\/a>O pauze jste st\u00e1hl i\u00a0Filipa Pan\u00e1ka. S\u00a0jeho v\u00fdkonem jste nebyl spokojen\u00fd?<\/p>\n<p class=\"b_by\">Naopak, nezaslou\u017eil si to. Hr\u00e1l docela slu\u0161n\u011b v\u00a0prvn\u00ed p\u016fli. Pot\u0159ebovali jsme ale zm\u011bnit v\u011bci jak v\u00a0defenziv\u011b, tak i\u00a0ofenziv\u011b. Cht\u011bli jsme dostat v\u00edce hr\u00e1\u010d\u016f doprost\u0159ed pole, pokusit se b\u00fdt v\u00edce na m\u00ed\u010di a\u00a0b\u00fdt tak\u00e9 kompaktn\u011bj\u0161\u00ed p\u0159i br\u00e1n\u011bn\u00ed.<\/p>\n<p>V pr\u016fb\u011bhu utk\u00e1n\u00ed jste zm\u011bnil rozestaven\u00ed na \u010dty\u0159i obr\u00e1nce. Rozhodli jste se spr\u00e1vn\u011b?<\/p>\n<p class=\"b_by\">Mysl\u00edm, \u017ee ano. Jak jsem \u0159\u00edkal, za\u010d\u00e1tek druh\u00e9 p\u016fle n\u00e1m vy\u0161el, z\u00a0\u010deho\u017e pramenilo i\u00a0vyrovn\u00e1n\u00ed. Pak jsme ale posledn\u00edch p\u011btadvacet minut m\u011bli probl\u00e9my a\u00a0museli jsme to op\u011bt m\u011bnit. Nebylo ide\u00e1ln\u00ed, \u017ee \u0160evinsk\u00fd dohr\u00e1val zran\u011bn\u00fd, Sonne hr\u00e1l na k\u0159\u00eddle. Ur\u010dit\u011b by se n\u00e1m hodilo v\u00a0tu chv\u00edli v\u00edce mo\u017enost\u00ed z\u00a0lavi\u010dky. Na druhou stranu jsme byli bl\u00edzko dobr\u00e9mu v\u00fdsledku, by\u0165 jsme sem p\u0159ijeli vyhr\u00e1t.<\/p>\n<p>Berete v\u00fdsledek jako milosrdn\u00fd do odvety?<\/p>\n<p class=\"b_by\">Jednozna\u010dn\u011b. St\u00e1lo p\u0159i n\u00e1s \u0161t\u011bst\u00ed a\u00a0podr\u017eel n\u00e1s g\u00f3lman, kter\u00fd n\u00e1m pomohl udr\u017eet v\u00fdsledek otev\u0159en\u00fd do p\u0159\u00ed\u0161t\u00edho t\u00fddne. V\u00edme, \u017ee evropsk\u00e9 ve\u010dery na Letn\u00e9 jsou magick\u00e9. O\u010dek\u00e1v\u00e1m, \u017ee ve \u010dtvrtek to bude \u00fapln\u011b jin\u00fd z\u00e1pas i\u00a0v\u00fdkon z\u00a0na\u0161\u00ed strany. Mus\u00edme ze sebe dostat maximum, sundat nohu z\u00a0brzdy a\u00a0j\u00edt do toho naplno. Nem\u00e1me co ztratit.<\/p>\n<p>Zm\u00ednil jste v\u00fdkon g\u00f3lmana Jakuba Surov\u010d\u00edka. \u010cek\u00e1 ho velk\u00e1 pochvala?<\/p>\n<p class=\"b_by\">Mysl\u00edm, \u017ee to v\u0161em mus\u00ed b\u00fdt naprosto jasn\u00e9. Inkasovali jsme jen dva g\u00f3ly, co\u017e je jeho z\u00e1sluha. Znovu p\u0159edvedl skv\u011bl\u00fd v\u00fdkon.<\/p>\n<p>Na lavi\u010dce chyb\u011bl Peter Vindahl. Jak to s\u00a0n\u00edm vypad\u00e1?<\/p>\n<p class=\"b_by\">St\u00e1le se vrac\u00ed po zran\u011bn\u00ed. Douf\u00e1me, \u017ee brzy bude zp\u00e1tky. Je dobr\u00e9 m\u00edt dva \u0161pi\u010dkov\u00e9 g\u00f3lmany.<\/p>\n<p>Budete naopak souhlasit, \u017ee v\u00fdkon Kuola byl op\u011bt velmi pod jeho mo\u017enosti?<\/p>\n<p class=\"b_by\">Nev\u00edm, jestli se to opakuje znovu a\u00a0znovu, ale rozhodn\u011b jsem \u010dekal v\u00edc. Je to ofenzivn\u00ed hr\u00e1\u010d, kter\u00fd m\u00e1 nadstandardn\u00ed schopnosti, co\u017e u\u017e uk\u00e1zal. V\u00a0Evrop\u011b sk\u00f3roval, tady ale pat\u0159il mezi hr\u00e1\u010de, kte\u0159\u00ed se tr\u00e1pili. Je st\u00e1le mlad\u00fd, mus\u00ed se pou\u010dit a\u00a0b\u00fdt lep\u0161\u00ed.<\/p>\n<p>Jak bude t\u011b\u017ek\u00e9 se nachystat na ned\u011bln\u00ed duel se Slov\u00e1ckem?<\/p>\n<p class=\"b_by\">M\u00e1me p\u00e1r hr\u00e1\u010d\u016f, kte\u0159\u00ed si odsud vezou zran\u011bn\u00ed. Jin\u00ed jsou unaven\u00ed. V\u00a0takov\u00fdch chv\u00edl\u00edch se mus\u00ed ale kluci uk\u00e1zat. N\u011bkte\u0159\u00ed u\u017e maj\u00ed zku\u0161enost s\u00a0anglick\u00fdm t\u00fddnem. Po\u0161leme do z\u00e1pasu jeden\u00e1ct hr\u00e1\u010d\u016f, kte\u0159\u00ed budou maxim\u00e1ln\u011b p\u0159ipraveni. \u010cekaj\u00ed n\u00e1s dva dom\u00e1c\u00ed z\u00e1pasy, kde mus\u00edme uk\u00e1zat psychickou i\u00a0fyzickou s\u00edlu.<\/p>\n<p><a data-dot=\"atm-link\" target=\"_self\" href=\"https:\/\/www.sport.cz\/clanek\/fotbal-evropska-konferencni-liga-sparta-vstupuje-do-osmifinale-konferencni-ligy-zacina-v-alkmaaru-5418163\" class=\"b_V g_iD\" rel=\"nofollow noopener\"><img height=\"2730\" width=\"3641\" src=\"https:\/\/www.europesays.com\/cz\/wp-content\/uploads\/2026\/03\/sport-alkmaar-sparta-parrott.jpeg\" loading=\"eager\" decoding=\"sync\" class=\"b_B b_z\"\/><\/a><\/p>\n","protected":false},"excerpt":{"rendered":"Alkmaar (od na\u0161eho zpravodaje) &#8211; Takhle vyto\u010den\u00e9ho tren\u00e9ra Priskeho, jako tomu bylo v\u00a0pr\u016fb\u011bhu z\u00e1pasu, zahl\u00e9dl v\u00a0posledn\u00ed dob\u011b asi&hellip;\n","protected":false},"author":2,"featured_media":22770,"comment_status":"","ping_status":"","sticky":false,"template":"","format":"standard","meta":{"footnotes":"","_share_on_mastodon":"0"},"categories":[10],"tags":[1198,9017,5686,2201,326,17,21,2079,16,18,19,22,20],"class_list":["post-22769","post","type-post","status-publish","format-standard","has-post-thumbnail","category-zpravy","tag-ac-sparta-praha","tag-adam-sevinsky","tag-alkmaar","tag-brian-priske","tag-fotbal","tag-headlines","tag-hlavni-udalosti","tag-jakub-surovcik","tag-news","tag-top-news","tag-top-stories","tag-udalosti-dne","tag-zpravy"],"share_on_mastodon":{"url":"https:\/\/pubeurope.com\/@cz\/116220336753200653","error":""},"_links":{"self":[{"href":"https:\/\/www.europesays.com\/cz\/wp-json\/wp\/v2\/posts\/22769","targetHints":{"allow":["GET"]}}],"collection":[{"href":"https:\/\/www.europesays.com\/cz\/wp-json\/wp\/v2\/posts"}],"about":[{"href":"https:\/\/www.europesays.com\/cz\/wp-json\/wp\/v2\/types\/post"}],"author":[{"embeddable":true,"href":"https:\/\/www.europesays.com\/cz\/wp-json\/wp\/v2\/users\/2"}],"replies":[{"embeddable":true,"href":"https:\/\/www.europesays.com\/cz\/wp-json\/wp\/v2\/comments?post=22769"}],"version-history":[{"count":0,"href":"https:\/\/www.europesays.com\/cz\/wp-json\/wp\/v2\/posts\/22769\/revisions"}],"wp:featuredmedia":[{"embeddable":true,"href":"https:\/\/www.europesays.com\/cz\/wp-json\/wp\/v2\/media\/22770"}],"wp:attachment":[{"href":"https:\/\/www.europesays.com\/cz\/wp-json\/wp\/v2\/media?parent=22769"}],"wp:term":[{"taxonomy":"category","embeddable":true,"href":"https:\/\/www.europesays.com\/cz\/wp-json\/wp\/v2\/categories?post=22769"},{"taxonomy":"post_tag","embeddable":true,"href":"https:\/\/www.europesays.com\/cz\/wp-json\/wp\/v2\/tags?post=22769"}],"curies":[{"name":"wp","href":"https:\/\/api.w.org\/{rel}","templated":true}]}}