{"id":22869,"date":"2026-03-13T07:50:08","date_gmt":"2026-03-13T07:50:08","guid":{"rendered":"https:\/\/www.europesays.com\/cz\/22869\/"},"modified":"2026-03-13T07:50:08","modified_gmt":"2026-03-13T07:50:08","slug":"slovacek-obesel-vdovu-po-gottovi-o-karlovi-muzu-rikat-co-chci-2","status":"publish","type":"post","link":"https:\/\/www.europesays.com\/cz\/22869\/","title":{"rendered":"Slov\u00e1\u010dek obe\u0161el vdovu po Gottovi: O Karlovi m\u016f\u017eu \u0159\u00edkat, co chci"},"content":{"rendered":"<p>V po\u0159adu KG nav\u017edy bude odpov\u00eddat na v\u0161echny ot\u00e1zky, kter\u00e9 div\u00e1ky budou zaj\u00edmat &#8211; pr\u00fd i na ty nejintimn\u011bj\u0161\u00ed. \u201eA p\u0159\u00edsah\u00e1m, \u017ee odpov\u00edm na jakoukoliv ot\u00e1zku t\u00fdkaj\u00edc\u00ed se Karla nebo mne. Nebude existovat odpov\u011b\u010f: No comment, kterou odjak\u017eiva nesn\u00e1\u0161\u00edm,\u201c du\u0161uje se Felix. Co na to ale <a class=\"celebrity celebwiki\" href=\"https:\/\/celebwiki.blesk.cz\/osobnost\/433\/ivana-gottova\/\" target=\"_blank\" rel=\"nofollow noopener\">Ivana Gottov\u00e1<\/a> (50), kter\u00e1 p\u0159\u00edsn\u011b st\u0159e\u017e\u00ed Karl\u016fv odkaz? \u201eTak to netu\u0161\u00edm. J\u00e1 si o Karlovi ale m\u016f\u017eu \u0159\u00edkat co chci a kde chci. Znali jsme se p\u0159es 60 let,\u201c prohl\u00e1sil razantn\u011b <a class=\"celebrity celebwiki\" href=\"https:\/\/celebwiki.blesk.cz\/osobnost\/1948\/felix-slovacek\/\" target=\"_blank\" rel=\"nofollow noopener\">Slov\u00e1\u010dek<\/a> s t\u00edm, \u017ee si do toho nenech\u00e1 nik\u00fdm mluvit.<\/p>\n<p style=\"text-align: center;\">Nostalgick\u00fd Felix Slov\u00e1\u010dek: O\u017eiv\u00ed Ani\u010d\u010diny (\u202029) p\u00edsn\u011b<\/p>\n<p>    <a href=\"https:\/\/www.ahaonline.cz\/clanek\/zhave-drby\/232343\/strach-o-patrasovou-sili-okoli-se-boji-nejhorsiho.html\" rel=\"nofollow noopener\" target=\"_blank\"><\/p>\n<p>        <img decoding=\"async\" src=\"https:\/\/www.europesays.com\/cz\/wp-content\/uploads\/2026\/03\/1773388208_562_9706501.jpg\" alt=\"Strach o Patrasovou s\u00edl\u00ed: OKOL\u00cd SE BOJ\u00cd NEJHOR\u0160\u00cdHO\" title=\"Strach o Patrasovou s\u00edl\u00ed: OKOL\u00cd SE BOJ\u00cd NEJHOR\u0160\u00cdHO\" height=\"140\" width=\"220\" class=\"lazyload \" loading=\"lazy\" \/><\/p>\n<p>    <\/a><\/p>\n<p>V po\u0159adu div\u00e1k\u016fm bude i \u017eiv\u011b hr\u00e1t a s Gottov\u00fdm tajemn\u00edkem Janem Adamem (60) si tam budou zv\u00e1t i hosty, kte\u0159\u00ed m\u011bli se Slav\u00edkem n\u011bco spole\u010dn\u00e9ho. A nejen z bran\u017ee hudebn\u00ed. Jako prvn\u00ed to bude kucha\u0159 V\u00e1clav Mal\u00edk (76) z restaurace Zelen\u00e1 zahrada, kter\u00fd Gottovi va\u0159il \u010d\u00ednu u\u017e od roku 1970 v prvn\u00ed \u010d\u00ednsk\u00e9 restauraci u n\u00e1s ve Vodi\u010dkov\u011b ulici a ve sv\u00e9 hosp\u016fdce Mistrovi uva\u0159il i jeho obl\u00edben\u00e9 kung pao na oslavu jeho posledn\u00edch, 80. narozenin.<\/p>\n<p>KG nav\u017edy<\/p>\n<p>Po\u0159ad KG nav\u017edy startuje koncem b\u0159ezna a bude trvat 90 a\u017e 120 minut podle z\u00e1jmu div\u00e1k\u016f a po\u0159adatel\u016f. Odehr\u00e1vat se bude asi 10kr\u00e1t do m\u011bs\u00edce. Cena vstupenky se odhaduje na 450 a\u017e 500 korun. Besedovat se bude po divadlech, kultur\u00e1c\u00edch, klubech, ale i na z\u00e1mc\u00edch. U\u017e projevilo z\u00e1jem na 120 po\u0159adatel\u016f.<\/p>\n<p style=\"text-align: center;\">Felix Slov\u00e1\u010dek<\/p>\n<p>    <a href=\"https:\/\/www.ahaonline.cz\/clanek\/zhave-drby\/232291\/patrasova-prosi-rychtare-o-pomoc-je-ozrala-blbne-rika-slovacek.html\" rel=\"nofollow noopener\" target=\"_blank\"><\/p>\n<p>        <img decoding=\"async\" src=\"https:\/\/www.europesays.com\/cz\/wp-content\/uploads\/2026\/03\/1773388208_291_9773409-crop.jpg\" alt=\"Patrasov\u00e1 pros\u00ed Rycht\u00e1\u0159e o pomoc: Je o\u017eral\u00e1, blbne, \u0159\u00edk\u00e1 Slov\u00e1\u010dek\" title=\"Patrasov\u00e1 pros\u00ed Rycht\u00e1\u0159e o pomoc: Je o\u017eral\u00e1, blbne, \u0159\u00edk\u00e1 Slov\u00e1\u010dek\" height=\"140\" width=\"220\" class=\"lazyload \" loading=\"lazy\" \/><\/p>\n<p>    <\/a><\/p>\n","protected":false},"excerpt":{"rendered":"V po\u0159adu KG nav\u017edy bude odpov\u00eddat na v\u0161echny ot\u00e1zky, kter\u00e9 div\u00e1ky budou zaj\u00edmat &#8211; pr\u00fd i na ty&hellip;\n","protected":false},"author":2,"featured_media":22870,"comment_status":"","ping_status":"","sticky":false,"template":"","format":"standard","meta":{"footnotes":"","_share_on_mastodon":"0"},"categories":[14],"tags":[10937,79,2853,9338,8887,988,6625,2273,80,163],"class_list":["post-22869","post","type-post","status-publish","format-standard","has-post-thumbnail","category-zabava","tag-anna-slovackova","tag-entertainment","tag-felix-slovacek","tag-ivana-gottova","tag-karel-gott","tag-porad","tag-vdova","tag-vzpominky","tag-zabava","tag-zhave-drby"],"share_on_mastodon":{"url":"https:\/\/pubeurope.com\/@cz\/116220777147029111","error":""},"_links":{"self":[{"href":"https:\/\/www.europesays.com\/cz\/wp-json\/wp\/v2\/posts\/22869","targetHints":{"allow":["GET"]}}],"collection":[{"href":"https:\/\/www.europesays.com\/cz\/wp-json\/wp\/v2\/posts"}],"about":[{"href":"https:\/\/www.europesays.com\/cz\/wp-json\/wp\/v2\/types\/post"}],"author":[{"embeddable":true,"href":"https:\/\/www.europesays.com\/cz\/wp-json\/wp\/v2\/users\/2"}],"replies":[{"embeddable":true,"href":"https:\/\/www.europesays.com\/cz\/wp-json\/wp\/v2\/comments?post=22869"}],"version-history":[{"count":0,"href":"https:\/\/www.europesays.com\/cz\/wp-json\/wp\/v2\/posts\/22869\/revisions"}],"wp:featuredmedia":[{"embeddable":true,"href":"https:\/\/www.europesays.com\/cz\/wp-json\/wp\/v2\/media\/22870"}],"wp:attachment":[{"href":"https:\/\/www.europesays.com\/cz\/wp-json\/wp\/v2\/media?parent=22869"}],"wp:term":[{"taxonomy":"category","embeddable":true,"href":"https:\/\/www.europesays.com\/cz\/wp-json\/wp\/v2\/categories?post=22869"},{"taxonomy":"post_tag","embeddable":true,"href":"https:\/\/www.europesays.com\/cz\/wp-json\/wp\/v2\/tags?post=22869"}],"curies":[{"name":"wp","href":"https:\/\/api.w.org\/{rel}","templated":true}]}}